
			
				

					
				

			
		{"items":"\n\t\t\t\t\t\t\t\t\t\t\t\n<article id=\"post-8530\" class=\"wd-post blog-design-masonry blog-post-loop blog-style-bg wd-add-shadow wd-col post-8530 post type-post status-publish format-standard has-post-thumbnail hentry category-blog category-embalaje category-materiales-ecologicos\">\n\t<div class=\"article-inner\">\n\t\t\t\t\t<header class=\"entry-header\">\n\t\t\t\t\t\t\t\t\t<figure id=\"carousel-601\" class=\"entry-thumbnail\">\n\t\t\t\t\t\t\n\t\t\t\t\t\t\t<div class=\"post-img-wrapp\">\n\t\t\t\t\t\t\t\t<a href=\"https:\/\/alepak.com\/innovaciones-recientes-en-materiales-de-embalaje\/\">\n\t\t\t\t\t\t\t\t\t<img width=\"1024\" height=\"535\" src=\"https:\/\/alepak.com\/wp-content\/uploads\/Innovaciones-recientes-en-materiales-de-embalaje-20x10.png\" class=\"attachment-large size-large wd-lazy-load wd-lazy-fade\" alt=\"\" decoding=\"async\" fetchpriority=\"high\" srcset=\"\" sizes=\"(max-width: 1024px) 100vw, 1024px\" data-wood-src=\"https:\/\/alepak.com\/wp-content\/uploads\/Innovaciones-recientes-en-materiales-de-embalaje-1024x535.png\" data-srcset=\"https:\/\/alepak.com\/wp-content\/uploads\/Innovaciones-recientes-en-materiales-de-embalaje-1024x535.png 1024w, https:\/\/alepak.com\/wp-content\/uploads\/Innovaciones-recientes-en-materiales-de-embalaje-300x157.png 300w, https:\/\/alepak.com\/wp-content\/uploads\/Innovaciones-recientes-en-materiales-de-embalaje-768x401.png 768w, https:\/\/alepak.com\/wp-content\/uploads\/Innovaciones-recientes-en-materiales-de-embalaje-1536x802.png 1536w, https:\/\/alepak.com\/wp-content\/uploads\/Innovaciones-recientes-en-materiales-de-embalaje-2048x1070.png 2048w, https:\/\/alepak.com\/wp-content\/uploads\/Innovaciones-recientes-en-materiales-de-embalaje-600x313.png 600w, https:\/\/alepak.com\/wp-content\/uploads\/Innovaciones-recientes-en-materiales-de-embalaje-150x78.png 150w\" \/>\t\t\t\t\t\t\t\t<\/a>\n\t\t\t\t\t\t\t<\/div>\n\t\t\t\t\t\t\t<div class=\"post-image-mask\">\n\t\t\t\t\t\t\t\t<span><\/span>\n\t\t\t\t\t\t\t<\/div>\n\n\t\t\t\t\t\t\n\t\t\t\t\t<\/figure>\n\t\t\t\t\n\t\t\t\t\t\t\t\t\t\t\t\t<div class=\"post-date wd-post-date wd-style-with-bg\">\n\t\t\t\t<span class=\"post-date-day\">\n\t\t\t\t\t15\t\t\t\t<\/span>\n\t\t\t\t<span class=\"post-date-month\">\n\t\t\t\t\tAbr\t\t\t\t<\/span>\n\t\t\t<\/div>\n\t\t\t\t\t\t\n\t\t\t<\/header><!-- .entry-header -->\n\n\t\t<div class=\"article-body-container\">\n\t\t\t\n\t\t\t\t\t\t\t\t\t<div class=\"meta-categories-wrapp\"><div class=\"meta-post-categories wd-post-cat wd-style-with-bg\"><a href=\"https:\/\/alepak.com\/category\/blog\/\" rel=\"category tag\">Blog<\/a>, <a href=\"https:\/\/alepak.com\/category\/embalaje\/\" rel=\"category tag\">Embalaje<\/a>, <a href=\"https:\/\/alepak.com\/category\/materiales-ecologicos\/\" rel=\"category tag\">Materiales ecol\u00f3gicos<\/a><\/div><\/div>\n\t\t\t\t\n\t\t\t\t\t\t\t\t\t<h3 class=\"wd-entities-title title post-title\">\n\t\t\t\t\t\t<a href=\"https:\/\/alepak.com\/innovaciones-recientes-en-materiales-de-embalaje\/\" rel=\"bookmark\">Innovaciones recientes en materiales de embalaje<\/a>\n\t\t\t\t\t<\/h3>\n\t\t\t\t\n\t\t\t\t\t\t\t\t\t<div class=\"entry-meta wd-entry-meta\">\n\t\t\t\t\t\t\t\t\t<ul class=\"entry-meta-list\">\n\t\t\t\t\t\t\t\t\t<li class=\"modified-date\">\n\t\t\t\t\t\t\t\t<time class=\"updated\" datetime=\"2025-04-15T12:25:49-06:00\">\n\t\t\t15 de abril de 2025\t\t<\/time>\n\t\t\t\t\t\t\t<\/li>\n\n\t\t\t\t\t\n\t\t\t\t\t\t\t\t\t\t\t<li class=\"meta-author\">\n\t\t\t\t\t\t\t\t\t\t\t\t<span>By<\/span>\n\t\t\n\t\t\t\t\t<img alt='author-avatar' src=\"https:\/\/alepak.com\/wp-content\/themes\/woodmart\/images\/lazy.png\" data-wood-src='https:\/\/secure.gravatar.com\/avatar\/964beb613ce0ab3a5a350f262d6792fa1fbd1553f7a5b96614865583732f8c96?s=32&#038;d=mm&#038;r=g' srcset=\"\" data-srcset='https:\/\/secure.gravatar.com\/avatar\/964beb613ce0ab3a5a350f262d6792fa1fbd1553f7a5b96614865583732f8c96?s=64&#038;d=mm&#038;r=g 2x' class='wd-lazy-load wd-lazy-fade avatar avatar-32 photo' height='32' width='32' decoding='async'\/>\t\t\n\t\t<a href=\"https:\/\/alepak.com\/author\/alepak-2-2-2-2-2-2-2-2-2-2-2-2-2-2-2-2-2-2-2-2-2-3\/\" rel=\"author\">\n\t\t\t<span class=\"vcard author author_name\">\n\t\t\t\t<span class=\"fn\">Alepak<\/span>\n\t\t\t<\/span>\n\t\t<\/a>\n\t\t\t\t\t\t\t\t<\/li>\n\t\t\t\t\t\n\t\t\t\t\t\n\t\t\t\t\t\t\t\t\t\t\t<li class=\"meta-reply\">\n\t\t\t\t\t\t\t<a href=\"https:\/\/alepak.com\/innovaciones-recientes-en-materiales-de-embalaje\/#respond\"><span class=\"replies-count\">0<\/span> <span class=\"replies-count-label\">comments<\/span><\/a>\t\t\t\t\t\t<\/li>\n\t\t\t\t\t\t\t\t\t\t\t\t<\/ul>\n\t\t\t\t\t\t\t<\/div><!-- .entry-meta -->\n\t\t\t\t\t\t\t\t\t\t\t<div class=\"hovered-social-icons wd-tltp wd-tltp-top\">\n\t\t\t\t\t\t\t<div class=\"wd-tooltip-label\">\n\t\t\t\t\t\t\t\t\t\t\t<link rel=\"stylesheet\" id=\"wd-social-icons-css\" href=\"https:\/\/alepak.com\/wp-content\/themes\/woodmart\/css\/parts\/el-social-icons.min.css?ver=7.5.1\" type=\"text\/css\" media=\"all\" \/> \t\t\t\n\t\t\t<div class=\" wd-social-icons  icons-design-default icons-size-small color-scheme-light social-share social-form-circle text-center\">\n\n\t\t\t\t\n\t\t\t\t\t\t\t\t\t<a rel=\"noopener noreferrer nofollow\" href=\"https:\/\/www.facebook.com\/sharer\/sharer.php?u=https:\/\/alepak.com\/innovaciones-recientes-en-materiales-de-embalaje\/\" target=\"_blank\" class=\" wd-social-icon social-facebook\" aria-label=\"Facebook social link\">\n\t\t\t\t\t\t<span class=\"wd-icon\"><\/span>\n\t\t\t\t\t\t\t\t\t\t\t<\/a>\n\t\t\t\t\n\t\t\t\t\t\t\t\t\t<a rel=\"noopener noreferrer nofollow\" href=\"https:\/\/x.com\/share?url=https:\/\/alepak.com\/innovaciones-recientes-en-materiales-de-embalaje\/\" target=\"_blank\" class=\" wd-social-icon social-twitter\" aria-label=\"X social link\">\n\t\t\t\t\t\t<span class=\"wd-icon\"><\/span>\n\t\t\t\t\t\t\t\t\t\t\t<\/a>\n\t\t\t\t\n\t\t\t\t\n\t\t\t\t\n\t\t\t\t\n\t\t\t\t\t\t\t\t\t<a rel=\"noopener noreferrer nofollow\" href=\"https:\/\/pinterest.com\/pin\/create\/button\/?url=https:\/\/alepak.com\/innovaciones-recientes-en-materiales-de-embalaje\/&media=https:\/\/alepak.com\/wp-content\/uploads\/Innovaciones-recientes-en-materiales-de-embalaje.png&description=Innovaciones+recientes+en+materiales+de+embalaje\" target=\"_blank\" class=\" wd-social-icon social-pinterest\" aria-label=\"Pinterest social link\">\n\t\t\t\t\t\t<span class=\"wd-icon\"><\/span>\n\t\t\t\t\t\t\t\t\t\t\t<\/a>\n\t\t\t\t\n\t\t\t\t\n\t\t\t\t\t\t\t\t\t<a rel=\"noopener noreferrer nofollow\" href=\"https:\/\/www.linkedin.com\/shareArticle?mini=true&url=https:\/\/alepak.com\/innovaciones-recientes-en-materiales-de-embalaje\/\" target=\"_blank\" class=\" wd-social-icon social-linkedin\" aria-label=\"Linkedin social link\">\n\t\t\t\t\t\t<span class=\"wd-icon\"><\/span>\n\t\t\t\t\t\t\t\t\t\t\t<\/a>\n\t\t\t\t\n\t\t\t\t\n\t\t\t\t\n\t\t\t\t\n\t\t\t\t\n\t\t\t\t\n\t\t\t\t\n\t\t\t\t\n\t\t\t\t\n\t\t\t\t\n\t\t\t\t\t\t\t\t\n\t\t\t\t\t\t\t\t\n\t\t\t\t\n\t\t\t\t\n\t\t\t\t\t\t\t\t\t<a rel=\"noopener noreferrer nofollow\" href=\"https:\/\/telegram.me\/share\/url?url=https:\/\/alepak.com\/innovaciones-recientes-en-materiales-de-embalaje\/\" target=\"_blank\" class=\" wd-social-icon social-tg\" aria-label=\"Telegram social link\">\n\t\t\t\t\t\t<span class=\"wd-icon\"><\/span>\n\t\t\t\t\t\t\t\t\t\t\t<\/a>\n\t\t\t\t\t\t\t\t\n\t\t\t\t\n\t\t\t<\/div>\n\n\t\t\t\t\t\t\t\t\t<\/div>\n\t\t\t\t\t\t<\/div>\n\t\t\t\t\t\t\t\t\t\t\t\t\n\t\t\t\t\t\t\t\n\t\t\t\t                    <div class=\"entry-content wd-entry-content\">\n\t\t\t\t\t\t\nEl embalaje, tradicionalmente considerado como un simple medio de protecci\u00f3n o transporte, se ha t...\n\t\t\t\t\t\t\t\t\t\t\t<\/div><!-- .entry-content -->\n\t\t\t\t\n\t\t\t\t\t\t\t\t\t\t\t\t\t\t<p class=\"read-more-section\">\n\t\t\t\t\t\t<a class=\"btn-read-more more-link\" href=\"https:\/\/alepak.com\/innovaciones-recientes-en-materiales-de-embalaje\/\">Continue reading<\/a>\t\t\t\t\t<\/p>\n\t\t\t\t\t\t\t\t\t\t\t\n\t\t\t\n\t\t\t\t\t<\/div>\n\t<\/div>\n<\/article><!-- #post -->\n\n\n\t\t\t\t\t\t\t\t\t\t\t\n<article id=\"post-8523\" class=\"wd-post blog-design-masonry blog-post-loop blog-style-bg wd-add-shadow wd-col post-8523 post type-post status-publish format-standard has-post-thumbnail hentry category-blog category-embalaje category-reduccion\">\n\t<div class=\"article-inner\">\n\t\t\t\t\t<header class=\"entry-header\">\n\t\t\t\t\t\t\t\t\t<figure id=\"carousel-566\" class=\"entry-thumbnail\">\n\t\t\t\t\t\t\n\t\t\t\t\t\t\t<div class=\"post-img-wrapp\">\n\t\t\t\t\t\t\t\t<a href=\"https:\/\/alepak.com\/soluciones-sostenibles-que-generan-ahorro-a-largo-plazo\/\">\n\t\t\t\t\t\t\t\t\t<img width=\"1024\" height=\"535\" src=\"https:\/\/alepak.com\/wp-content\/uploads\/de-20x10.png\" class=\"attachment-large size-large wd-lazy-load wd-lazy-fade\" alt=\"Soluciones Sostenibles que Generan Ahorro a Largo Plazo\" decoding=\"async\" srcset=\"\" sizes=\"(max-width: 1024px) 100vw, 1024px\" data-wood-src=\"https:\/\/alepak.com\/wp-content\/uploads\/de-1024x535.png\" data-srcset=\"https:\/\/alepak.com\/wp-content\/uploads\/de-1024x535.png 1024w, https:\/\/alepak.com\/wp-content\/uploads\/de-300x157.png 300w, https:\/\/alepak.com\/wp-content\/uploads\/de-768x401.png 768w, https:\/\/alepak.com\/wp-content\/uploads\/de-1536x802.png 1536w, https:\/\/alepak.com\/wp-content\/uploads\/de-2048x1070.png 2048w, https:\/\/alepak.com\/wp-content\/uploads\/de-600x313.png 600w, https:\/\/alepak.com\/wp-content\/uploads\/de-150x78.png 150w\" \/>\t\t\t\t\t\t\t\t<\/a>\n\t\t\t\t\t\t\t<\/div>\n\t\t\t\t\t\t\t<div class=\"post-image-mask\">\n\t\t\t\t\t\t\t\t<span><\/span>\n\t\t\t\t\t\t\t<\/div>\n\n\t\t\t\t\t\t\n\t\t\t\t\t<\/figure>\n\t\t\t\t\n\t\t\t\t\t\t\t\t\t\t\t\t<div class=\"post-date wd-post-date wd-style-with-bg\">\n\t\t\t\t<span class=\"post-date-day\">\n\t\t\t\t\t01\t\t\t\t<\/span>\n\t\t\t\t<span class=\"post-date-month\">\n\t\t\t\t\tAbr\t\t\t\t<\/span>\n\t\t\t<\/div>\n\t\t\t\t\t\t\n\t\t\t<\/header><!-- .entry-header -->\n\n\t\t<div class=\"article-body-container\">\n\t\t\t\n\t\t\t\t\t\t\t\t\t<div class=\"meta-categories-wrapp\"><div class=\"meta-post-categories wd-post-cat wd-style-with-bg\"><a href=\"https:\/\/alepak.com\/category\/blog\/\" rel=\"category tag\">Blog<\/a>, <a href=\"https:\/\/alepak.com\/category\/embalaje\/\" rel=\"category tag\">Embalaje<\/a>, <a href=\"https:\/\/alepak.com\/category\/transporte\/reduccion\/\" rel=\"category tag\">Reducci\u00f3n<\/a><\/div><\/div>\n\t\t\t\t\n\t\t\t\t\t\t\t\t\t<h3 class=\"wd-entities-title title post-title\">\n\t\t\t\t\t\t<a href=\"https:\/\/alepak.com\/soluciones-sostenibles-que-generan-ahorro-a-largo-plazo\/\" rel=\"bookmark\">Soluciones Sostenibles que Generan Ahorro a Largo Plazo<\/a>\n\t\t\t\t\t<\/h3>\n\t\t\t\t\n\t\t\t\t\t\t\t\t\t<div class=\"entry-meta wd-entry-meta\">\n\t\t\t\t\t\t\t\t\t<ul class=\"entry-meta-list\">\n\t\t\t\t\t\t\t\t\t<li class=\"modified-date\">\n\t\t\t\t\t\t\t\t<time class=\"updated\" datetime=\"2025-04-15T13:05:02-06:00\">\n\t\t\t15 de abril de 2025\t\t<\/time>\n\t\t\t\t\t\t\t<\/li>\n\n\t\t\t\t\t\n\t\t\t\t\t\t\t\t\t\t\t<li class=\"meta-author\">\n\t\t\t\t\t\t\t\t\t\t\t\t<span>By<\/span>\n\t\t\n\t\t\t\t\t<img alt='author-avatar' src=\"https:\/\/alepak.com\/wp-content\/themes\/woodmart\/images\/lazy.png\" data-wood-src='https:\/\/secure.gravatar.com\/avatar\/964beb613ce0ab3a5a350f262d6792fa1fbd1553f7a5b96614865583732f8c96?s=32&#038;d=mm&#038;r=g' srcset=\"\" data-srcset='https:\/\/secure.gravatar.com\/avatar\/964beb613ce0ab3a5a350f262d6792fa1fbd1553f7a5b96614865583732f8c96?s=64&#038;d=mm&#038;r=g 2x' class='wd-lazy-load wd-lazy-fade avatar avatar-32 photo' height='32' width='32' loading='lazy' decoding='async'\/>\t\t\n\t\t<a href=\"https:\/\/alepak.com\/author\/alepak-2-2-2-2-2-2-2-2-2-2-2-2-2-2-2-2-2-2-2-2-2-3\/\" rel=\"author\">\n\t\t\t<span class=\"vcard author author_name\">\n\t\t\t\t<span class=\"fn\">Alepak<\/span>\n\t\t\t<\/span>\n\t\t<\/a>\n\t\t\t\t\t\t\t\t<\/li>\n\t\t\t\t\t\n\t\t\t\t\t\n\t\t\t\t\t\t\t\t\t\t\t<li class=\"meta-reply\">\n\t\t\t\t\t\t\t<a href=\"https:\/\/alepak.com\/soluciones-sostenibles-que-generan-ahorro-a-largo-plazo\/#respond\"><span class=\"replies-count\">0<\/span> <span class=\"replies-count-label\">comments<\/span><\/a>\t\t\t\t\t\t<\/li>\n\t\t\t\t\t\t\t\t\t\t\t\t<\/ul>\n\t\t\t\t\t\t\t<\/div><!-- .entry-meta -->\n\t\t\t\t\t\t\t\t\t\t\t<div class=\"hovered-social-icons wd-tltp wd-tltp-top\">\n\t\t\t\t\t\t\t<div class=\"wd-tooltip-label\">\n\t\t\t\t\t\t\t\t\n\t\t\t<div class=\" wd-social-icons  icons-design-default icons-size-small color-scheme-light social-share social-form-circle text-center\">\n\n\t\t\t\t\n\t\t\t\t\t\t\t\t\t<a rel=\"noopener noreferrer nofollow\" href=\"https:\/\/www.facebook.com\/sharer\/sharer.php?u=https:\/\/alepak.com\/soluciones-sostenibles-que-generan-ahorro-a-largo-plazo\/\" target=\"_blank\" class=\" wd-social-icon social-facebook\" aria-label=\"Facebook social link\">\n\t\t\t\t\t\t<span class=\"wd-icon\"><\/span>\n\t\t\t\t\t\t\t\t\t\t\t<\/a>\n\t\t\t\t\n\t\t\t\t\t\t\t\t\t<a rel=\"noopener noreferrer nofollow\" href=\"https:\/\/x.com\/share?url=https:\/\/alepak.com\/soluciones-sostenibles-que-generan-ahorro-a-largo-plazo\/\" target=\"_blank\" class=\" wd-social-icon social-twitter\" aria-label=\"X social link\">\n\t\t\t\t\t\t<span class=\"wd-icon\"><\/span>\n\t\t\t\t\t\t\t\t\t\t\t<\/a>\n\t\t\t\t\n\t\t\t\t\n\t\t\t\t\n\t\t\t\t\n\t\t\t\t\t\t\t\t\t<a rel=\"noopener noreferrer nofollow\" href=\"https:\/\/pinterest.com\/pin\/create\/button\/?url=https:\/\/alepak.com\/soluciones-sostenibles-que-generan-ahorro-a-largo-plazo\/&media=https:\/\/alepak.com\/wp-content\/uploads\/de.png&description=Soluciones+Sostenibles+que+Generan+Ahorro+a+Largo+Plazo\" target=\"_blank\" class=\" wd-social-icon social-pinterest\" aria-label=\"Pinterest social link\">\n\t\t\t\t\t\t<span class=\"wd-icon\"><\/span>\n\t\t\t\t\t\t\t\t\t\t\t<\/a>\n\t\t\t\t\n\t\t\t\t\n\t\t\t\t\t\t\t\t\t<a rel=\"noopener noreferrer nofollow\" href=\"https:\/\/www.linkedin.com\/shareArticle?mini=true&url=https:\/\/alepak.com\/soluciones-sostenibles-que-generan-ahorro-a-largo-plazo\/\" target=\"_blank\" class=\" wd-social-icon social-linkedin\" aria-label=\"Linkedin social link\">\n\t\t\t\t\t\t<span class=\"wd-icon\"><\/span>\n\t\t\t\t\t\t\t\t\t\t\t<\/a>\n\t\t\t\t\n\t\t\t\t\n\t\t\t\t\n\t\t\t\t\n\t\t\t\t\n\t\t\t\t\n\t\t\t\t\n\t\t\t\t\n\t\t\t\t\n\t\t\t\t\n\t\t\t\t\t\t\t\t\n\t\t\t\t\t\t\t\t\n\t\t\t\t\n\t\t\t\t\n\t\t\t\t\t\t\t\t\t<a rel=\"noopener noreferrer nofollow\" href=\"https:\/\/telegram.me\/share\/url?url=https:\/\/alepak.com\/soluciones-sostenibles-que-generan-ahorro-a-largo-plazo\/\" target=\"_blank\" class=\" wd-social-icon social-tg\" aria-label=\"Telegram social link\">\n\t\t\t\t\t\t<span class=\"wd-icon\"><\/span>\n\t\t\t\t\t\t\t\t\t\t\t<\/a>\n\t\t\t\t\t\t\t\t\n\t\t\t\t\n\t\t\t<\/div>\n\n\t\t\t\t\t\t\t\t\t<\/div>\n\t\t\t\t\t\t<\/div>\n\t\t\t\t\t\t\t\t\t\t\t\t\n\t\t\t\t\t\t\t\n\t\t\t\t                    <div class=\"entry-content wd-entry-content\">\n\t\t\t\t\t\t\nLa sostenibilidad en el embalaje ya no es solo una tendencia, sino una necesidad para las empresas...\n\t\t\t\t\t\t\t\t\t\t\t<\/div><!-- .entry-content -->\n\t\t\t\t\n\t\t\t\t\t\t\t\t\t\t\t\t\t\t<p class=\"read-more-section\">\n\t\t\t\t\t\t<a class=\"btn-read-more more-link\" href=\"https:\/\/alepak.com\/soluciones-sostenibles-que-generan-ahorro-a-largo-plazo\/\">Continue reading<\/a>\t\t\t\t\t<\/p>\n\t\t\t\t\t\t\t\t\t\t\t\n\t\t\t\n\t\t\t\t\t<\/div>\n\t<\/div>\n<\/article><!-- #post -->\n\n\n\t\t\t\t\t\t\t\t\t\t\t\n<article id=\"post-8519\" class=\"wd-post blog-design-masonry blog-post-loop blog-style-bg wd-add-shadow wd-col post-8519 post type-post status-publish format-standard has-post-thumbnail hentry category-automatizacion category-blog category-embalaje category-reduccion\">\n\t<div class=\"article-inner\">\n\t\t\t\t\t<header class=\"entry-header\">\n\t\t\t\t\t\t\t\t\t<figure id=\"carousel-178\" class=\"entry-thumbnail\">\n\t\t\t\t\t\t\n\t\t\t\t\t\t\t<div class=\"post-img-wrapp\">\n\t\t\t\t\t\t\t\t<a href=\"https:\/\/alepak.com\/beneficios-de-la-automatizacion-en-la-reduccion-de-costos\/\">\n\t\t\t\t\t\t\t\t\t<img width=\"1024\" height=\"535\" src=\"https:\/\/alepak.com\/wp-content\/uploads\/e-20x10.png\" class=\"attachment-large size-large wd-lazy-load wd-lazy-fade\" alt=\"Beneficios de la Automatizaci\u00f3n en la Reducci\u00f3n de Costos\" decoding=\"async\" loading=\"lazy\" srcset=\"\" sizes=\"auto, (max-width: 1024px) 100vw, 1024px\" data-wood-src=\"https:\/\/alepak.com\/wp-content\/uploads\/e-1024x535.png\" data-srcset=\"https:\/\/alepak.com\/wp-content\/uploads\/e-1024x535.png 1024w, https:\/\/alepak.com\/wp-content\/uploads\/e-300x157.png 300w, https:\/\/alepak.com\/wp-content\/uploads\/e-768x401.png 768w, https:\/\/alepak.com\/wp-content\/uploads\/e-1536x802.png 1536w, https:\/\/alepak.com\/wp-content\/uploads\/e-2048x1070.png 2048w, https:\/\/alepak.com\/wp-content\/uploads\/e-600x313.png 600w, https:\/\/alepak.com\/wp-content\/uploads\/e-150x78.png 150w\" \/>\t\t\t\t\t\t\t\t<\/a>\n\t\t\t\t\t\t\t<\/div>\n\t\t\t\t\t\t\t<div class=\"post-image-mask\">\n\t\t\t\t\t\t\t\t<span><\/span>\n\t\t\t\t\t\t\t<\/div>\n\n\t\t\t\t\t\t\n\t\t\t\t\t<\/figure>\n\t\t\t\t\n\t\t\t\t\t\t\t\t\t\t\t\t<div class=\"post-date wd-post-date wd-style-with-bg\">\n\t\t\t\t<span class=\"post-date-day\">\n\t\t\t\t\t01\t\t\t\t<\/span>\n\t\t\t\t<span class=\"post-date-month\">\n\t\t\t\t\tAbr\t\t\t\t<\/span>\n\t\t\t<\/div>\n\t\t\t\t\t\t\n\t\t\t<\/header><!-- .entry-header -->\n\n\t\t<div class=\"article-body-container\">\n\t\t\t\n\t\t\t\t\t\t\t\t\t<div class=\"meta-categories-wrapp\"><div class=\"meta-post-categories wd-post-cat wd-style-with-bg\"><a href=\"https:\/\/alepak.com\/category\/automatizacion\/\" rel=\"category tag\">Automatizaci\u00f3n<\/a>, <a href=\"https:\/\/alepak.com\/category\/blog\/\" rel=\"category tag\">Blog<\/a>, <a href=\"https:\/\/alepak.com\/category\/embalaje\/\" rel=\"category tag\">Embalaje<\/a>, <a href=\"https:\/\/alepak.com\/category\/transporte\/reduccion\/\" rel=\"category tag\">Reducci\u00f3n<\/a><\/div><\/div>\n\t\t\t\t\n\t\t\t\t\t\t\t\t\t<h3 class=\"wd-entities-title title post-title\">\n\t\t\t\t\t\t<a href=\"https:\/\/alepak.com\/beneficios-de-la-automatizacion-en-la-reduccion-de-costos\/\" rel=\"bookmark\">Beneficios de la Automatizaci\u00f3n en la Reducci\u00f3n de Costos<\/a>\n\t\t\t\t\t<\/h3>\n\t\t\t\t\n\t\t\t\t\t\t\t\t\t<div class=\"entry-meta wd-entry-meta\">\n\t\t\t\t\t\t\t\t\t<ul class=\"entry-meta-list\">\n\t\t\t\t\t\t\t\t\t<li class=\"modified-date\">\n\t\t\t\t\t\t\t\t<time class=\"updated\" datetime=\"2025-04-15T13:03:51-06:00\">\n\t\t\t15 de abril de 2025\t\t<\/time>\n\t\t\t\t\t\t\t<\/li>\n\n\t\t\t\t\t\n\t\t\t\t\t\t\t\t\t\t\t<li class=\"meta-author\">\n\t\t\t\t\t\t\t\t\t\t\t\t<span>By<\/span>\n\t\t\n\t\t\t\t\t<img alt='author-avatar' src=\"https:\/\/alepak.com\/wp-content\/themes\/woodmart\/images\/lazy.png\" data-wood-src='https:\/\/secure.gravatar.com\/avatar\/964beb613ce0ab3a5a350f262d6792fa1fbd1553f7a5b96614865583732f8c96?s=32&#038;d=mm&#038;r=g' srcset=\"\" data-srcset='https:\/\/secure.gravatar.com\/avatar\/964beb613ce0ab3a5a350f262d6792fa1fbd1553f7a5b96614865583732f8c96?s=64&#038;d=mm&#038;r=g 2x' class='wd-lazy-load wd-lazy-fade avatar avatar-32 photo' height='32' width='32' loading='lazy' decoding='async'\/>\t\t\n\t\t<a href=\"https:\/\/alepak.com\/author\/alepak-2-2-2-2-2-2-2-2-2-2-2-2-2-2-2-2-2-2-2-2-2-3\/\" rel=\"author\">\n\t\t\t<span class=\"vcard author author_name\">\n\t\t\t\t<span class=\"fn\">Alepak<\/span>\n\t\t\t<\/span>\n\t\t<\/a>\n\t\t\t\t\t\t\t\t<\/li>\n\t\t\t\t\t\n\t\t\t\t\t\n\t\t\t\t\t\t\t\t\t\t\t<li class=\"meta-reply\">\n\t\t\t\t\t\t\t<a href=\"https:\/\/alepak.com\/beneficios-de-la-automatizacion-en-la-reduccion-de-costos\/#respond\"><span class=\"replies-count\">0<\/span> <span class=\"replies-count-label\">comments<\/span><\/a>\t\t\t\t\t\t<\/li>\n\t\t\t\t\t\t\t\t\t\t\t\t<\/ul>\n\t\t\t\t\t\t\t<\/div><!-- .entry-meta -->\n\t\t\t\t\t\t\t\t\t\t\t<div class=\"hovered-social-icons wd-tltp wd-tltp-top\">\n\t\t\t\t\t\t\t<div class=\"wd-tooltip-label\">\n\t\t\t\t\t\t\t\t\n\t\t\t<div class=\" wd-social-icons  icons-design-default icons-size-small color-scheme-light social-share social-form-circle text-center\">\n\n\t\t\t\t\n\t\t\t\t\t\t\t\t\t<a rel=\"noopener noreferrer nofollow\" href=\"https:\/\/www.facebook.com\/sharer\/sharer.php?u=https:\/\/alepak.com\/beneficios-de-la-automatizacion-en-la-reduccion-de-costos\/\" target=\"_blank\" class=\" wd-social-icon social-facebook\" aria-label=\"Facebook social link\">\n\t\t\t\t\t\t<span class=\"wd-icon\"><\/span>\n\t\t\t\t\t\t\t\t\t\t\t<\/a>\n\t\t\t\t\n\t\t\t\t\t\t\t\t\t<a rel=\"noopener noreferrer nofollow\" href=\"https:\/\/x.com\/share?url=https:\/\/alepak.com\/beneficios-de-la-automatizacion-en-la-reduccion-de-costos\/\" target=\"_blank\" class=\" wd-social-icon social-twitter\" aria-label=\"X social link\">\n\t\t\t\t\t\t<span class=\"wd-icon\"><\/span>\n\t\t\t\t\t\t\t\t\t\t\t<\/a>\n\t\t\t\t\n\t\t\t\t\n\t\t\t\t\n\t\t\t\t\n\t\t\t\t\t\t\t\t\t<a rel=\"noopener noreferrer nofollow\" href=\"https:\/\/pinterest.com\/pin\/create\/button\/?url=https:\/\/alepak.com\/beneficios-de-la-automatizacion-en-la-reduccion-de-costos\/&media=https:\/\/alepak.com\/wp-content\/uploads\/e.png&description=Beneficios+de+la+Automatizaci%C3%B3n+en+la+Reducci%C3%B3n+de+Costos\" target=\"_blank\" class=\" wd-social-icon social-pinterest\" aria-label=\"Pinterest social link\">\n\t\t\t\t\t\t<span class=\"wd-icon\"><\/span>\n\t\t\t\t\t\t\t\t\t\t\t<\/a>\n\t\t\t\t\n\t\t\t\t\n\t\t\t\t\t\t\t\t\t<a rel=\"noopener noreferrer nofollow\" href=\"https:\/\/www.linkedin.com\/shareArticle?mini=true&url=https:\/\/alepak.com\/beneficios-de-la-automatizacion-en-la-reduccion-de-costos\/\" target=\"_blank\" class=\" wd-social-icon social-linkedin\" aria-label=\"Linkedin social link\">\n\t\t\t\t\t\t<span class=\"wd-icon\"><\/span>\n\t\t\t\t\t\t\t\t\t\t\t<\/a>\n\t\t\t\t\n\t\t\t\t\n\t\t\t\t\n\t\t\t\t\n\t\t\t\t\n\t\t\t\t\n\t\t\t\t\n\t\t\t\t\n\t\t\t\t\n\t\t\t\t\n\t\t\t\t\t\t\t\t\n\t\t\t\t\t\t\t\t\n\t\t\t\t\n\t\t\t\t\n\t\t\t\t\t\t\t\t\t<a rel=\"noopener noreferrer nofollow\" href=\"https:\/\/telegram.me\/share\/url?url=https:\/\/alepak.com\/beneficios-de-la-automatizacion-en-la-reduccion-de-costos\/\" target=\"_blank\" class=\" wd-social-icon social-tg\" aria-label=\"Telegram social link\">\n\t\t\t\t\t\t<span class=\"wd-icon\"><\/span>\n\t\t\t\t\t\t\t\t\t\t\t<\/a>\n\t\t\t\t\t\t\t\t\n\t\t\t\t\n\t\t\t<\/div>\n\n\t\t\t\t\t\t\t\t\t<\/div>\n\t\t\t\t\t\t<\/div>\n\t\t\t\t\t\t\t\t\t\t\t\t\n\t\t\t\t\t\t\t\n\t\t\t\t                    <div class=\"entry-content wd-entry-content\">\n\t\t\t\t\t\t\nLa automatizaci\u00f3n se ha convertido en un pilar fundamental para las empresas que buscan optimizar ...\n\t\t\t\t\t\t\t\t\t\t\t<\/div><!-- .entry-content -->\n\t\t\t\t\n\t\t\t\t\t\t\t\t\t\t\t\t\t\t<p class=\"read-more-section\">\n\t\t\t\t\t\t<a class=\"btn-read-more more-link\" href=\"https:\/\/alepak.com\/beneficios-de-la-automatizacion-en-la-reduccion-de-costos\/\">Continue reading<\/a>\t\t\t\t\t<\/p>\n\t\t\t\t\t\t\t\t\t\t\t\n\t\t\t\n\t\t\t\t\t<\/div>\n\t<\/div>\n<\/article><!-- #post -->\n\n\n\t\t\t\t\t\t\t\t\t\t\t\n<article id=\"post-8515\" class=\"wd-post blog-design-masonry blog-post-loop blog-style-bg wd-add-shadow wd-col post-8515 post type-post status-publish format-standard has-post-thumbnail hentry category-blog category-embalaje category-reduccion\">\n\t<div class=\"article-inner\">\n\t\t\t\t\t<header class=\"entry-header\">\n\t\t\t\t\t\t\t\t\t<figure id=\"carousel-646\" class=\"entry-thumbnail\">\n\t\t\t\t\t\t\n\t\t\t\t\t\t\t<div class=\"post-img-wrapp\">\n\t\t\t\t\t\t\t\t<a href=\"https:\/\/alepak.com\/como-reducir-costos-en-embalaje-sin-comprometer-la-calidad\/\">\n\t\t\t\t\t\t\t\t\t<img width=\"1024\" height=\"535\" src=\"https:\/\/alepak.com\/wp-content\/uploads\/unnamed-20x10.png\" class=\"attachment-large size-large wd-lazy-load wd-lazy-fade\" alt=\"C\u00f3mo Reducir Costos en Embalaje sin Comprometer la Calidad\" decoding=\"async\" loading=\"lazy\" srcset=\"\" sizes=\"auto, (max-width: 1024px) 100vw, 1024px\" data-wood-src=\"https:\/\/alepak.com\/wp-content\/uploads\/unnamed-1024x535.png\" data-srcset=\"https:\/\/alepak.com\/wp-content\/uploads\/unnamed-1024x535.png 1024w, https:\/\/alepak.com\/wp-content\/uploads\/unnamed-300x157.png 300w, https:\/\/alepak.com\/wp-content\/uploads\/unnamed-768x401.png 768w, https:\/\/alepak.com\/wp-content\/uploads\/unnamed-1536x802.png 1536w, https:\/\/alepak.com\/wp-content\/uploads\/unnamed-2048x1070.png 2048w, https:\/\/alepak.com\/wp-content\/uploads\/unnamed-600x313.png 600w, https:\/\/alepak.com\/wp-content\/uploads\/unnamed-150x78.png 150w\" \/>\t\t\t\t\t\t\t\t<\/a>\n\t\t\t\t\t\t\t<\/div>\n\t\t\t\t\t\t\t<div class=\"post-image-mask\">\n\t\t\t\t\t\t\t\t<span><\/span>\n\t\t\t\t\t\t\t<\/div>\n\n\t\t\t\t\t\t\n\t\t\t\t\t<\/figure>\n\t\t\t\t\n\t\t\t\t\t\t\t\t\t\t\t\t<div class=\"post-date wd-post-date wd-style-with-bg\">\n\t\t\t\t<span class=\"post-date-day\">\n\t\t\t\t\t01\t\t\t\t<\/span>\n\t\t\t\t<span class=\"post-date-month\">\n\t\t\t\t\tAbr\t\t\t\t<\/span>\n\t\t\t<\/div>\n\t\t\t\t\t\t\n\t\t\t<\/header><!-- .entry-header -->\n\n\t\t<div class=\"article-body-container\">\n\t\t\t\n\t\t\t\t\t\t\t\t\t<div class=\"meta-categories-wrapp\"><div class=\"meta-post-categories wd-post-cat wd-style-with-bg\"><a href=\"https:\/\/alepak.com\/category\/blog\/\" rel=\"category tag\">Blog<\/a>, <a href=\"https:\/\/alepak.com\/category\/embalaje\/\" rel=\"category tag\">Embalaje<\/a>, <a href=\"https:\/\/alepak.com\/category\/transporte\/reduccion\/\" rel=\"category tag\">Reducci\u00f3n<\/a><\/div><\/div>\n\t\t\t\t\n\t\t\t\t\t\t\t\t\t<h3 class=\"wd-entities-title title post-title\">\n\t\t\t\t\t\t<a href=\"https:\/\/alepak.com\/como-reducir-costos-en-embalaje-sin-comprometer-la-calidad\/\" rel=\"bookmark\">C\u00f3mo Reducir Costos en Embalaje sin Comprometer la Calidad<\/a>\n\t\t\t\t\t<\/h3>\n\t\t\t\t\n\t\t\t\t\t\t\t\t\t<div class=\"entry-meta wd-entry-meta\">\n\t\t\t\t\t\t\t\t\t<ul class=\"entry-meta-list\">\n\t\t\t\t\t\t\t\t\t<li class=\"modified-date\">\n\t\t\t\t\t\t\t\t<time class=\"updated\" datetime=\"2025-04-15T13:02:33-06:00\">\n\t\t\t15 de abril de 2025\t\t<\/time>\n\t\t\t\t\t\t\t<\/li>\n\n\t\t\t\t\t\n\t\t\t\t\t\t\t\t\t\t\t<li class=\"meta-author\">\n\t\t\t\t\t\t\t\t\t\t\t\t<span>By<\/span>\n\t\t\n\t\t\t\t\t<img alt='author-avatar' src=\"https:\/\/alepak.com\/wp-content\/themes\/woodmart\/images\/lazy.png\" data-wood-src='https:\/\/secure.gravatar.com\/avatar\/964beb613ce0ab3a5a350f262d6792fa1fbd1553f7a5b96614865583732f8c96?s=32&#038;d=mm&#038;r=g' srcset=\"\" data-srcset='https:\/\/secure.gravatar.com\/avatar\/964beb613ce0ab3a5a350f262d6792fa1fbd1553f7a5b96614865583732f8c96?s=64&#038;d=mm&#038;r=g 2x' class='wd-lazy-load wd-lazy-fade avatar avatar-32 photo' height='32' width='32' loading='lazy' decoding='async'\/>\t\t\n\t\t<a href=\"https:\/\/alepak.com\/author\/alepak-2-2-2-2-2-2-2-2-2-2-2-2-2-2-2-2-2-2-2-2-2-3\/\" rel=\"author\">\n\t\t\t<span class=\"vcard author author_name\">\n\t\t\t\t<span class=\"fn\">Alepak<\/span>\n\t\t\t<\/span>\n\t\t<\/a>\n\t\t\t\t\t\t\t\t<\/li>\n\t\t\t\t\t\n\t\t\t\t\t\n\t\t\t\t\t\t\t\t\t\t\t<li class=\"meta-reply\">\n\t\t\t\t\t\t\t<a href=\"https:\/\/alepak.com\/como-reducir-costos-en-embalaje-sin-comprometer-la-calidad\/#respond\"><span class=\"replies-count\">0<\/span> <span class=\"replies-count-label\">comments<\/span><\/a>\t\t\t\t\t\t<\/li>\n\t\t\t\t\t\t\t\t\t\t\t\t<\/ul>\n\t\t\t\t\t\t\t<\/div><!-- .entry-meta -->\n\t\t\t\t\t\t\t\t\t\t\t<div class=\"hovered-social-icons wd-tltp wd-tltp-top\">\n\t\t\t\t\t\t\t<div class=\"wd-tooltip-label\">\n\t\t\t\t\t\t\t\t\n\t\t\t<div class=\" wd-social-icons  icons-design-default icons-size-small color-scheme-light social-share social-form-circle text-center\">\n\n\t\t\t\t\n\t\t\t\t\t\t\t\t\t<a rel=\"noopener noreferrer nofollow\" href=\"https:\/\/www.facebook.com\/sharer\/sharer.php?u=https:\/\/alepak.com\/como-reducir-costos-en-embalaje-sin-comprometer-la-calidad\/\" target=\"_blank\" class=\" wd-social-icon social-facebook\" aria-label=\"Facebook social link\">\n\t\t\t\t\t\t<span class=\"wd-icon\"><\/span>\n\t\t\t\t\t\t\t\t\t\t\t<\/a>\n\t\t\t\t\n\t\t\t\t\t\t\t\t\t<a rel=\"noopener noreferrer nofollow\" href=\"https:\/\/x.com\/share?url=https:\/\/alepak.com\/como-reducir-costos-en-embalaje-sin-comprometer-la-calidad\/\" target=\"_blank\" class=\" wd-social-icon social-twitter\" aria-label=\"X social link\">\n\t\t\t\t\t\t<span class=\"wd-icon\"><\/span>\n\t\t\t\t\t\t\t\t\t\t\t<\/a>\n\t\t\t\t\n\t\t\t\t\n\t\t\t\t\n\t\t\t\t\n\t\t\t\t\t\t\t\t\t<a rel=\"noopener noreferrer nofollow\" href=\"https:\/\/pinterest.com\/pin\/create\/button\/?url=https:\/\/alepak.com\/como-reducir-costos-en-embalaje-sin-comprometer-la-calidad\/&media=https:\/\/alepak.com\/wp-content\/uploads\/unnamed.png&description=C%C3%B3mo+Reducir+Costos+en+Embalaje+sin+Comprometer+la+Calidad\" target=\"_blank\" class=\" wd-social-icon social-pinterest\" aria-label=\"Pinterest social link\">\n\t\t\t\t\t\t<span class=\"wd-icon\"><\/span>\n\t\t\t\t\t\t\t\t\t\t\t<\/a>\n\t\t\t\t\n\t\t\t\t\n\t\t\t\t\t\t\t\t\t<a rel=\"noopener noreferrer nofollow\" href=\"https:\/\/www.linkedin.com\/shareArticle?mini=true&url=https:\/\/alepak.com\/como-reducir-costos-en-embalaje-sin-comprometer-la-calidad\/\" target=\"_blank\" class=\" wd-social-icon social-linkedin\" aria-label=\"Linkedin social link\">\n\t\t\t\t\t\t<span class=\"wd-icon\"><\/span>\n\t\t\t\t\t\t\t\t\t\t\t<\/a>\n\t\t\t\t\n\t\t\t\t\n\t\t\t\t\n\t\t\t\t\n\t\t\t\t\n\t\t\t\t\n\t\t\t\t\n\t\t\t\t\n\t\t\t\t\n\t\t\t\t\n\t\t\t\t\t\t\t\t\n\t\t\t\t\t\t\t\t\n\t\t\t\t\n\t\t\t\t\n\t\t\t\t\t\t\t\t\t<a rel=\"noopener noreferrer nofollow\" href=\"https:\/\/telegram.me\/share\/url?url=https:\/\/alepak.com\/como-reducir-costos-en-embalaje-sin-comprometer-la-calidad\/\" target=\"_blank\" class=\" wd-social-icon social-tg\" aria-label=\"Telegram social link\">\n\t\t\t\t\t\t<span class=\"wd-icon\"><\/span>\n\t\t\t\t\t\t\t\t\t\t\t<\/a>\n\t\t\t\t\t\t\t\t\n\t\t\t\t\n\t\t\t<\/div>\n\n\t\t\t\t\t\t\t\t\t<\/div>\n\t\t\t\t\t\t<\/div>\n\t\t\t\t\t\t\t\t\t\t\t\t\n\t\t\t\t\t\t\t\n\t\t\t\t                    <div class=\"entry-content wd-entry-content\">\n\t\t\t\t\t\t\nEl embalaje es un factor clave en la log\u00edstica de cualquier empresa. No solo protege los productos...\n\t\t\t\t\t\t\t\t\t\t\t<\/div><!-- .entry-content -->\n\t\t\t\t\n\t\t\t\t\t\t\t\t\t\t\t\t\t\t<p class=\"read-more-section\">\n\t\t\t\t\t\t<a class=\"btn-read-more more-link\" href=\"https:\/\/alepak.com\/como-reducir-costos-en-embalaje-sin-comprometer-la-calidad\/\">Continue reading<\/a>\t\t\t\t\t<\/p>\n\t\t\t\t\t\t\t\t\t\t\t\n\t\t\t\n\t\t\t\t\t<\/div>\n\t<\/div>\n<\/article><!-- #post -->\n\n\n\t\t\t\t\t\t\t\t\t\t\t\n<article id=\"post-8503\" class=\"wd-post blog-design-masonry blog-post-loop blog-style-bg wd-add-shadow wd-col post-8503 post type-post status-publish format-standard has-post-thumbnail hentry category-blog category-embalaje category-empaque-protector\">\n\t<div class=\"article-inner\">\n\t\t\t\t\t<header class=\"entry-header\">\n\t\t\t\t\t\t\t\t\t<figure id=\"carousel-834\" class=\"entry-thumbnail\">\n\t\t\t\t\t\t\n\t\t\t\t\t\t\t<div class=\"post-img-wrapp\">\n\t\t\t\t\t\t\t\t<a href=\"https:\/\/alepak.com\/la-importancia-de-elegir-el-embalaje-adecuado-para-productos-fragiles\/\">\n\t\t\t\t\t\t\t\t\t<img width=\"1024\" height=\"535\" src=\"https:\/\/alepak.com\/wp-content\/uploads\/La-Importancia-de-Elegir-el-Embalaje-Adecuado-para-Productos-Fragiles-20x10.png\" class=\"attachment-large size-large wd-lazy-load wd-lazy-fade\" alt=\"\" decoding=\"async\" loading=\"lazy\" srcset=\"\" sizes=\"auto, (max-width: 1024px) 100vw, 1024px\" data-wood-src=\"https:\/\/alepak.com\/wp-content\/uploads\/La-Importancia-de-Elegir-el-Embalaje-Adecuado-para-Productos-Fragiles-1024x535.png\" data-srcset=\"https:\/\/alepak.com\/wp-content\/uploads\/La-Importancia-de-Elegir-el-Embalaje-Adecuado-para-Productos-Fragiles-1024x535.png 1024w, https:\/\/alepak.com\/wp-content\/uploads\/La-Importancia-de-Elegir-el-Embalaje-Adecuado-para-Productos-Fragiles-300x157.png 300w, https:\/\/alepak.com\/wp-content\/uploads\/La-Importancia-de-Elegir-el-Embalaje-Adecuado-para-Productos-Fragiles-768x401.png 768w, https:\/\/alepak.com\/wp-content\/uploads\/La-Importancia-de-Elegir-el-Embalaje-Adecuado-para-Productos-Fragiles-1536x802.png 1536w, https:\/\/alepak.com\/wp-content\/uploads\/La-Importancia-de-Elegir-el-Embalaje-Adecuado-para-Productos-Fragiles-2048x1070.png 2048w, https:\/\/alepak.com\/wp-content\/uploads\/La-Importancia-de-Elegir-el-Embalaje-Adecuado-para-Productos-Fragiles-600x313.png 600w, https:\/\/alepak.com\/wp-content\/uploads\/La-Importancia-de-Elegir-el-Embalaje-Adecuado-para-Productos-Fragiles-150x78.png 150w\" \/>\t\t\t\t\t\t\t\t<\/a>\n\t\t\t\t\t\t\t<\/div>\n\t\t\t\t\t\t\t<div class=\"post-image-mask\">\n\t\t\t\t\t\t\t\t<span><\/span>\n\t\t\t\t\t\t\t<\/div>\n\n\t\t\t\t\t\t\n\t\t\t\t\t<\/figure>\n\t\t\t\t\n\t\t\t\t\t\t\t\t\t\t\t\t<div class=\"post-date wd-post-date wd-style-with-bg\">\n\t\t\t\t<span class=\"post-date-day\">\n\t\t\t\t\t15\t\t\t\t<\/span>\n\t\t\t\t<span class=\"post-date-month\">\n\t\t\t\t\tMar\t\t\t\t<\/span>\n\t\t\t<\/div>\n\t\t\t\t\t\t\n\t\t\t<\/header><!-- .entry-header -->\n\n\t\t<div class=\"article-body-container\">\n\t\t\t\n\t\t\t\t\t\t\t\t\t<div class=\"meta-categories-wrapp\"><div class=\"meta-post-categories wd-post-cat wd-style-with-bg\"><a href=\"https:\/\/alepak.com\/category\/blog\/\" rel=\"category tag\">Blog<\/a>, <a href=\"https:\/\/alepak.com\/category\/embalaje\/\" rel=\"category tag\">Embalaje<\/a>, <a href=\"https:\/\/alepak.com\/category\/empaque-protector\/\" rel=\"category tag\">Empaque protector<\/a><\/div><\/div>\n\t\t\t\t\n\t\t\t\t\t\t\t\t\t<h3 class=\"wd-entities-title title post-title\">\n\t\t\t\t\t\t<a href=\"https:\/\/alepak.com\/la-importancia-de-elegir-el-embalaje-adecuado-para-productos-fragiles\/\" rel=\"bookmark\">La Importancia de Elegir el Embalaje Adecuado para Productos Fr\u00e1giles<\/a>\n\t\t\t\t\t<\/h3>\n\t\t\t\t\n\t\t\t\t\t\t\t\t\t<div class=\"entry-meta wd-entry-meta\">\n\t\t\t\t\t\t\t\t\t<ul class=\"entry-meta-list\">\n\t\t\t\t\t\t\t\t\t<li class=\"modified-date\">\n\t\t\t\t\t\t\t\t<time class=\"updated\" datetime=\"2025-03-22T10:20:40-06:00\">\n\t\t\t22 de marzo de 2025\t\t<\/time>\n\t\t\t\t\t\t\t<\/li>\n\n\t\t\t\t\t\n\t\t\t\t\t\t\t\t\t\t\t<li class=\"meta-author\">\n\t\t\t\t\t\t\t\t\t\t\t\t<span>By<\/span>\n\t\t\n\t\t\t\t\t<img alt='author-avatar' src=\"https:\/\/alepak.com\/wp-content\/themes\/woodmart\/images\/lazy.png\" data-wood-src='https:\/\/secure.gravatar.com\/avatar\/964beb613ce0ab3a5a350f262d6792fa1fbd1553f7a5b96614865583732f8c96?s=32&#038;d=mm&#038;r=g' srcset=\"\" data-srcset='https:\/\/secure.gravatar.com\/avatar\/964beb613ce0ab3a5a350f262d6792fa1fbd1553f7a5b96614865583732f8c96?s=64&#038;d=mm&#038;r=g 2x' class='wd-lazy-load wd-lazy-fade avatar avatar-32 photo' height='32' width='32' loading='lazy' decoding='async'\/>\t\t\n\t\t<a href=\"https:\/\/alepak.com\/author\/alepak-2-2-2-2-2-2-2-2-2-2-2-2-2-2-2-2-2-2-2-2-2-3\/\" rel=\"author\">\n\t\t\t<span class=\"vcard author author_name\">\n\t\t\t\t<span class=\"fn\">Alepak<\/span>\n\t\t\t<\/span>\n\t\t<\/a>\n\t\t\t\t\t\t\t\t<\/li>\n\t\t\t\t\t\n\t\t\t\t\t\n\t\t\t\t\t\t\t\t\t\t\t<li class=\"meta-reply\">\n\t\t\t\t\t\t\t<a href=\"https:\/\/alepak.com\/la-importancia-de-elegir-el-embalaje-adecuado-para-productos-fragiles\/#respond\"><span class=\"replies-count\">0<\/span> <span class=\"replies-count-label\">comments<\/span><\/a>\t\t\t\t\t\t<\/li>\n\t\t\t\t\t\t\t\t\t\t\t\t<\/ul>\n\t\t\t\t\t\t\t<\/div><!-- .entry-meta -->\n\t\t\t\t\t\t\t\t\t\t\t<div class=\"hovered-social-icons wd-tltp wd-tltp-top\">\n\t\t\t\t\t\t\t<div class=\"wd-tooltip-label\">\n\t\t\t\t\t\t\t\t\n\t\t\t<div class=\" wd-social-icons  icons-design-default icons-size-small color-scheme-light social-share social-form-circle text-center\">\n\n\t\t\t\t\n\t\t\t\t\t\t\t\t\t<a rel=\"noopener noreferrer nofollow\" href=\"https:\/\/www.facebook.com\/sharer\/sharer.php?u=https:\/\/alepak.com\/la-importancia-de-elegir-el-embalaje-adecuado-para-productos-fragiles\/\" target=\"_blank\" class=\" wd-social-icon social-facebook\" aria-label=\"Facebook social link\">\n\t\t\t\t\t\t<span class=\"wd-icon\"><\/span>\n\t\t\t\t\t\t\t\t\t\t\t<\/a>\n\t\t\t\t\n\t\t\t\t\t\t\t\t\t<a rel=\"noopener noreferrer nofollow\" href=\"https:\/\/x.com\/share?url=https:\/\/alepak.com\/la-importancia-de-elegir-el-embalaje-adecuado-para-productos-fragiles\/\" target=\"_blank\" class=\" wd-social-icon social-twitter\" aria-label=\"X social link\">\n\t\t\t\t\t\t<span class=\"wd-icon\"><\/span>\n\t\t\t\t\t\t\t\t\t\t\t<\/a>\n\t\t\t\t\n\t\t\t\t\n\t\t\t\t\n\t\t\t\t\n\t\t\t\t\t\t\t\t\t<a rel=\"noopener noreferrer nofollow\" href=\"https:\/\/pinterest.com\/pin\/create\/button\/?url=https:\/\/alepak.com\/la-importancia-de-elegir-el-embalaje-adecuado-para-productos-fragiles\/&media=https:\/\/alepak.com\/wp-content\/uploads\/La-Importancia-de-Elegir-el-Embalaje-Adecuado-para-Productos-Fragiles.png&description=La+Importancia+de+Elegir+el+Embalaje+Adecuado+para+Productos+Fr%C3%A1giles\" target=\"_blank\" class=\" wd-social-icon social-pinterest\" aria-label=\"Pinterest social link\">\n\t\t\t\t\t\t<span class=\"wd-icon\"><\/span>\n\t\t\t\t\t\t\t\t\t\t\t<\/a>\n\t\t\t\t\n\t\t\t\t\n\t\t\t\t\t\t\t\t\t<a rel=\"noopener noreferrer nofollow\" href=\"https:\/\/www.linkedin.com\/shareArticle?mini=true&url=https:\/\/alepak.com\/la-importancia-de-elegir-el-embalaje-adecuado-para-productos-fragiles\/\" target=\"_blank\" class=\" wd-social-icon social-linkedin\" aria-label=\"Linkedin social link\">\n\t\t\t\t\t\t<span class=\"wd-icon\"><\/span>\n\t\t\t\t\t\t\t\t\t\t\t<\/a>\n\t\t\t\t\n\t\t\t\t\n\t\t\t\t\n\t\t\t\t\n\t\t\t\t\n\t\t\t\t\n\t\t\t\t\n\t\t\t\t\n\t\t\t\t\n\t\t\t\t\n\t\t\t\t\t\t\t\t\n\t\t\t\t\t\t\t\t\n\t\t\t\t\n\t\t\t\t\n\t\t\t\t\t\t\t\t\t<a rel=\"noopener noreferrer nofollow\" href=\"https:\/\/telegram.me\/share\/url?url=https:\/\/alepak.com\/la-importancia-de-elegir-el-embalaje-adecuado-para-productos-fragiles\/\" target=\"_blank\" class=\" wd-social-icon social-tg\" aria-label=\"Telegram social link\">\n\t\t\t\t\t\t<span class=\"wd-icon\"><\/span>\n\t\t\t\t\t\t\t\t\t\t\t<\/a>\n\t\t\t\t\t\t\t\t\n\t\t\t\t\n\t\t\t<\/div>\n\n\t\t\t\t\t\t\t\t\t<\/div>\n\t\t\t\t\t\t<\/div>\n\t\t\t\t\t\t\t\t\t\t\t\t\n\t\t\t\t\t\t\t\n\t\t\t\t                    <div class=\"entry-content wd-entry-content\">\n\t\t\t\t\t\t\nEl embalaje es una de las decisiones m\u00e1s cr\u00edticas en la log\u00edstica de cualquier empresa, especialme...\n\t\t\t\t\t\t\t\t\t\t\t<\/div><!-- .entry-content -->\n\t\t\t\t\n\t\t\t\t\t\t\t\t\t\t\t\t\t\t<p class=\"read-more-section\">\n\t\t\t\t\t\t<a class=\"btn-read-more more-link\" href=\"https:\/\/alepak.com\/la-importancia-de-elegir-el-embalaje-adecuado-para-productos-fragiles\/\">Continue reading<\/a>\t\t\t\t\t<\/p>\n\t\t\t\t\t\t\t\t\t\t\t\n\t\t\t\n\t\t\t\t\t<\/div>\n\t<\/div>\n<\/article><!-- #post -->\n\n\n\t\t\t\t\t\t\t\t\t\t\t\n<article id=\"post-8501\" class=\"wd-post blog-design-masonry blog-post-loop blog-style-bg wd-add-shadow wd-col post-8501 post type-post status-publish format-standard has-post-thumbnail hentry category-blog category-empaque-protector category-tendencias\">\n\t<div class=\"article-inner\">\n\t\t\t\t\t<header class=\"entry-header\">\n\t\t\t\t\t\t\t\t\t<figure id=\"carousel-412\" class=\"entry-thumbnail\">\n\t\t\t\t\t\t\n\t\t\t\t\t\t\t<div class=\"post-img-wrapp\">\n\t\t\t\t\t\t\t\t<a href=\"https:\/\/alepak.com\/tendencias-en-empaques-protectores\/\">\n\t\t\t\t\t\t\t\t\t<img width=\"1024\" height=\"535\" src=\"https:\/\/alepak.com\/wp-content\/uploads\/Tendencias-en-Empaques-Protectores-20x10.png\" class=\"attachment-large size-large wd-lazy-load wd-lazy-fade\" alt=\"\" decoding=\"async\" loading=\"lazy\" srcset=\"\" sizes=\"auto, (max-width: 1024px) 100vw, 1024px\" data-wood-src=\"https:\/\/alepak.com\/wp-content\/uploads\/Tendencias-en-Empaques-Protectores-1024x535.png\" data-srcset=\"https:\/\/alepak.com\/wp-content\/uploads\/Tendencias-en-Empaques-Protectores-1024x535.png 1024w, https:\/\/alepak.com\/wp-content\/uploads\/Tendencias-en-Empaques-Protectores-300x157.png 300w, https:\/\/alepak.com\/wp-content\/uploads\/Tendencias-en-Empaques-Protectores-768x401.png 768w, https:\/\/alepak.com\/wp-content\/uploads\/Tendencias-en-Empaques-Protectores-1536x802.png 1536w, https:\/\/alepak.com\/wp-content\/uploads\/Tendencias-en-Empaques-Protectores-2048x1070.png 2048w, https:\/\/alepak.com\/wp-content\/uploads\/Tendencias-en-Empaques-Protectores-600x313.png 600w, https:\/\/alepak.com\/wp-content\/uploads\/Tendencias-en-Empaques-Protectores-150x78.png 150w\" \/>\t\t\t\t\t\t\t\t<\/a>\n\t\t\t\t\t\t\t<\/div>\n\t\t\t\t\t\t\t<div class=\"post-image-mask\">\n\t\t\t\t\t\t\t\t<span><\/span>\n\t\t\t\t\t\t\t<\/div>\n\n\t\t\t\t\t\t\n\t\t\t\t\t<\/figure>\n\t\t\t\t\n\t\t\t\t\t\t\t\t\t\t\t\t<div class=\"post-date wd-post-date wd-style-with-bg\">\n\t\t\t\t<span class=\"post-date-day\">\n\t\t\t\t\t15\t\t\t\t<\/span>\n\t\t\t\t<span class=\"post-date-month\">\n\t\t\t\t\tMar\t\t\t\t<\/span>\n\t\t\t<\/div>\n\t\t\t\t\t\t\n\t\t\t<\/header><!-- .entry-header -->\n\n\t\t<div class=\"article-body-container\">\n\t\t\t\n\t\t\t\t\t\t\t\t\t<div class=\"meta-categories-wrapp\"><div class=\"meta-post-categories wd-post-cat wd-style-with-bg\"><a href=\"https:\/\/alepak.com\/category\/blog\/\" rel=\"category tag\">Blog<\/a>, <a href=\"https:\/\/alepak.com\/category\/empaque-protector\/\" rel=\"category tag\">Empaque protector<\/a>, <a href=\"https:\/\/alepak.com\/category\/tendencias\/\" rel=\"category tag\">Tendencias<\/a><\/div><\/div>\n\t\t\t\t\n\t\t\t\t\t\t\t\t\t<h3 class=\"wd-entities-title title post-title\">\n\t\t\t\t\t\t<a href=\"https:\/\/alepak.com\/tendencias-en-empaques-protectores\/\" rel=\"bookmark\">Tendencias en Empaques Protectores<\/a>\n\t\t\t\t\t<\/h3>\n\t\t\t\t\n\t\t\t\t\t\t\t\t\t<div class=\"entry-meta wd-entry-meta\">\n\t\t\t\t\t\t\t\t\t<ul class=\"entry-meta-list\">\n\t\t\t\t\t\t\t\t\t<li class=\"modified-date\">\n\t\t\t\t\t\t\t\t<time class=\"updated\" datetime=\"2025-03-22T10:23:56-06:00\">\n\t\t\t22 de marzo de 2025\t\t<\/time>\n\t\t\t\t\t\t\t<\/li>\n\n\t\t\t\t\t\n\t\t\t\t\t\t\t\t\t\t\t<li class=\"meta-author\">\n\t\t\t\t\t\t\t\t\t\t\t\t<span>By<\/span>\n\t\t\n\t\t\t\t\t<img alt='author-avatar' src=\"https:\/\/alepak.com\/wp-content\/themes\/woodmart\/images\/lazy.png\" data-wood-src='https:\/\/secure.gravatar.com\/avatar\/964beb613ce0ab3a5a350f262d6792fa1fbd1553f7a5b96614865583732f8c96?s=32&#038;d=mm&#038;r=g' srcset=\"\" data-srcset='https:\/\/secure.gravatar.com\/avatar\/964beb613ce0ab3a5a350f262d6792fa1fbd1553f7a5b96614865583732f8c96?s=64&#038;d=mm&#038;r=g 2x' class='wd-lazy-load wd-lazy-fade avatar avatar-32 photo' height='32' width='32' loading='lazy' decoding='async'\/>\t\t\n\t\t<a href=\"https:\/\/alepak.com\/author\/alepak-2-2-2-2-2-2-2-2-2-2-2-2-2-2-2-2-2-2-2-2-2-3\/\" rel=\"author\">\n\t\t\t<span class=\"vcard author author_name\">\n\t\t\t\t<span class=\"fn\">Alepak<\/span>\n\t\t\t<\/span>\n\t\t<\/a>\n\t\t\t\t\t\t\t\t<\/li>\n\t\t\t\t\t\n\t\t\t\t\t\n\t\t\t\t\t\t\t\t\t\t\t<li class=\"meta-reply\">\n\t\t\t\t\t\t\t<a href=\"https:\/\/alepak.com\/tendencias-en-empaques-protectores\/#respond\"><span class=\"replies-count\">0<\/span> <span class=\"replies-count-label\">comments<\/span><\/a>\t\t\t\t\t\t<\/li>\n\t\t\t\t\t\t\t\t\t\t\t\t<\/ul>\n\t\t\t\t\t\t\t<\/div><!-- .entry-meta -->\n\t\t\t\t\t\t\t\t\t\t\t<div class=\"hovered-social-icons wd-tltp wd-tltp-top\">\n\t\t\t\t\t\t\t<div class=\"wd-tooltip-label\">\n\t\t\t\t\t\t\t\t\n\t\t\t<div class=\" wd-social-icons  icons-design-default icons-size-small color-scheme-light social-share social-form-circle text-center\">\n\n\t\t\t\t\n\t\t\t\t\t\t\t\t\t<a rel=\"noopener noreferrer nofollow\" href=\"https:\/\/www.facebook.com\/sharer\/sharer.php?u=https:\/\/alepak.com\/tendencias-en-empaques-protectores\/\" target=\"_blank\" class=\" wd-social-icon social-facebook\" aria-label=\"Facebook social link\">\n\t\t\t\t\t\t<span class=\"wd-icon\"><\/span>\n\t\t\t\t\t\t\t\t\t\t\t<\/a>\n\t\t\t\t\n\t\t\t\t\t\t\t\t\t<a rel=\"noopener noreferrer nofollow\" href=\"https:\/\/x.com\/share?url=https:\/\/alepak.com\/tendencias-en-empaques-protectores\/\" target=\"_blank\" class=\" wd-social-icon social-twitter\" aria-label=\"X social link\">\n\t\t\t\t\t\t<span class=\"wd-icon\"><\/span>\n\t\t\t\t\t\t\t\t\t\t\t<\/a>\n\t\t\t\t\n\t\t\t\t\n\t\t\t\t\n\t\t\t\t\n\t\t\t\t\t\t\t\t\t<a rel=\"noopener noreferrer nofollow\" href=\"https:\/\/pinterest.com\/pin\/create\/button\/?url=https:\/\/alepak.com\/tendencias-en-empaques-protectores\/&media=https:\/\/alepak.com\/wp-content\/uploads\/Tendencias-en-Empaques-Protectores.png&description=Tendencias+en+Empaques+Protectores\" target=\"_blank\" class=\" wd-social-icon social-pinterest\" aria-label=\"Pinterest social link\">\n\t\t\t\t\t\t<span class=\"wd-icon\"><\/span>\n\t\t\t\t\t\t\t\t\t\t\t<\/a>\n\t\t\t\t\n\t\t\t\t\n\t\t\t\t\t\t\t\t\t<a rel=\"noopener noreferrer nofollow\" href=\"https:\/\/www.linkedin.com\/shareArticle?mini=true&url=https:\/\/alepak.com\/tendencias-en-empaques-protectores\/\" target=\"_blank\" class=\" wd-social-icon social-linkedin\" aria-label=\"Linkedin social link\">\n\t\t\t\t\t\t<span class=\"wd-icon\"><\/span>\n\t\t\t\t\t\t\t\t\t\t\t<\/a>\n\t\t\t\t\n\t\t\t\t\n\t\t\t\t\n\t\t\t\t\n\t\t\t\t\n\t\t\t\t\n\t\t\t\t\n\t\t\t\t\n\t\t\t\t\n\t\t\t\t\n\t\t\t\t\t\t\t\t\n\t\t\t\t\t\t\t\t\n\t\t\t\t\n\t\t\t\t\n\t\t\t\t\t\t\t\t\t<a rel=\"noopener noreferrer nofollow\" href=\"https:\/\/telegram.me\/share\/url?url=https:\/\/alepak.com\/tendencias-en-empaques-protectores\/\" target=\"_blank\" class=\" wd-social-icon social-tg\" aria-label=\"Telegram social link\">\n\t\t\t\t\t\t<span class=\"wd-icon\"><\/span>\n\t\t\t\t\t\t\t\t\t\t\t<\/a>\n\t\t\t\t\t\t\t\t\n\t\t\t\t\n\t\t\t<\/div>\n\n\t\t\t\t\t\t\t\t\t<\/div>\n\t\t\t\t\t\t<\/div>\n\t\t\t\t\t\t\t\t\t\t\t\t\n\t\t\t\t\t\t\t\n\t\t\t\t                    <div class=\"entry-content wd-entry-content\">\n\t\t\t\t\t\t\nEl embalaje protector ha evolucionado significativamente en los \u00faltimos a\u00f1os, impulsado por la cre...\n\t\t\t\t\t\t\t\t\t\t\t<\/div><!-- .entry-content -->\n\t\t\t\t\n\t\t\t\t\t\t\t\t\t\t\t\t\t\t<p class=\"read-more-section\">\n\t\t\t\t\t\t<a class=\"btn-read-more more-link\" href=\"https:\/\/alepak.com\/tendencias-en-empaques-protectores\/\">Continue reading<\/a>\t\t\t\t\t<\/p>\n\t\t\t\t\t\t\t\t\t\t\t\n\t\t\t\n\t\t\t\t\t<\/div>\n\t<\/div>\n<\/article><!-- #post -->\n\n\n\t\t\t\t\t\t\t\t\t\t\t\n<article id=\"post-8498\" class=\"wd-post blog-design-masonry blog-post-loop blog-style-bg wd-add-shadow wd-col post-8498 post type-post status-publish format-standard has-post-thumbnail hentry category-blog category-reduccion category-transporte tag-transporte\">\n\t<div class=\"article-inner\">\n\t\t\t\t\t<header class=\"entry-header\">\n\t\t\t\t\t\t\t\t\t<figure id=\"carousel-579\" class=\"entry-thumbnail\">\n\t\t\t\t\t\t\n\t\t\t\t\t\t\t<div class=\"post-img-wrapp\">\n\t\t\t\t\t\t\t\t<a href=\"https:\/\/alepak.com\/casos-de-exito-en-la-reduccion-de-danos-durante-el-transporte\/\">\n\t\t\t\t\t\t\t\t\t<img width=\"1024\" height=\"535\" src=\"https:\/\/alepak.com\/wp-content\/uploads\/Casos-de-Exito-en-la-Reduccion-de-Danos-Durante-el-Transporte-20x10.png\" class=\"attachment-large size-large wd-lazy-load wd-lazy-fade\" alt=\"\" decoding=\"async\" loading=\"lazy\" srcset=\"\" sizes=\"auto, (max-width: 1024px) 100vw, 1024px\" data-wood-src=\"https:\/\/alepak.com\/wp-content\/uploads\/Casos-de-Exito-en-la-Reduccion-de-Danos-Durante-el-Transporte-1024x535.png\" data-srcset=\"https:\/\/alepak.com\/wp-content\/uploads\/Casos-de-Exito-en-la-Reduccion-de-Danos-Durante-el-Transporte-1024x535.png 1024w, https:\/\/alepak.com\/wp-content\/uploads\/Casos-de-Exito-en-la-Reduccion-de-Danos-Durante-el-Transporte-300x157.png 300w, https:\/\/alepak.com\/wp-content\/uploads\/Casos-de-Exito-en-la-Reduccion-de-Danos-Durante-el-Transporte-768x401.png 768w, https:\/\/alepak.com\/wp-content\/uploads\/Casos-de-Exito-en-la-Reduccion-de-Danos-Durante-el-Transporte-1536x802.png 1536w, https:\/\/alepak.com\/wp-content\/uploads\/Casos-de-Exito-en-la-Reduccion-de-Danos-Durante-el-Transporte-2048x1070.png 2048w, https:\/\/alepak.com\/wp-content\/uploads\/Casos-de-Exito-en-la-Reduccion-de-Danos-Durante-el-Transporte-600x313.png 600w, https:\/\/alepak.com\/wp-content\/uploads\/Casos-de-Exito-en-la-Reduccion-de-Danos-Durante-el-Transporte-150x78.png 150w\" \/>\t\t\t\t\t\t\t\t<\/a>\n\t\t\t\t\t\t\t<\/div>\n\t\t\t\t\t\t\t<div class=\"post-image-mask\">\n\t\t\t\t\t\t\t\t<span><\/span>\n\t\t\t\t\t\t\t<\/div>\n\n\t\t\t\t\t\t\n\t\t\t\t\t<\/figure>\n\t\t\t\t\n\t\t\t\t\t\t\t\t\t\t\t\t<div class=\"post-date wd-post-date wd-style-with-bg\">\n\t\t\t\t<span class=\"post-date-day\">\n\t\t\t\t\t15\t\t\t\t<\/span>\n\t\t\t\t<span class=\"post-date-month\">\n\t\t\t\t\tMar\t\t\t\t<\/span>\n\t\t\t<\/div>\n\t\t\t\t\t\t\n\t\t\t<\/header><!-- .entry-header -->\n\n\t\t<div class=\"article-body-container\">\n\t\t\t\n\t\t\t\t\t\t\t\t\t<div class=\"meta-categories-wrapp\"><div class=\"meta-post-categories wd-post-cat wd-style-with-bg\"><a href=\"https:\/\/alepak.com\/category\/blog\/\" rel=\"category tag\">Blog<\/a>, <a href=\"https:\/\/alepak.com\/category\/transporte\/reduccion\/\" rel=\"category tag\">Reducci\u00f3n<\/a>, <a href=\"https:\/\/alepak.com\/category\/transporte\/\" rel=\"category tag\">Transporte<\/a><\/div><\/div>\n\t\t\t\t\n\t\t\t\t\t\t\t\t\t<h3 class=\"wd-entities-title title post-title\">\n\t\t\t\t\t\t<a href=\"https:\/\/alepak.com\/casos-de-exito-en-la-reduccion-de-danos-durante-el-transporte\/\" rel=\"bookmark\">Casos de \u00c9xito en la Reducci\u00f3n de Da\u00f1os Durante el Transporte<\/a>\n\t\t\t\t\t<\/h3>\n\t\t\t\t\n\t\t\t\t\t\t\t\t\t<div class=\"entry-meta wd-entry-meta\">\n\t\t\t\t\t\t\t\t\t<ul class=\"entry-meta-list\">\n\t\t\t\t\t\t\t\t\t<li class=\"modified-date\">\n\t\t\t\t\t\t\t\t<time class=\"updated\" datetime=\"2025-03-22T10:25:51-06:00\">\n\t\t\t22 de marzo de 2025\t\t<\/time>\n\t\t\t\t\t\t\t<\/li>\n\n\t\t\t\t\t\n\t\t\t\t\t\t\t\t\t\t\t<li class=\"meta-author\">\n\t\t\t\t\t\t\t\t\t\t\t\t<span>By<\/span>\n\t\t\n\t\t\t\t\t<img alt='author-avatar' src=\"https:\/\/alepak.com\/wp-content\/themes\/woodmart\/images\/lazy.png\" data-wood-src='https:\/\/secure.gravatar.com\/avatar\/964beb613ce0ab3a5a350f262d6792fa1fbd1553f7a5b96614865583732f8c96?s=32&#038;d=mm&#038;r=g' srcset=\"\" data-srcset='https:\/\/secure.gravatar.com\/avatar\/964beb613ce0ab3a5a350f262d6792fa1fbd1553f7a5b96614865583732f8c96?s=64&#038;d=mm&#038;r=g 2x' class='wd-lazy-load wd-lazy-fade avatar avatar-32 photo' height='32' width='32' loading='lazy' decoding='async'\/>\t\t\n\t\t<a href=\"https:\/\/alepak.com\/author\/alepak-2-2-2-2-2-2-2-2-2-2-2-2-2-2-2-2-2-2-2-2-2-3\/\" rel=\"author\">\n\t\t\t<span class=\"vcard author author_name\">\n\t\t\t\t<span class=\"fn\">Alepak<\/span>\n\t\t\t<\/span>\n\t\t<\/a>\n\t\t\t\t\t\t\t\t<\/li>\n\t\t\t\t\t\n\t\t\t\t\t\n\t\t\t\t\t\t\t\t\t\t\t<li class=\"meta-reply\">\n\t\t\t\t\t\t\t<a href=\"https:\/\/alepak.com\/casos-de-exito-en-la-reduccion-de-danos-durante-el-transporte\/#respond\"><span class=\"replies-count\">0<\/span> <span class=\"replies-count-label\">comments<\/span><\/a>\t\t\t\t\t\t<\/li>\n\t\t\t\t\t\t\t\t\t\t\t\t<\/ul>\n\t\t\t\t\t\t\t<\/div><!-- .entry-meta -->\n\t\t\t\t\t\t\t\t\t\t\t<div class=\"hovered-social-icons wd-tltp wd-tltp-top\">\n\t\t\t\t\t\t\t<div class=\"wd-tooltip-label\">\n\t\t\t\t\t\t\t\t\n\t\t\t<div class=\" wd-social-icons  icons-design-default icons-size-small color-scheme-light social-share social-form-circle text-center\">\n\n\t\t\t\t\n\t\t\t\t\t\t\t\t\t<a rel=\"noopener noreferrer nofollow\" href=\"https:\/\/www.facebook.com\/sharer\/sharer.php?u=https:\/\/alepak.com\/casos-de-exito-en-la-reduccion-de-danos-durante-el-transporte\/\" target=\"_blank\" class=\" wd-social-icon social-facebook\" aria-label=\"Facebook social link\">\n\t\t\t\t\t\t<span class=\"wd-icon\"><\/span>\n\t\t\t\t\t\t\t\t\t\t\t<\/a>\n\t\t\t\t\n\t\t\t\t\t\t\t\t\t<a rel=\"noopener noreferrer nofollow\" href=\"https:\/\/x.com\/share?url=https:\/\/alepak.com\/casos-de-exito-en-la-reduccion-de-danos-durante-el-transporte\/\" target=\"_blank\" class=\" wd-social-icon social-twitter\" aria-label=\"X social link\">\n\t\t\t\t\t\t<span class=\"wd-icon\"><\/span>\n\t\t\t\t\t\t\t\t\t\t\t<\/a>\n\t\t\t\t\n\t\t\t\t\n\t\t\t\t\n\t\t\t\t\n\t\t\t\t\t\t\t\t\t<a rel=\"noopener noreferrer nofollow\" href=\"https:\/\/pinterest.com\/pin\/create\/button\/?url=https:\/\/alepak.com\/casos-de-exito-en-la-reduccion-de-danos-durante-el-transporte\/&media=https:\/\/alepak.com\/wp-content\/uploads\/Casos-de-Exito-en-la-Reduccion-de-Danos-Durante-el-Transporte.png&description=Casos+de+%C3%89xito+en+la+Reducci%C3%B3n+de+Da%C3%B1os+Durante+el+Transporte\" target=\"_blank\" class=\" wd-social-icon social-pinterest\" aria-label=\"Pinterest social link\">\n\t\t\t\t\t\t<span class=\"wd-icon\"><\/span>\n\t\t\t\t\t\t\t\t\t\t\t<\/a>\n\t\t\t\t\n\t\t\t\t\n\t\t\t\t\t\t\t\t\t<a rel=\"noopener noreferrer nofollow\" href=\"https:\/\/www.linkedin.com\/shareArticle?mini=true&url=https:\/\/alepak.com\/casos-de-exito-en-la-reduccion-de-danos-durante-el-transporte\/\" target=\"_blank\" class=\" wd-social-icon social-linkedin\" aria-label=\"Linkedin social link\">\n\t\t\t\t\t\t<span class=\"wd-icon\"><\/span>\n\t\t\t\t\t\t\t\t\t\t\t<\/a>\n\t\t\t\t\n\t\t\t\t\n\t\t\t\t\n\t\t\t\t\n\t\t\t\t\n\t\t\t\t\n\t\t\t\t\n\t\t\t\t\n\t\t\t\t\n\t\t\t\t\n\t\t\t\t\t\t\t\t\n\t\t\t\t\t\t\t\t\n\t\t\t\t\n\t\t\t\t\n\t\t\t\t\t\t\t\t\t<a rel=\"noopener noreferrer nofollow\" href=\"https:\/\/telegram.me\/share\/url?url=https:\/\/alepak.com\/casos-de-exito-en-la-reduccion-de-danos-durante-el-transporte\/\" target=\"_blank\" class=\" wd-social-icon social-tg\" aria-label=\"Telegram social link\">\n\t\t\t\t\t\t<span class=\"wd-icon\"><\/span>\n\t\t\t\t\t\t\t\t\t\t\t<\/a>\n\t\t\t\t\t\t\t\t\n\t\t\t\t\n\t\t\t<\/div>\n\n\t\t\t\t\t\t\t\t\t<\/div>\n\t\t\t\t\t\t<\/div>\n\t\t\t\t\t\t\t\t\t\t\t\t\n\t\t\t\t\t\t\t\n\t\t\t\t                    <div class=\"entry-content wd-entry-content\">\n\t\t\t\t\t\t\nEl transporte de mercanc\u00edas es una de las etapas m\u00e1s cr\u00edticas dentro de la cadena de suministro. L...\n\t\t\t\t\t\t\t\t\t\t\t<\/div><!-- .entry-content -->\n\t\t\t\t\n\t\t\t\t\t\t\t\t\t\t\t\t\t\t<p class=\"read-more-section\">\n\t\t\t\t\t\t<a class=\"btn-read-more more-link\" href=\"https:\/\/alepak.com\/casos-de-exito-en-la-reduccion-de-danos-durante-el-transporte\/\">Continue reading<\/a>\t\t\t\t\t<\/p>\n\t\t\t\t\t\t\t\t\t\t\t\n\t\t\t\n\t\t\t\t\t<\/div>\n\t<\/div>\n<\/article><!-- #post -->\n\n\n\t\t\t\t\t\t\t\t\t\t\t\n<article id=\"post-8495\" class=\"wd-post blog-design-masonry blog-post-loop blog-style-bg wd-add-shadow wd-col post-8495 post type-post status-publish format-standard has-post-thumbnail hentry category-automatizacion category-blog category-embalaje\">\n\t<div class=\"article-inner\">\n\t\t\t\t\t<header class=\"entry-header\">\n\t\t\t\t\t\t\t\t\t<figure id=\"carousel-744\" class=\"entry-thumbnail\">\n\t\t\t\t\t\t\n\t\t\t\t\t\t\t<div class=\"post-img-wrapp\">\n\t\t\t\t\t\t\t\t<a href=\"https:\/\/alepak.com\/innovaciones-tecnologicas-en-procesos-de-embalaje\/\">\n\t\t\t\t\t\t\t\t\t<img width=\"1024\" height=\"535\" src=\"https:\/\/alepak.com\/wp-content\/uploads\/Innovaciones-tecnologicas-en-procesos-de-embalaje-20x10.png\" class=\"attachment-large size-large wd-lazy-load wd-lazy-fade\" alt=\"\" decoding=\"async\" loading=\"lazy\" srcset=\"\" sizes=\"auto, (max-width: 1024px) 100vw, 1024px\" data-wood-src=\"https:\/\/alepak.com\/wp-content\/uploads\/Innovaciones-tecnologicas-en-procesos-de-embalaje-1024x535.png\" data-srcset=\"https:\/\/alepak.com\/wp-content\/uploads\/Innovaciones-tecnologicas-en-procesos-de-embalaje-1024x535.png 1024w, https:\/\/alepak.com\/wp-content\/uploads\/Innovaciones-tecnologicas-en-procesos-de-embalaje-300x157.png 300w, https:\/\/alepak.com\/wp-content\/uploads\/Innovaciones-tecnologicas-en-procesos-de-embalaje-768x401.png 768w, https:\/\/alepak.com\/wp-content\/uploads\/Innovaciones-tecnologicas-en-procesos-de-embalaje-1536x802.png 1536w, https:\/\/alepak.com\/wp-content\/uploads\/Innovaciones-tecnologicas-en-procesos-de-embalaje-2048x1070.png 2048w, https:\/\/alepak.com\/wp-content\/uploads\/Innovaciones-tecnologicas-en-procesos-de-embalaje-600x313.png 600w, https:\/\/alepak.com\/wp-content\/uploads\/Innovaciones-tecnologicas-en-procesos-de-embalaje-150x78.png 150w\" \/>\t\t\t\t\t\t\t\t<\/a>\n\t\t\t\t\t\t\t<\/div>\n\t\t\t\t\t\t\t<div class=\"post-image-mask\">\n\t\t\t\t\t\t\t\t<span><\/span>\n\t\t\t\t\t\t\t<\/div>\n\n\t\t\t\t\t\t\n\t\t\t\t\t<\/figure>\n\t\t\t\t\n\t\t\t\t\t\t\t\t\t\t\t\t<div class=\"post-date wd-post-date wd-style-with-bg\">\n\t\t\t\t<span class=\"post-date-day\">\n\t\t\t\t\t15\t\t\t\t<\/span>\n\t\t\t\t<span class=\"post-date-month\">\n\t\t\t\t\tMar\t\t\t\t<\/span>\n\t\t\t<\/div>\n\t\t\t\t\t\t\n\t\t\t<\/header><!-- .entry-header -->\n\n\t\t<div class=\"article-body-container\">\n\t\t\t\n\t\t\t\t\t\t\t\t\t<div class=\"meta-categories-wrapp\"><div class=\"meta-post-categories wd-post-cat wd-style-with-bg\"><a href=\"https:\/\/alepak.com\/category\/automatizacion\/\" rel=\"category tag\">Automatizaci\u00f3n<\/a>, <a href=\"https:\/\/alepak.com\/category\/blog\/\" rel=\"category tag\">Blog<\/a>, <a href=\"https:\/\/alepak.com\/category\/embalaje\/\" rel=\"category tag\">Embalaje<\/a><\/div><\/div>\n\t\t\t\t\n\t\t\t\t\t\t\t\t\t<h3 class=\"wd-entities-title title post-title\">\n\t\t\t\t\t\t<a href=\"https:\/\/alepak.com\/innovaciones-tecnologicas-en-procesos-de-embalaje\/\" rel=\"bookmark\">Innovaciones Tecnol\u00f3gicas en Procesos de Embalaje<\/a>\n\t\t\t\t\t<\/h3>\n\t\t\t\t\n\t\t\t\t\t\t\t\t\t<div class=\"entry-meta wd-entry-meta\">\n\t\t\t\t\t\t\t\t\t<ul class=\"entry-meta-list\">\n\t\t\t\t\t\t\t\t\t<li class=\"modified-date\">\n\t\t\t\t\t\t\t\t<time class=\"updated\" datetime=\"2025-03-22T10:27:40-06:00\">\n\t\t\t22 de marzo de 2025\t\t<\/time>\n\t\t\t\t\t\t\t<\/li>\n\n\t\t\t\t\t\n\t\t\t\t\t\t\t\t\t\t\t<li class=\"meta-author\">\n\t\t\t\t\t\t\t\t\t\t\t\t<span>By<\/span>\n\t\t\n\t\t\t\t\t<img alt='author-avatar' src=\"https:\/\/alepak.com\/wp-content\/themes\/woodmart\/images\/lazy.png\" data-wood-src='https:\/\/secure.gravatar.com\/avatar\/964beb613ce0ab3a5a350f262d6792fa1fbd1553f7a5b96614865583732f8c96?s=32&#038;d=mm&#038;r=g' srcset=\"\" data-srcset='https:\/\/secure.gravatar.com\/avatar\/964beb613ce0ab3a5a350f262d6792fa1fbd1553f7a5b96614865583732f8c96?s=64&#038;d=mm&#038;r=g 2x' class='wd-lazy-load wd-lazy-fade avatar avatar-32 photo' height='32' width='32' loading='lazy' decoding='async'\/>\t\t\n\t\t<a href=\"https:\/\/alepak.com\/author\/alepak-2-2-2-2-2-2-2-2-2-2-2-2-2-2-2-2-2-2-2-2-2-3\/\" rel=\"author\">\n\t\t\t<span class=\"vcard author author_name\">\n\t\t\t\t<span class=\"fn\">Alepak<\/span>\n\t\t\t<\/span>\n\t\t<\/a>\n\t\t\t\t\t\t\t\t<\/li>\n\t\t\t\t\t\n\t\t\t\t\t\n\t\t\t\t\t\t\t\t\t\t\t<li class=\"meta-reply\">\n\t\t\t\t\t\t\t<a href=\"https:\/\/alepak.com\/innovaciones-tecnologicas-en-procesos-de-embalaje\/#respond\"><span class=\"replies-count\">0<\/span> <span class=\"replies-count-label\">comments<\/span><\/a>\t\t\t\t\t\t<\/li>\n\t\t\t\t\t\t\t\t\t\t\t\t<\/ul>\n\t\t\t\t\t\t\t<\/div><!-- .entry-meta -->\n\t\t\t\t\t\t\t\t\t\t\t<div class=\"hovered-social-icons wd-tltp wd-tltp-top\">\n\t\t\t\t\t\t\t<div class=\"wd-tooltip-label\">\n\t\t\t\t\t\t\t\t\n\t\t\t<div class=\" wd-social-icons  icons-design-default icons-size-small color-scheme-light social-share social-form-circle text-center\">\n\n\t\t\t\t\n\t\t\t\t\t\t\t\t\t<a rel=\"noopener noreferrer nofollow\" href=\"https:\/\/www.facebook.com\/sharer\/sharer.php?u=https:\/\/alepak.com\/innovaciones-tecnologicas-en-procesos-de-embalaje\/\" target=\"_blank\" class=\" wd-social-icon social-facebook\" aria-label=\"Facebook social link\">\n\t\t\t\t\t\t<span class=\"wd-icon\"><\/span>\n\t\t\t\t\t\t\t\t\t\t\t<\/a>\n\t\t\t\t\n\t\t\t\t\t\t\t\t\t<a rel=\"noopener noreferrer nofollow\" href=\"https:\/\/x.com\/share?url=https:\/\/alepak.com\/innovaciones-tecnologicas-en-procesos-de-embalaje\/\" target=\"_blank\" class=\" wd-social-icon social-twitter\" aria-label=\"X social link\">\n\t\t\t\t\t\t<span class=\"wd-icon\"><\/span>\n\t\t\t\t\t\t\t\t\t\t\t<\/a>\n\t\t\t\t\n\t\t\t\t\n\t\t\t\t\n\t\t\t\t\n\t\t\t\t\t\t\t\t\t<a rel=\"noopener noreferrer nofollow\" href=\"https:\/\/pinterest.com\/pin\/create\/button\/?url=https:\/\/alepak.com\/innovaciones-tecnologicas-en-procesos-de-embalaje\/&media=https:\/\/alepak.com\/wp-content\/uploads\/Innovaciones-tecnologicas-en-procesos-de-embalaje.png&description=Innovaciones+Tecnol%C3%B3gicas+en+Procesos+de+Embalaje\" target=\"_blank\" class=\" wd-social-icon social-pinterest\" aria-label=\"Pinterest social link\">\n\t\t\t\t\t\t<span class=\"wd-icon\"><\/span>\n\t\t\t\t\t\t\t\t\t\t\t<\/a>\n\t\t\t\t\n\t\t\t\t\n\t\t\t\t\t\t\t\t\t<a rel=\"noopener noreferrer nofollow\" href=\"https:\/\/www.linkedin.com\/shareArticle?mini=true&url=https:\/\/alepak.com\/innovaciones-tecnologicas-en-procesos-de-embalaje\/\" target=\"_blank\" class=\" wd-social-icon social-linkedin\" aria-label=\"Linkedin social link\">\n\t\t\t\t\t\t<span class=\"wd-icon\"><\/span>\n\t\t\t\t\t\t\t\t\t\t\t<\/a>\n\t\t\t\t\n\t\t\t\t\n\t\t\t\t\n\t\t\t\t\n\t\t\t\t\n\t\t\t\t\n\t\t\t\t\n\t\t\t\t\n\t\t\t\t\n\t\t\t\t\n\t\t\t\t\t\t\t\t\n\t\t\t\t\t\t\t\t\n\t\t\t\t\n\t\t\t\t\n\t\t\t\t\t\t\t\t\t<a rel=\"noopener noreferrer nofollow\" href=\"https:\/\/telegram.me\/share\/url?url=https:\/\/alepak.com\/innovaciones-tecnologicas-en-procesos-de-embalaje\/\" target=\"_blank\" class=\" wd-social-icon social-tg\" aria-label=\"Telegram social link\">\n\t\t\t\t\t\t<span class=\"wd-icon\"><\/span>\n\t\t\t\t\t\t\t\t\t\t\t<\/a>\n\t\t\t\t\t\t\t\t\n\t\t\t\t\n\t\t\t<\/div>\n\n\t\t\t\t\t\t\t\t\t<\/div>\n\t\t\t\t\t\t<\/div>\n\t\t\t\t\t\t\t\t\t\t\t\t\n\t\t\t\t\t\t\t\n\t\t\t\t                    <div class=\"entry-content wd-entry-content\">\n\t\t\t\t\t\t\nLa industria del embalaje est\u00e1 atravesando una transformaci\u00f3n significativa impulsada por avances ...\n\t\t\t\t\t\t\t\t\t\t\t<\/div><!-- .entry-content -->\n\t\t\t\t\n\t\t\t\t\t\t\t\t\t\t\t\t\t\t<p class=\"read-more-section\">\n\t\t\t\t\t\t<a class=\"btn-read-more more-link\" href=\"https:\/\/alepak.com\/innovaciones-tecnologicas-en-procesos-de-embalaje\/\">Continue reading<\/a>\t\t\t\t\t<\/p>\n\t\t\t\t\t\t\t\t\t\t\t\n\t\t\t\n\t\t\t\t\t<\/div>\n\t<\/div>\n<\/article><!-- #post -->\n\n\n\t\t\t\t\t\t\t\t\t\t\t\n<article id=\"post-8485\" class=\"wd-post blog-design-masonry blog-post-loop blog-style-bg wd-add-shadow wd-col post-8485 post type-post status-publish format-standard has-post-thumbnail hentry category-blog category-empaque-protector category-optimizacion-de-linea-de-empaque\">\n\t<div class=\"article-inner\">\n\t\t\t\t\t<header class=\"entry-header\">\n\t\t\t\t\t\t\t\t\t<figure id=\"carousel-542\" class=\"entry-thumbnail\">\n\t\t\t\t\t\t\n\t\t\t\t\t\t\t<div class=\"post-img-wrapp\">\n\t\t\t\t\t\t\t\t<a href=\"https:\/\/alepak.com\/beneficios-clave-de-los-empaques-de-retencion\/\">\n\t\t\t\t\t\t\t\t\t<img width=\"1024\" height=\"535\" src=\"https:\/\/alepak.com\/wp-content\/uploads\/alepak-20x10.png\" class=\"attachment-large size-large wd-lazy-load wd-lazy-fade\" alt=\"\" decoding=\"async\" loading=\"lazy\" srcset=\"\" sizes=\"auto, (max-width: 1024px) 100vw, 1024px\" data-wood-src=\"https:\/\/alepak.com\/wp-content\/uploads\/alepak-1024x535.png\" data-srcset=\"https:\/\/alepak.com\/wp-content\/uploads\/alepak-1024x535.png 1024w, https:\/\/alepak.com\/wp-content\/uploads\/alepak-300x157.png 300w, https:\/\/alepak.com\/wp-content\/uploads\/alepak-768x401.png 768w, https:\/\/alepak.com\/wp-content\/uploads\/alepak-1536x802.png 1536w, https:\/\/alepak.com\/wp-content\/uploads\/alepak-2048x1070.png 2048w, https:\/\/alepak.com\/wp-content\/uploads\/alepak-600x313.png 600w, https:\/\/alepak.com\/wp-content\/uploads\/alepak-150x78.png 150w\" \/>\t\t\t\t\t\t\t\t<\/a>\n\t\t\t\t\t\t\t<\/div>\n\t\t\t\t\t\t\t<div class=\"post-image-mask\">\n\t\t\t\t\t\t\t\t<span><\/span>\n\t\t\t\t\t\t\t<\/div>\n\n\t\t\t\t\t\t\n\t\t\t\t\t<\/figure>\n\t\t\t\t\n\t\t\t\t\t\t\t\t\t\t\t\t<div class=\"post-date wd-post-date wd-style-with-bg\">\n\t\t\t\t<span class=\"post-date-day\">\n\t\t\t\t\t26\t\t\t\t<\/span>\n\t\t\t\t<span class=\"post-date-month\">\n\t\t\t\t\tFeb\t\t\t\t<\/span>\n\t\t\t<\/div>\n\t\t\t\t\t\t\n\t\t\t<\/header><!-- .entry-header -->\n\n\t\t<div class=\"article-body-container\">\n\t\t\t\n\t\t\t\t\t\t\t\t\t<div class=\"meta-categories-wrapp\"><div class=\"meta-post-categories wd-post-cat wd-style-with-bg\"><a href=\"https:\/\/alepak.com\/category\/blog\/\" rel=\"category tag\">Blog<\/a>, <a href=\"https:\/\/alepak.com\/category\/empaque-protector\/\" rel=\"category tag\">Empaque protector<\/a>, <a href=\"https:\/\/alepak.com\/category\/optimizacion-de-linea-de-empaque\/\" rel=\"category tag\">Optimizaci\u00f3n de L\u00ednea de Empaque<\/a><\/div><\/div>\n\t\t\t\t\n\t\t\t\t\t\t\t\t\t<h3 class=\"wd-entities-title title post-title\">\n\t\t\t\t\t\t<a href=\"https:\/\/alepak.com\/beneficios-clave-de-los-empaques-de-retencion\/\" rel=\"bookmark\">Beneficios clave de los empaques de retenci\u00f3n<\/a>\n\t\t\t\t\t<\/h3>\n\t\t\t\t\n\t\t\t\t\t\t\t\t\t<div class=\"entry-meta wd-entry-meta\">\n\t\t\t\t\t\t\t\t\t<ul class=\"entry-meta-list\">\n\t\t\t\t\t\t\t\t\t<li class=\"modified-date\">\n\t\t\t\t\t\t\t\t<time class=\"updated\" datetime=\"2025-02-26T19:03:10-06:00\">\n\t\t\t26 de febrero de 2025\t\t<\/time>\n\t\t\t\t\t\t\t<\/li>\n\n\t\t\t\t\t\n\t\t\t\t\t\t\t\t\t\t\t<li class=\"meta-author\">\n\t\t\t\t\t\t\t\t\t\t\t\t<span>By<\/span>\n\t\t\n\t\t\t\t\t<img alt='author-avatar' src=\"https:\/\/alepak.com\/wp-content\/themes\/woodmart\/images\/lazy.png\" data-wood-src='https:\/\/secure.gravatar.com\/avatar\/964beb613ce0ab3a5a350f262d6792fa1fbd1553f7a5b96614865583732f8c96?s=32&#038;d=mm&#038;r=g' srcset=\"\" data-srcset='https:\/\/secure.gravatar.com\/avatar\/964beb613ce0ab3a5a350f262d6792fa1fbd1553f7a5b96614865583732f8c96?s=64&#038;d=mm&#038;r=g 2x' class='wd-lazy-load wd-lazy-fade avatar avatar-32 photo' height='32' width='32' loading='lazy' decoding='async'\/>\t\t\n\t\t<a href=\"https:\/\/alepak.com\/author\/alepak-2-2-2-2-2-2-2-2-2-2-2-2-2-2-2-2-2-2-2-2-2-3\/\" rel=\"author\">\n\t\t\t<span class=\"vcard author author_name\">\n\t\t\t\t<span class=\"fn\">Alepak<\/span>\n\t\t\t<\/span>\n\t\t<\/a>\n\t\t\t\t\t\t\t\t<\/li>\n\t\t\t\t\t\n\t\t\t\t\t\n\t\t\t\t\t\t\t\t\t\t\t<li class=\"meta-reply\">\n\t\t\t\t\t\t\t<a href=\"https:\/\/alepak.com\/beneficios-clave-de-los-empaques-de-retencion\/#respond\"><span class=\"replies-count\">0<\/span> <span class=\"replies-count-label\">comments<\/span><\/a>\t\t\t\t\t\t<\/li>\n\t\t\t\t\t\t\t\t\t\t\t\t<\/ul>\n\t\t\t\t\t\t\t<\/div><!-- .entry-meta -->\n\t\t\t\t\t\t\t\t\t\t\t<div class=\"hovered-social-icons wd-tltp wd-tltp-top\">\n\t\t\t\t\t\t\t<div class=\"wd-tooltip-label\">\n\t\t\t\t\t\t\t\t\n\t\t\t<div class=\" wd-social-icons  icons-design-default icons-size-small color-scheme-light social-share social-form-circle text-center\">\n\n\t\t\t\t\n\t\t\t\t\t\t\t\t\t<a rel=\"noopener noreferrer nofollow\" href=\"https:\/\/www.facebook.com\/sharer\/sharer.php?u=https:\/\/alepak.com\/beneficios-clave-de-los-empaques-de-retencion\/\" target=\"_blank\" class=\" wd-social-icon social-facebook\" aria-label=\"Facebook social link\">\n\t\t\t\t\t\t<span class=\"wd-icon\"><\/span>\n\t\t\t\t\t\t\t\t\t\t\t<\/a>\n\t\t\t\t\n\t\t\t\t\t\t\t\t\t<a rel=\"noopener noreferrer nofollow\" href=\"https:\/\/x.com\/share?url=https:\/\/alepak.com\/beneficios-clave-de-los-empaques-de-retencion\/\" target=\"_blank\" class=\" wd-social-icon social-twitter\" aria-label=\"X social link\">\n\t\t\t\t\t\t<span class=\"wd-icon\"><\/span>\n\t\t\t\t\t\t\t\t\t\t\t<\/a>\n\t\t\t\t\n\t\t\t\t\n\t\t\t\t\n\t\t\t\t\n\t\t\t\t\t\t\t\t\t<a rel=\"noopener noreferrer nofollow\" href=\"https:\/\/pinterest.com\/pin\/create\/button\/?url=https:\/\/alepak.com\/beneficios-clave-de-los-empaques-de-retencion\/&media=https:\/\/alepak.com\/wp-content\/uploads\/alepak.png&description=Beneficios+clave+de+los+empaques+de+retenci%C3%B3n\" target=\"_blank\" class=\" wd-social-icon social-pinterest\" aria-label=\"Pinterest social link\">\n\t\t\t\t\t\t<span class=\"wd-icon\"><\/span>\n\t\t\t\t\t\t\t\t\t\t\t<\/a>\n\t\t\t\t\n\t\t\t\t\n\t\t\t\t\t\t\t\t\t<a rel=\"noopener noreferrer nofollow\" href=\"https:\/\/www.linkedin.com\/shareArticle?mini=true&url=https:\/\/alepak.com\/beneficios-clave-de-los-empaques-de-retencion\/\" target=\"_blank\" class=\" wd-social-icon social-linkedin\" aria-label=\"Linkedin social link\">\n\t\t\t\t\t\t<span class=\"wd-icon\"><\/span>\n\t\t\t\t\t\t\t\t\t\t\t<\/a>\n\t\t\t\t\n\t\t\t\t\n\t\t\t\t\n\t\t\t\t\n\t\t\t\t\n\t\t\t\t\n\t\t\t\t\n\t\t\t\t\n\t\t\t\t\n\t\t\t\t\n\t\t\t\t\t\t\t\t\n\t\t\t\t\t\t\t\t\n\t\t\t\t\n\t\t\t\t\n\t\t\t\t\t\t\t\t\t<a rel=\"noopener noreferrer nofollow\" href=\"https:\/\/telegram.me\/share\/url?url=https:\/\/alepak.com\/beneficios-clave-de-los-empaques-de-retencion\/\" target=\"_blank\" class=\" wd-social-icon social-tg\" aria-label=\"Telegram social link\">\n\t\t\t\t\t\t<span class=\"wd-icon\"><\/span>\n\t\t\t\t\t\t\t\t\t\t\t<\/a>\n\t\t\t\t\t\t\t\t\n\t\t\t\t\n\t\t\t<\/div>\n\n\t\t\t\t\t\t\t\t\t<\/div>\n\t\t\t\t\t\t<\/div>\n\t\t\t\t\t\t\t\t\t\t\t\t\n\t\t\t\t\t\t\t\n\t\t\t\t                    <div class=\"entry-content wd-entry-content\">\n\t\t\t\t\t\t\nLa seguridad en el embalaje es un factor cr\u00edtico en la log\u00edstica y distribuci\u00f3n de productos. Un e...\n\t\t\t\t\t\t\t\t\t\t\t<\/div><!-- .entry-content -->\n\t\t\t\t\n\t\t\t\t\t\t\t\t\t\t\t\t\t\t<p class=\"read-more-section\">\n\t\t\t\t\t\t<a class=\"btn-read-more more-link\" href=\"https:\/\/alepak.com\/beneficios-clave-de-los-empaques-de-retencion\/\">Continue reading<\/a>\t\t\t\t\t<\/p>\n\t\t\t\t\t\t\t\t\t\t\t\n\t\t\t\n\t\t\t\t\t<\/div>\n\t<\/div>\n<\/article><!-- #post -->\n\n\n\t\t\t\t\t\t\t\t\t\t\t\n<article id=\"post-8474\" class=\"wd-post blog-design-masonry blog-post-loop blog-style-bg wd-add-shadow wd-col post-8474 post type-post status-publish format-standard has-post-thumbnail hentry category-blog category-flejado category-flejado-automatico tag-flejado-automatico tag-fleje\">\n\t<div class=\"article-inner\">\n\t\t\t\t\t<header class=\"entry-header\">\n\t\t\t\t\t\t\t\t\t<figure id=\"carousel-705\" class=\"entry-thumbnail\">\n\t\t\t\t\t\t\n\t\t\t\t\t\t\t<div class=\"post-img-wrapp\">\n\t\t\t\t\t\t\t\t<a href=\"https:\/\/alepak.com\/beneficios-de-implementar-sistemas-de-flejado-automatico\/\">\n\t\t\t\t\t\t\t\t\t<img width=\"1024\" height=\"535\" src=\"https:\/\/alepak.com\/wp-content\/uploads\/alepak_contenido_blog_feb_13-20x10.png\" class=\"attachment-large size-large wd-lazy-load wd-lazy-fade\" alt=\"\" decoding=\"async\" loading=\"lazy\" srcset=\"\" sizes=\"auto, (max-width: 1024px) 100vw, 1024px\" data-wood-src=\"https:\/\/alepak.com\/wp-content\/uploads\/alepak_contenido_blog_feb_13-1024x535.png\" data-srcset=\"https:\/\/alepak.com\/wp-content\/uploads\/alepak_contenido_blog_feb_13-1024x535.png 1024w, https:\/\/alepak.com\/wp-content\/uploads\/alepak_contenido_blog_feb_13-300x157.png 300w, https:\/\/alepak.com\/wp-content\/uploads\/alepak_contenido_blog_feb_13-768x401.png 768w, https:\/\/alepak.com\/wp-content\/uploads\/alepak_contenido_blog_feb_13-1536x802.png 1536w, https:\/\/alepak.com\/wp-content\/uploads\/alepak_contenido_blog_feb_13-2048x1070.png 2048w, https:\/\/alepak.com\/wp-content\/uploads\/alepak_contenido_blog_feb_13-600x313.png 600w, https:\/\/alepak.com\/wp-content\/uploads\/alepak_contenido_blog_feb_13-150x78.png 150w\" \/>\t\t\t\t\t\t\t\t<\/a>\n\t\t\t\t\t\t\t<\/div>\n\t\t\t\t\t\t\t<div class=\"post-image-mask\">\n\t\t\t\t\t\t\t\t<span><\/span>\n\t\t\t\t\t\t\t<\/div>\n\n\t\t\t\t\t\t\n\t\t\t\t\t<\/figure>\n\t\t\t\t\n\t\t\t\t\t\t\t\t\t\t\t\t<div class=\"post-date wd-post-date wd-style-with-bg\">\n\t\t\t\t<span class=\"post-date-day\">\n\t\t\t\t\t19\t\t\t\t<\/span>\n\t\t\t\t<span class=\"post-date-month\">\n\t\t\t\t\tFeb\t\t\t\t<\/span>\n\t\t\t<\/div>\n\t\t\t\t\t\t\n\t\t\t<\/header><!-- .entry-header -->\n\n\t\t<div class=\"article-body-container\">\n\t\t\t\n\t\t\t\t\t\t\t\t\t<div class=\"meta-categories-wrapp\"><div class=\"meta-post-categories wd-post-cat wd-style-with-bg\"><a href=\"https:\/\/alepak.com\/category\/blog\/\" rel=\"category tag\">Blog<\/a>, <a href=\"https:\/\/alepak.com\/category\/flejado\/\" rel=\"category tag\">Flejado<\/a>, <a href=\"https:\/\/alepak.com\/category\/flejado-automatico\/\" rel=\"category tag\">flejado autom\u00e1tico<\/a><\/div><\/div>\n\t\t\t\t\n\t\t\t\t\t\t\t\t\t<h3 class=\"wd-entities-title title post-title\">\n\t\t\t\t\t\t<a href=\"https:\/\/alepak.com\/beneficios-de-implementar-sistemas-de-flejado-automatico\/\" rel=\"bookmark\">Beneficios de Implementar Sistemas de Flejado Autom\u00e1tico<\/a>\n\t\t\t\t\t<\/h3>\n\t\t\t\t\n\t\t\t\t\t\t\t\t\t<div class=\"entry-meta wd-entry-meta\">\n\t\t\t\t\t\t\t\t\t<ul class=\"entry-meta-list\">\n\t\t\t\t\t\t\t\t\t<li class=\"modified-date\">\n\t\t\t\t\t\t\t\t<time class=\"updated\" datetime=\"2025-02-19T21:19:34-06:00\">\n\t\t\t19 de febrero de 2025\t\t<\/time>\n\t\t\t\t\t\t\t<\/li>\n\n\t\t\t\t\t\n\t\t\t\t\t\t\t\t\t\t\t<li class=\"meta-author\">\n\t\t\t\t\t\t\t\t\t\t\t\t<span>By<\/span>\n\t\t\n\t\t\t\t\t<img alt='author-avatar' src=\"https:\/\/alepak.com\/wp-content\/themes\/woodmart\/images\/lazy.png\" data-wood-src='https:\/\/secure.gravatar.com\/avatar\/964beb613ce0ab3a5a350f262d6792fa1fbd1553f7a5b96614865583732f8c96?s=32&#038;d=mm&#038;r=g' srcset=\"\" data-srcset='https:\/\/secure.gravatar.com\/avatar\/964beb613ce0ab3a5a350f262d6792fa1fbd1553f7a5b96614865583732f8c96?s=64&#038;d=mm&#038;r=g 2x' class='wd-lazy-load wd-lazy-fade avatar avatar-32 photo' height='32' width='32' loading='lazy' decoding='async'\/>\t\t\n\t\t<a href=\"https:\/\/alepak.com\/author\/alepak-2-2-2-2-2-2-2-2-2-2-2-2-2-2-2-2-2-2-2-2-2-3\/\" rel=\"author\">\n\t\t\t<span class=\"vcard author author_name\">\n\t\t\t\t<span class=\"fn\">Alepak<\/span>\n\t\t\t<\/span>\n\t\t<\/a>\n\t\t\t\t\t\t\t\t<\/li>\n\t\t\t\t\t\n\t\t\t\t\t\n\t\t\t\t\t\t\t\t\t\t\t<li class=\"meta-reply\">\n\t\t\t\t\t\t\t<a href=\"https:\/\/alepak.com\/beneficios-de-implementar-sistemas-de-flejado-automatico\/#comments\"><span class=\"replies-count\">23<\/span> <span class=\"replies-count-label\">comments<\/span><\/a>\t\t\t\t\t\t<\/li>\n\t\t\t\t\t\t\t\t\t\t\t\t<\/ul>\n\t\t\t\t\t\t\t<\/div><!-- .entry-meta -->\n\t\t\t\t\t\t\t\t\t\t\t<div class=\"hovered-social-icons wd-tltp wd-tltp-top\">\n\t\t\t\t\t\t\t<div class=\"wd-tooltip-label\">\n\t\t\t\t\t\t\t\t\n\t\t\t<div class=\" wd-social-icons  icons-design-default icons-size-small color-scheme-light social-share social-form-circle text-center\">\n\n\t\t\t\t\n\t\t\t\t\t\t\t\t\t<a rel=\"noopener noreferrer nofollow\" href=\"https:\/\/www.facebook.com\/sharer\/sharer.php?u=https:\/\/alepak.com\/beneficios-de-implementar-sistemas-de-flejado-automatico\/\" target=\"_blank\" class=\" wd-social-icon social-facebook\" aria-label=\"Facebook social link\">\n\t\t\t\t\t\t<span class=\"wd-icon\"><\/span>\n\t\t\t\t\t\t\t\t\t\t\t<\/a>\n\t\t\t\t\n\t\t\t\t\t\t\t\t\t<a rel=\"noopener noreferrer nofollow\" href=\"https:\/\/x.com\/share?url=https:\/\/alepak.com\/beneficios-de-implementar-sistemas-de-flejado-automatico\/\" target=\"_blank\" class=\" wd-social-icon social-twitter\" aria-label=\"X social link\">\n\t\t\t\t\t\t<span class=\"wd-icon\"><\/span>\n\t\t\t\t\t\t\t\t\t\t\t<\/a>\n\t\t\t\t\n\t\t\t\t\n\t\t\t\t\n\t\t\t\t\n\t\t\t\t\t\t\t\t\t<a rel=\"noopener noreferrer nofollow\" href=\"https:\/\/pinterest.com\/pin\/create\/button\/?url=https:\/\/alepak.com\/beneficios-de-implementar-sistemas-de-flejado-automatico\/&media=https:\/\/alepak.com\/wp-content\/uploads\/alepak_contenido_blog_feb_13.png&description=Beneficios+de+Implementar+Sistemas+de+Flejado+Autom%C3%A1tico\" target=\"_blank\" class=\" wd-social-icon social-pinterest\" aria-label=\"Pinterest social link\">\n\t\t\t\t\t\t<span class=\"wd-icon\"><\/span>\n\t\t\t\t\t\t\t\t\t\t\t<\/a>\n\t\t\t\t\n\t\t\t\t\n\t\t\t\t\t\t\t\t\t<a rel=\"noopener noreferrer nofollow\" href=\"https:\/\/www.linkedin.com\/shareArticle?mini=true&url=https:\/\/alepak.com\/beneficios-de-implementar-sistemas-de-flejado-automatico\/\" target=\"_blank\" class=\" wd-social-icon social-linkedin\" aria-label=\"Linkedin social link\">\n\t\t\t\t\t\t<span class=\"wd-icon\"><\/span>\n\t\t\t\t\t\t\t\t\t\t\t<\/a>\n\t\t\t\t\n\t\t\t\t\n\t\t\t\t\n\t\t\t\t\n\t\t\t\t\n\t\t\t\t\n\t\t\t\t\n\t\t\t\t\n\t\t\t\t\n\t\t\t\t\n\t\t\t\t\t\t\t\t\n\t\t\t\t\t\t\t\t\n\t\t\t\t\n\t\t\t\t\n\t\t\t\t\t\t\t\t\t<a rel=\"noopener noreferrer nofollow\" href=\"https:\/\/telegram.me\/share\/url?url=https:\/\/alepak.com\/beneficios-de-implementar-sistemas-de-flejado-automatico\/\" target=\"_blank\" class=\" wd-social-icon social-tg\" aria-label=\"Telegram social link\">\n\t\t\t\t\t\t<span class=\"wd-icon\"><\/span>\n\t\t\t\t\t\t\t\t\t\t\t<\/a>\n\t\t\t\t\t\t\t\t\n\t\t\t\t\n\t\t\t<\/div>\n\n\t\t\t\t\t\t\t\t\t<\/div>\n\t\t\t\t\t\t<\/div>\n\t\t\t\t\t\t\t\t\t\t\t\t\n\t\t\t\t\t\t\t\n\t\t\t\t                    <div class=\"entry-content wd-entry-content\">\n\t\t\t\t\t\t\nLa log\u00edstica moderna exige procesos eficientes, seguros y rentables. Uno de los elementos clave pa...\n\t\t\t\t\t\t\t\t\t\t\t<\/div><!-- .entry-content -->\n\t\t\t\t\n\t\t\t\t\t\t\t\t\t\t\t\t\t\t<p class=\"read-more-section\">\n\t\t\t\t\t\t<a class=\"btn-read-more more-link\" href=\"https:\/\/alepak.com\/beneficios-de-implementar-sistemas-de-flejado-automatico\/\">Continue reading<\/a>\t\t\t\t\t<\/p>\n\t\t\t\t\t\t\t\t\t\t\t\n\t\t\t\n\t\t\t\t\t<\/div>\n\t<\/div>\n<\/article><!-- #post -->\n\n\n\t\t\t\t\t\n\t\t\t\t\t","status":"have-posts","nextPage":"https:\/\/alepak.com\/author\/alepak-2-2-2-2-2-2-2-2-2-2-2-2-2-2-2-2-2-2-2-2-2-3\/page\/8\/?woo_ajax=1","currentPage":"https:\/\/alepak.com\/author\/alepak-2-2-2-2-2-2-2-2-2-2-2-2-2-2-2-2-2-2-2-2-2-3\/page\/7"}