
			
				

					
				

			
		{"items":"\n\t\t\t\t\t\t\t\t\t\t\t\n<article id=\"post-5634\" class=\"wd-post blog-design-masonry blog-post-loop blog-style-bg wd-add-shadow wd-col post-5634 post type-post status-publish format-standard has-post-thumbnail hentry category-blog category-embolsado-y-empaquetado\">\n\t<div class=\"article-inner\">\n\t\t\t\t\t<header class=\"entry-header\">\n\t\t\t\t\t\t\t\t\t<figure id=\"carousel-357\" class=\"entry-thumbnail\">\n\t\t\t\t\t\t\n\t\t\t\t\t\t\t<div class=\"post-img-wrapp\">\n\t\t\t\t\t\t\t\t<a href=\"https:\/\/alepak.com\/envases-ideales-para-perecederos-frutas-y-hortalizas\/\">\n\t\t\t\t\t\t\t\t\t<img width=\"1024\" height=\"538\" src=\"https:\/\/alepak.com\/wp-content\/uploads\/Alepak_Cont_Octubre_1-20x10.png\" class=\"attachment-large size-large wd-lazy-load wd-lazy-fade\" alt=\"Envases ideales para productos perecederos (frutas y hortalizas)\" decoding=\"async\" fetchpriority=\"high\" srcset=\"\" sizes=\"(max-width: 1024px) 100vw, 1024px\" data-wood-src=\"https:\/\/alepak.com\/wp-content\/uploads\/Alepak_Cont_Octubre_1-1024x538.png\" data-srcset=\"https:\/\/alepak.com\/wp-content\/uploads\/Alepak_Cont_Octubre_1-1024x538.png 1024w, https:\/\/alepak.com\/wp-content\/uploads\/Alepak_Cont_Octubre_1-300x158.png 300w, https:\/\/alepak.com\/wp-content\/uploads\/Alepak_Cont_Octubre_1-768x404.png 768w, https:\/\/alepak.com\/wp-content\/uploads\/Alepak_Cont_Octubre_1-600x315.png 600w, https:\/\/alepak.com\/wp-content\/uploads\/Alepak_Cont_Octubre_1-150x79.png 150w, https:\/\/alepak.com\/wp-content\/uploads\/Alepak_Cont_Octubre_1.png 1201w\" \/>\t\t\t\t\t\t\t\t<\/a>\n\t\t\t\t\t\t\t<\/div>\n\t\t\t\t\t\t\t<div class=\"post-image-mask\">\n\t\t\t\t\t\t\t\t<span><\/span>\n\t\t\t\t\t\t\t<\/div>\n\n\t\t\t\t\t\t\n\t\t\t\t\t<\/figure>\n\t\t\t\t\n\t\t\t\t\t\t\t\t\t\t\t\t<div class=\"post-date wd-post-date wd-style-with-bg\">\n\t\t\t\t<span class=\"post-date-day\">\n\t\t\t\t\t16\t\t\t\t<\/span>\n\t\t\t\t<span class=\"post-date-month\">\n\t\t\t\t\tOct\t\t\t\t<\/span>\n\t\t\t<\/div>\n\t\t\t\t\t\t\n\t\t\t<\/header><!-- .entry-header -->\n\n\t\t<div class=\"article-body-container\">\n\t\t\t\n\t\t\t\t\t\t\t\t\t<div class=\"meta-categories-wrapp\"><div class=\"meta-post-categories wd-post-cat wd-style-with-bg\"><a href=\"https:\/\/alepak.com\/category\/blog\/\" rel=\"category tag\">Blog<\/a>, <a href=\"https:\/\/alepak.com\/category\/embolsado-y-empaquetado\/\" rel=\"category tag\">Embolsado y empaquetado<\/a><\/div><\/div>\n\t\t\t\t\n\t\t\t\t\t\t\t\t\t<h3 class=\"wd-entities-title title post-title\">\n\t\t\t\t\t\t<a href=\"https:\/\/alepak.com\/envases-ideales-para-perecederos-frutas-y-hortalizas\/\" rel=\"bookmark\">Envases ideales para productos perecederos (frutas y hortalizas)<\/a>\n\t\t\t\t\t<\/h3>\n\t\t\t\t\n\t\t\t\t\t\t\t\t\t<div class=\"entry-meta wd-entry-meta\">\n\t\t\t\t\t\t\t\t\t<ul class=\"entry-meta-list\">\n\t\t\t\t\t\t\t\t\t<li class=\"modified-date\">\n\t\t\t\t\t\t\t\t<time class=\"updated\" datetime=\"2022-10-16T19:38:00-05:00\">\n\t\t\t16 de octubre de 2022\t\t<\/time>\n\t\t\t\t\t\t\t<\/li>\n\n\t\t\t\t\t\n\t\t\t\t\t\t\t\t\t\t\t<li class=\"meta-author\">\n\t\t\t\t\t\t\t\t\t\t\t\t<span>By<\/span>\n\t\t\n\t\t\t\t\t<img alt='author-avatar' src=\"https:\/\/alepak.com\/wp-content\/themes\/woodmart\/images\/lazy.png\" data-wood-src='https:\/\/secure.gravatar.com\/avatar\/964beb613ce0ab3a5a350f262d6792fa1fbd1553f7a5b96614865583732f8c96?s=32&#038;d=mm&#038;r=g' srcset=\"\" data-srcset='https:\/\/secure.gravatar.com\/avatar\/964beb613ce0ab3a5a350f262d6792fa1fbd1553f7a5b96614865583732f8c96?s=64&#038;d=mm&#038;r=g 2x' class='wd-lazy-load wd-lazy-fade avatar avatar-32 photo' height='32' width='32' decoding='async'\/>\t\t\n\t\t<a href=\"https:\/\/alepak.com\/author\/alepak-2-2-2-2-2-2-2-2-2-2-2-2-2-2-2-2-2-2-2-2-2-3\/\" rel=\"author\">\n\t\t\t<span class=\"vcard author author_name\">\n\t\t\t\t<span class=\"fn\">Alepak<\/span>\n\t\t\t<\/span>\n\t\t<\/a>\n\t\t\t\t\t\t\t\t<\/li>\n\t\t\t\t\t\n\t\t\t\t\t\n\t\t\t\t\t\t\t\t\t\t\t\t<\/ul>\n\t\t\t\t\t\t\t<\/div><!-- .entry-meta -->\n\t\t\t\t\t\t\t\t\t\t\t<div class=\"hovered-social-icons wd-tltp wd-tltp-top\">\n\t\t\t\t\t\t\t<div class=\"wd-tooltip-label\">\n\t\t\t\t\t\t\t\t\t\t\t<link rel=\"stylesheet\" id=\"wd-social-icons-css\" href=\"https:\/\/alepak.com\/wp-content\/themes\/woodmart\/css\/parts\/el-social-icons.min.css?ver=7.5.1\" type=\"text\/css\" media=\"all\" \/> \t\t\t\n\t\t\t<div class=\" wd-social-icons  icons-design-default icons-size-small color-scheme-light social-share social-form-circle text-center\">\n\n\t\t\t\t\n\t\t\t\t\t\t\t\t\t<a rel=\"noopener noreferrer nofollow\" href=\"https:\/\/www.facebook.com\/sharer\/sharer.php?u=https:\/\/alepak.com\/blog\/\" target=\"_blank\" class=\" wd-social-icon social-facebook\" aria-label=\"Facebook social link\">\n\t\t\t\t\t\t<span class=\"wd-icon\"><\/span>\n\t\t\t\t\t\t\t\t\t\t\t<\/a>\n\t\t\t\t\n\t\t\t\t\t\t\t\t\t<a rel=\"noopener noreferrer nofollow\" href=\"https:\/\/x.com\/share?url=https:\/\/alepak.com\/blog\/\" target=\"_blank\" class=\" wd-social-icon social-twitter\" aria-label=\"X social link\">\n\t\t\t\t\t\t<span class=\"wd-icon\"><\/span>\n\t\t\t\t\t\t\t\t\t\t\t<\/a>\n\t\t\t\t\n\t\t\t\t\n\t\t\t\t\n\t\t\t\t\n\t\t\t\t\t\t\t\t\t<a rel=\"noopener noreferrer nofollow\" href=\"https:\/\/pinterest.com\/pin\/create\/button\/?url=https:\/\/alepak.com\/blog\/&media=https:\/\/alepak.com\/wp-content\/uploads\/Alepak_Cont_Octubre_1.png&description=Envases+ideales+para+productos+perecederos+%28frutas+y+hortalizas%29\" target=\"_blank\" class=\" wd-social-icon social-pinterest\" aria-label=\"Pinterest social link\">\n\t\t\t\t\t\t<span class=\"wd-icon\"><\/span>\n\t\t\t\t\t\t\t\t\t\t\t<\/a>\n\t\t\t\t\n\t\t\t\t\n\t\t\t\t\t\t\t\t\t<a rel=\"noopener noreferrer nofollow\" href=\"https:\/\/www.linkedin.com\/shareArticle?mini=true&url=https:\/\/alepak.com\/blog\/\" target=\"_blank\" class=\" wd-social-icon social-linkedin\" aria-label=\"Linkedin social link\">\n\t\t\t\t\t\t<span class=\"wd-icon\"><\/span>\n\t\t\t\t\t\t\t\t\t\t\t<\/a>\n\t\t\t\t\n\t\t\t\t\n\t\t\t\t\n\t\t\t\t\n\t\t\t\t\n\t\t\t\t\n\t\t\t\t\n\t\t\t\t\n\t\t\t\t\n\t\t\t\t\n\t\t\t\t\t\t\t\t\n\t\t\t\t\t\t\t\t\n\t\t\t\t\n\t\t\t\t\n\t\t\t\t\t\t\t\t\t<a rel=\"noopener noreferrer nofollow\" href=\"https:\/\/telegram.me\/share\/url?url=https:\/\/alepak.com\/blog\/\" target=\"_blank\" class=\" wd-social-icon social-tg\" aria-label=\"Telegram social link\">\n\t\t\t\t\t\t<span class=\"wd-icon\"><\/span>\n\t\t\t\t\t\t\t\t\t\t\t<\/a>\n\t\t\t\t\t\t\t\t\n\t\t\t\t\n\t\t\t<\/div>\n\n\t\t\t\t\t\t\t\t\t<\/div>\n\t\t\t\t\t\t<\/div>\n\t\t\t\t\t\t\t\t\t\t\t\t\n\t\t\t\t\t\t\t\n\t\t\t\t                    <div class=\"entry-content wd-entry-content\">\n\t\t\t\t\t\tElegir el envase ideal para tus productos perecederos, como frutas y hortalizas puede reducir tus perdidas y asegurarte ...\n\t\t\t\t\t\t\t\t\t\t\t<\/div><!-- .entry-content -->\n\t\t\t\t\n\t\t\t\t\t\t\t\t\t\t\t\t\t\t<p class=\"read-more-section\">\n\t\t\t\t\t\t<a class=\"btn-read-more more-link\" href=\"https:\/\/alepak.com\/envases-ideales-para-perecederos-frutas-y-hortalizas\/\">Continue reading<\/a>\t\t\t\t\t<\/p>\n\t\t\t\t\t\t\t\t\t\t\t\n\t\t\t\n\t\t\t\t\t<\/div>\n\t<\/div>\n<\/article><!-- #post -->\n\n\n\t\t\t\t\t\t\t\t\t\t\t\n<article id=\"post-5630\" class=\"wd-post blog-design-masonry blog-post-loop blog-style-bg wd-add-shadow wd-col post-5630 post type-post status-publish format-standard has-post-thumbnail hentry category-blog category-materiales-ecologicos category-relleno-para-caja\">\n\t<div class=\"article-inner\">\n\t\t\t\t\t<header class=\"entry-header\">\n\t\t\t\t\t\t\t\t\t<figure id=\"carousel-708\" class=\"entry-thumbnail\">\n\t\t\t\t\t\t\n\t\t\t\t\t\t\t<div class=\"post-img-wrapp\">\n\t\t\t\t\t\t\t\t<a href=\"https:\/\/alepak.com\/mejor-maquina-de-relleno-de-papel-para-tu-negocio\/\">\n\t\t\t\t\t\t\t\t\t<img width=\"1024\" height=\"538\" src=\"https:\/\/alepak.com\/wp-content\/uploads\/VEL_Cont_Sept_Ale_blog_2-20x10.png\" class=\"attachment-large size-large wd-lazy-load wd-lazy-fade\" alt=\"Relleno de papel\" decoding=\"async\" srcset=\"\" sizes=\"(max-width: 1024px) 100vw, 1024px\" data-wood-src=\"https:\/\/alepak.com\/wp-content\/uploads\/VEL_Cont_Sept_Ale_blog_2-1024x538.png\" data-srcset=\"https:\/\/alepak.com\/wp-content\/uploads\/VEL_Cont_Sept_Ale_blog_2-1024x538.png 1024w, https:\/\/alepak.com\/wp-content\/uploads\/VEL_Cont_Sept_Ale_blog_2-300x158.png 300w, https:\/\/alepak.com\/wp-content\/uploads\/VEL_Cont_Sept_Ale_blog_2-768x404.png 768w, https:\/\/alepak.com\/wp-content\/uploads\/VEL_Cont_Sept_Ale_blog_2-600x316.png 600w, https:\/\/alepak.com\/wp-content\/uploads\/VEL_Cont_Sept_Ale_blog_2-150x79.png 150w, https:\/\/alepak.com\/wp-content\/uploads\/VEL_Cont_Sept_Ale_blog_2.png 1200w\" \/>\t\t\t\t\t\t\t\t<\/a>\n\t\t\t\t\t\t\t<\/div>\n\t\t\t\t\t\t\t<div class=\"post-image-mask\">\n\t\t\t\t\t\t\t\t<span><\/span>\n\t\t\t\t\t\t\t<\/div>\n\n\t\t\t\t\t\t\n\t\t\t\t\t<\/figure>\n\t\t\t\t\n\t\t\t\t\t\t\t\t\t\t\t\t<div class=\"post-date wd-post-date wd-style-with-bg\">\n\t\t\t\t<span class=\"post-date-day\">\n\t\t\t\t\t16\t\t\t\t<\/span>\n\t\t\t\t<span class=\"post-date-month\">\n\t\t\t\t\tOct\t\t\t\t<\/span>\n\t\t\t<\/div>\n\t\t\t\t\t\t\n\t\t\t<\/header><!-- .entry-header -->\n\n\t\t<div class=\"article-body-container\">\n\t\t\t\n\t\t\t\t\t\t\t\t\t<div class=\"meta-categories-wrapp\"><div class=\"meta-post-categories wd-post-cat wd-style-with-bg\"><a href=\"https:\/\/alepak.com\/category\/blog\/\" rel=\"category tag\">Blog<\/a>, <a href=\"https:\/\/alepak.com\/category\/materiales-ecologicos\/\" rel=\"category tag\">Materiales ecol\u00f3gicos<\/a>, <a href=\"https:\/\/alepak.com\/category\/relleno-para-caja\/\" rel=\"category tag\">Relleno para caja<\/a><\/div><\/div>\n\t\t\t\t\n\t\t\t\t\t\t\t\t\t<h3 class=\"wd-entities-title title post-title\">\n\t\t\t\t\t\t<a href=\"https:\/\/alepak.com\/mejor-maquina-de-relleno-de-papel-para-tu-negocio\/\" rel=\"bookmark\">\u00bfC\u00f3mo escoger la mejor m\u00e1quina de relleno de papel para tu negocio?<\/a>\n\t\t\t\t\t<\/h3>\n\t\t\t\t\n\t\t\t\t\t\t\t\t\t<div class=\"entry-meta wd-entry-meta\">\n\t\t\t\t\t\t\t\t\t<ul class=\"entry-meta-list\">\n\t\t\t\t\t\t\t\t\t<li class=\"modified-date\">\n\t\t\t\t\t\t\t\t<time class=\"updated\" datetime=\"2022-10-16T19:04:23-05:00\">\n\t\t\t16 de octubre de 2022\t\t<\/time>\n\t\t\t\t\t\t\t<\/li>\n\n\t\t\t\t\t\n\t\t\t\t\t\t\t\t\t\t\t<li class=\"meta-author\">\n\t\t\t\t\t\t\t\t\t\t\t\t<span>By<\/span>\n\t\t\n\t\t\t\t\t<img alt='author-avatar' src=\"https:\/\/alepak.com\/wp-content\/themes\/woodmart\/images\/lazy.png\" data-wood-src='https:\/\/secure.gravatar.com\/avatar\/964beb613ce0ab3a5a350f262d6792fa1fbd1553f7a5b96614865583732f8c96?s=32&#038;d=mm&#038;r=g' srcset=\"\" data-srcset='https:\/\/secure.gravatar.com\/avatar\/964beb613ce0ab3a5a350f262d6792fa1fbd1553f7a5b96614865583732f8c96?s=64&#038;d=mm&#038;r=g 2x' class='wd-lazy-load wd-lazy-fade avatar avatar-32 photo' height='32' width='32' loading='lazy' decoding='async'\/>\t\t\n\t\t<a href=\"https:\/\/alepak.com\/author\/alepak-2-2-2-2-2-2-2-2-2-2-2-2-2-2-2-2-2-2-2-2-2-3\/\" rel=\"author\">\n\t\t\t<span class=\"vcard author author_name\">\n\t\t\t\t<span class=\"fn\">Alepak<\/span>\n\t\t\t<\/span>\n\t\t<\/a>\n\t\t\t\t\t\t\t\t<\/li>\n\t\t\t\t\t\n\t\t\t\t\t\n\t\t\t\t\t\t\t\t\t\t\t\t<\/ul>\n\t\t\t\t\t\t\t<\/div><!-- .entry-meta -->\n\t\t\t\t\t\t\t\t\t\t\t<div class=\"hovered-social-icons wd-tltp wd-tltp-top\">\n\t\t\t\t\t\t\t<div class=\"wd-tooltip-label\">\n\t\t\t\t\t\t\t\t\n\t\t\t<div class=\" wd-social-icons  icons-design-default icons-size-small color-scheme-light social-share social-form-circle text-center\">\n\n\t\t\t\t\n\t\t\t\t\t\t\t\t\t<a rel=\"noopener noreferrer nofollow\" href=\"https:\/\/www.facebook.com\/sharer\/sharer.php?u=https:\/\/alepak.com\/blog\/\" target=\"_blank\" class=\" wd-social-icon social-facebook\" aria-label=\"Facebook social link\">\n\t\t\t\t\t\t<span class=\"wd-icon\"><\/span>\n\t\t\t\t\t\t\t\t\t\t\t<\/a>\n\t\t\t\t\n\t\t\t\t\t\t\t\t\t<a rel=\"noopener noreferrer nofollow\" href=\"https:\/\/x.com\/share?url=https:\/\/alepak.com\/blog\/\" target=\"_blank\" class=\" wd-social-icon social-twitter\" aria-label=\"X social link\">\n\t\t\t\t\t\t<span class=\"wd-icon\"><\/span>\n\t\t\t\t\t\t\t\t\t\t\t<\/a>\n\t\t\t\t\n\t\t\t\t\n\t\t\t\t\n\t\t\t\t\n\t\t\t\t\t\t\t\t\t<a rel=\"noopener noreferrer nofollow\" href=\"https:\/\/pinterest.com\/pin\/create\/button\/?url=https:\/\/alepak.com\/blog\/&media=https:\/\/alepak.com\/wp-content\/uploads\/VEL_Cont_Sept_Ale_blog_2.png&description=%C2%BFC%C3%B3mo+escoger+la+mejor+m%C3%A1quina+de+relleno+de+papel+para+tu+negocio%3F\" target=\"_blank\" class=\" wd-social-icon social-pinterest\" aria-label=\"Pinterest social link\">\n\t\t\t\t\t\t<span class=\"wd-icon\"><\/span>\n\t\t\t\t\t\t\t\t\t\t\t<\/a>\n\t\t\t\t\n\t\t\t\t\n\t\t\t\t\t\t\t\t\t<a rel=\"noopener noreferrer nofollow\" href=\"https:\/\/www.linkedin.com\/shareArticle?mini=true&url=https:\/\/alepak.com\/blog\/\" target=\"_blank\" class=\" wd-social-icon social-linkedin\" aria-label=\"Linkedin social link\">\n\t\t\t\t\t\t<span class=\"wd-icon\"><\/span>\n\t\t\t\t\t\t\t\t\t\t\t<\/a>\n\t\t\t\t\n\t\t\t\t\n\t\t\t\t\n\t\t\t\t\n\t\t\t\t\n\t\t\t\t\n\t\t\t\t\n\t\t\t\t\n\t\t\t\t\n\t\t\t\t\n\t\t\t\t\t\t\t\t\n\t\t\t\t\t\t\t\t\n\t\t\t\t\n\t\t\t\t\n\t\t\t\t\t\t\t\t\t<a rel=\"noopener noreferrer nofollow\" href=\"https:\/\/telegram.me\/share\/url?url=https:\/\/alepak.com\/blog\/\" target=\"_blank\" class=\" wd-social-icon social-tg\" aria-label=\"Telegram social link\">\n\t\t\t\t\t\t<span class=\"wd-icon\"><\/span>\n\t\t\t\t\t\t\t\t\t\t\t<\/a>\n\t\t\t\t\t\t\t\t\n\t\t\t\t\n\t\t\t<\/div>\n\n\t\t\t\t\t\t\t\t\t<\/div>\n\t\t\t\t\t\t<\/div>\n\t\t\t\t\t\t\t\t\t\t\t\t\n\t\t\t\t\t\t\t\n\t\t\t\t                    <div class=\"entry-content wd-entry-content\">\n\t\t\t\t\t\tEl relleno de papel es muy vers\u00e1til, f\u00e1cil de usar y amigable con el medio ambiente. Asimismo, ayuda a reducir costos, a...\n\t\t\t\t\t\t\t\t\t\t\t<\/div><!-- .entry-content -->\n\t\t\t\t\n\t\t\t\t\t\t\t\t\t\t\t\t\t\t<p class=\"read-more-section\">\n\t\t\t\t\t\t<a class=\"btn-read-more more-link\" href=\"https:\/\/alepak.com\/mejor-maquina-de-relleno-de-papel-para-tu-negocio\/\">Continue reading<\/a>\t\t\t\t\t<\/p>\n\t\t\t\t\t\t\t\t\t\t\t\n\t\t\t\n\t\t\t\t\t<\/div>\n\t<\/div>\n<\/article><!-- #post -->\n\n\n\t\t\t\t\t\t\t\t\t\t\t\n<article id=\"post-4217\" class=\"wd-post blog-design-masonry blog-post-loop blog-style-bg wd-add-shadow wd-col post-4217 post type-post status-publish format-standard has-post-thumbnail hentry category-materiales-ecologicos category-relleno-para-caja\">\n\t<div class=\"article-inner\">\n\t\t\t\t\t<header class=\"entry-header\">\n\t\t\t\t\t\t\t\t\t<figure id=\"carousel-488\" class=\"entry-thumbnail\">\n\t\t\t\t\t\t\n\t\t\t\t\t\t\t<div class=\"post-img-wrapp\">\n\t\t\t\t\t\t\t\t<a href=\"https:\/\/alepak.com\/embalaje-reutilizable-como-implementarlo\/\">\n\t\t\t\t\t\t\t\t\t<img width=\"1024\" height=\"538\" src=\"https:\/\/alepak.com\/wp-content\/uploads\/VEL_Cont_Agosto_3-20x10.png\" class=\"attachment-large size-large wd-lazy-load wd-lazy-fade\" alt=\"embalaje reutilizable\" decoding=\"async\" loading=\"lazy\" srcset=\"\" sizes=\"auto, (max-width: 1024px) 100vw, 1024px\" data-wood-src=\"https:\/\/alepak.com\/wp-content\/uploads\/VEL_Cont_Agosto_3-1024x538.png\" data-srcset=\"https:\/\/alepak.com\/wp-content\/uploads\/VEL_Cont_Agosto_3-1024x538.png 1024w, https:\/\/alepak.com\/wp-content\/uploads\/VEL_Cont_Agosto_3-300x158.png 300w, https:\/\/alepak.com\/wp-content\/uploads\/VEL_Cont_Agosto_3-768x404.png 768w, https:\/\/alepak.com\/wp-content\/uploads\/VEL_Cont_Agosto_3-600x316.png 600w, https:\/\/alepak.com\/wp-content\/uploads\/VEL_Cont_Agosto_3-150x79.png 150w, https:\/\/alepak.com\/wp-content\/uploads\/VEL_Cont_Agosto_3.png 1200w\" \/>\t\t\t\t\t\t\t\t<\/a>\n\t\t\t\t\t\t\t<\/div>\n\t\t\t\t\t\t\t<div class=\"post-image-mask\">\n\t\t\t\t\t\t\t\t<span><\/span>\n\t\t\t\t\t\t\t<\/div>\n\n\t\t\t\t\t\t\n\t\t\t\t\t<\/figure>\n\t\t\t\t\n\t\t\t\t\t\t\t\t\t\t\t\t<div class=\"post-date wd-post-date wd-style-with-bg\">\n\t\t\t\t<span class=\"post-date-day\">\n\t\t\t\t\t03\t\t\t\t<\/span>\n\t\t\t\t<span class=\"post-date-month\">\n\t\t\t\t\tAgo\t\t\t\t<\/span>\n\t\t\t<\/div>\n\t\t\t\t\t\t\n\t\t\t<\/header><!-- .entry-header -->\n\n\t\t<div class=\"article-body-container\">\n\t\t\t\n\t\t\t\t\t\t\t\t\t<div class=\"meta-categories-wrapp\"><div class=\"meta-post-categories wd-post-cat wd-style-with-bg\"><a href=\"https:\/\/alepak.com\/category\/materiales-ecologicos\/\" rel=\"category tag\">Materiales ecol\u00f3gicos<\/a>, <a href=\"https:\/\/alepak.com\/category\/relleno-para-caja\/\" rel=\"category tag\">Relleno para caja<\/a><\/div><\/div>\n\t\t\t\t\n\t\t\t\t\t\t\t\t\t<h3 class=\"wd-entities-title title post-title\">\n\t\t\t\t\t\t<a href=\"https:\/\/alepak.com\/embalaje-reutilizable-como-implementarlo\/\" rel=\"bookmark\">Embalaje reutilizable: c\u00f3mo implementarlo<\/a>\n\t\t\t\t\t<\/h3>\n\t\t\t\t\n\t\t\t\t\t\t\t\t\t<div class=\"entry-meta wd-entry-meta\">\n\t\t\t\t\t\t\t\t\t<ul class=\"entry-meta-list\">\n\t\t\t\t\t\t\t\t\t<li class=\"modified-date\">\n\t\t\t\t\t\t\t\t<time class=\"updated\" datetime=\"2021-08-03T17:00:30-05:00\">\n\t\t\t3 de agosto de 2021\t\t<\/time>\n\t\t\t\t\t\t\t<\/li>\n\n\t\t\t\t\t\n\t\t\t\t\t\t\t\t\t\t\t<li class=\"meta-author\">\n\t\t\t\t\t\t\t\t\t\t\t\t<span>By<\/span>\n\t\t\n\t\t\t\t\t<img alt='author-avatar' src=\"https:\/\/alepak.com\/wp-content\/themes\/woodmart\/images\/lazy.png\" data-wood-src='https:\/\/secure.gravatar.com\/avatar\/964beb613ce0ab3a5a350f262d6792fa1fbd1553f7a5b96614865583732f8c96?s=32&#038;d=mm&#038;r=g' srcset=\"\" data-srcset='https:\/\/secure.gravatar.com\/avatar\/964beb613ce0ab3a5a350f262d6792fa1fbd1553f7a5b96614865583732f8c96?s=64&#038;d=mm&#038;r=g 2x' class='wd-lazy-load wd-lazy-fade avatar avatar-32 photo' height='32' width='32' loading='lazy' decoding='async'\/>\t\t\n\t\t<a href=\"https:\/\/alepak.com\/author\/alepak-2-2-2-2-2-2-2-2-2-2-2-2-2-2-2-2-2-2-2-2-2-3\/\" rel=\"author\">\n\t\t\t<span class=\"vcard author author_name\">\n\t\t\t\t<span class=\"fn\">Alepak<\/span>\n\t\t\t<\/span>\n\t\t<\/a>\n\t\t\t\t\t\t\t\t<\/li>\n\t\t\t\t\t\n\t\t\t\t\t\n\t\t\t\t\t\t\t\t\t\t\t\t<\/ul>\n\t\t\t\t\t\t\t<\/div><!-- .entry-meta -->\n\t\t\t\t\t\t\t\t\t\t\t<div class=\"hovered-social-icons wd-tltp wd-tltp-top\">\n\t\t\t\t\t\t\t<div class=\"wd-tooltip-label\">\n\t\t\t\t\t\t\t\t\n\t\t\t<div class=\" wd-social-icons  icons-design-default icons-size-small color-scheme-light social-share social-form-circle text-center\">\n\n\t\t\t\t\n\t\t\t\t\t\t\t\t\t<a rel=\"noopener noreferrer nofollow\" href=\"https:\/\/www.facebook.com\/sharer\/sharer.php?u=https:\/\/alepak.com\/blog\/\" target=\"_blank\" class=\" wd-social-icon social-facebook\" aria-label=\"Facebook social link\">\n\t\t\t\t\t\t<span class=\"wd-icon\"><\/span>\n\t\t\t\t\t\t\t\t\t\t\t<\/a>\n\t\t\t\t\n\t\t\t\t\t\t\t\t\t<a rel=\"noopener noreferrer nofollow\" href=\"https:\/\/x.com\/share?url=https:\/\/alepak.com\/blog\/\" target=\"_blank\" class=\" wd-social-icon social-twitter\" aria-label=\"X social link\">\n\t\t\t\t\t\t<span class=\"wd-icon\"><\/span>\n\t\t\t\t\t\t\t\t\t\t\t<\/a>\n\t\t\t\t\n\t\t\t\t\n\t\t\t\t\n\t\t\t\t\n\t\t\t\t\t\t\t\t\t<a rel=\"noopener noreferrer nofollow\" href=\"https:\/\/pinterest.com\/pin\/create\/button\/?url=https:\/\/alepak.com\/blog\/&media=https:\/\/alepak.com\/wp-content\/uploads\/VEL_Cont_Agosto_3.png&description=Embalaje+reutilizable%3A+c%C3%B3mo+implementarlo\" target=\"_blank\" class=\" wd-social-icon social-pinterest\" aria-label=\"Pinterest social link\">\n\t\t\t\t\t\t<span class=\"wd-icon\"><\/span>\n\t\t\t\t\t\t\t\t\t\t\t<\/a>\n\t\t\t\t\n\t\t\t\t\n\t\t\t\t\t\t\t\t\t<a rel=\"noopener noreferrer nofollow\" href=\"https:\/\/www.linkedin.com\/shareArticle?mini=true&url=https:\/\/alepak.com\/blog\/\" target=\"_blank\" class=\" wd-social-icon social-linkedin\" aria-label=\"Linkedin social link\">\n\t\t\t\t\t\t<span class=\"wd-icon\"><\/span>\n\t\t\t\t\t\t\t\t\t\t\t<\/a>\n\t\t\t\t\n\t\t\t\t\n\t\t\t\t\n\t\t\t\t\n\t\t\t\t\n\t\t\t\t\n\t\t\t\t\n\t\t\t\t\n\t\t\t\t\n\t\t\t\t\n\t\t\t\t\t\t\t\t\n\t\t\t\t\t\t\t\t\n\t\t\t\t\n\t\t\t\t\n\t\t\t\t\t\t\t\t\t<a rel=\"noopener noreferrer nofollow\" href=\"https:\/\/telegram.me\/share\/url?url=https:\/\/alepak.com\/blog\/\" target=\"_blank\" class=\" wd-social-icon social-tg\" aria-label=\"Telegram social link\">\n\t\t\t\t\t\t<span class=\"wd-icon\"><\/span>\n\t\t\t\t\t\t\t\t\t\t\t<\/a>\n\t\t\t\t\t\t\t\t\n\t\t\t\t\n\t\t\t<\/div>\n\n\t\t\t\t\t\t\t\t\t<\/div>\n\t\t\t\t\t\t<\/div>\n\t\t\t\t\t\t\t\t\t\t\t\t\n\t\t\t\t\t\t\t\n\t\t\t\t                    <div class=\"entry-content wd-entry-content\">\n\t\t\t\t\t\tHoy en d\u00eda es necesario que las empresas se comprometan con el cuidado del medio ambiente y para ello pueden usar embala...\n\t\t\t\t\t\t\t\t\t\t\t<\/div><!-- .entry-content -->\n\t\t\t\t\n\t\t\t\t\t\t\t\t\t\t\t\t\t\t<p class=\"read-more-section\">\n\t\t\t\t\t\t<a class=\"btn-read-more more-link\" href=\"https:\/\/alepak.com\/embalaje-reutilizable-como-implementarlo\/\">Continue reading<\/a>\t\t\t\t\t<\/p>\n\t\t\t\t\t\t\t\t\t\t\t\n\t\t\t\n\t\t\t\t\t<\/div>\n\t<\/div>\n<\/article><!-- #post -->\n\n\n\t\t\t\t\t\t\t\t\t\t\t\n<article id=\"post-4182\" class=\"wd-post blog-design-masonry blog-post-loop blog-style-bg wd-add-shadow wd-col post-4182 post type-post status-publish format-standard has-post-thumbnail hentry category-flejado\">\n\t<div class=\"article-inner\">\n\t\t\t\t\t<header class=\"entry-header\">\n\t\t\t\t\t\t\t\t\t<figure id=\"carousel-975\" class=\"entry-thumbnail\">\n\t\t\t\t\t\t\n\t\t\t\t\t\t\t<div class=\"post-img-wrapp\">\n\t\t\t\t\t\t\t\t<a href=\"https:\/\/alepak.com\/como-elegir-la-mejor-flejadora-para-tu-negocio\/\">\n\t\t\t\t\t\t\t\t\t<img width=\"1024\" height=\"538\" src=\"https:\/\/alepak.com\/wp-content\/uploads\/VEL_Cont_Julio_1-20x10.png\" class=\"attachment-large size-large wd-lazy-load wd-lazy-fade\" alt=\"La mejor flejadora para tu negocio\" decoding=\"async\" loading=\"lazy\" srcset=\"\" sizes=\"auto, (max-width: 1024px) 100vw, 1024px\" data-wood-src=\"https:\/\/alepak.com\/wp-content\/uploads\/VEL_Cont_Julio_1-1024x538.png\" data-srcset=\"https:\/\/alepak.com\/wp-content\/uploads\/VEL_Cont_Julio_1-1024x538.png 1024w, https:\/\/alepak.com\/wp-content\/uploads\/VEL_Cont_Julio_1-300x158.png 300w, https:\/\/alepak.com\/wp-content\/uploads\/VEL_Cont_Julio_1-768x404.png 768w, https:\/\/alepak.com\/wp-content\/uploads\/VEL_Cont_Julio_1-600x315.png 600w, https:\/\/alepak.com\/wp-content\/uploads\/VEL_Cont_Julio_1-150x79.png 150w, https:\/\/alepak.com\/wp-content\/uploads\/VEL_Cont_Julio_1.png 1201w\" \/>\t\t\t\t\t\t\t\t<\/a>\n\t\t\t\t\t\t\t<\/div>\n\t\t\t\t\t\t\t<div class=\"post-image-mask\">\n\t\t\t\t\t\t\t\t<span><\/span>\n\t\t\t\t\t\t\t<\/div>\n\n\t\t\t\t\t\t\n\t\t\t\t\t<\/figure>\n\t\t\t\t\n\t\t\t\t\t\t\t\t\t\t\t\t<div class=\"post-date wd-post-date wd-style-with-bg\">\n\t\t\t\t<span class=\"post-date-day\">\n\t\t\t\t\t02\t\t\t\t<\/span>\n\t\t\t\t<span class=\"post-date-month\">\n\t\t\t\t\tJul\t\t\t\t<\/span>\n\t\t\t<\/div>\n\t\t\t\t\t\t\n\t\t\t<\/header><!-- .entry-header -->\n\n\t\t<div class=\"article-body-container\">\n\t\t\t\n\t\t\t\t\t\t\t\t\t<div class=\"meta-categories-wrapp\"><div class=\"meta-post-categories wd-post-cat wd-style-with-bg\"><a href=\"https:\/\/alepak.com\/category\/flejado\/\" rel=\"category tag\">Flejado<\/a><\/div><\/div>\n\t\t\t\t\n\t\t\t\t\t\t\t\t\t<h3 class=\"wd-entities-title title post-title\">\n\t\t\t\t\t\t<a href=\"https:\/\/alepak.com\/como-elegir-la-mejor-flejadora-para-tu-negocio\/\" rel=\"bookmark\">\u00bfC\u00f3mo elegir la mejor flejadora para tu negocio?<\/a>\n\t\t\t\t\t<\/h3>\n\t\t\t\t\n\t\t\t\t\t\t\t\t\t<div class=\"entry-meta wd-entry-meta\">\n\t\t\t\t\t\t\t\t\t<ul class=\"entry-meta-list\">\n\t\t\t\t\t\t\t\t\t<li class=\"modified-date\">\n\t\t\t\t\t\t\t\t<time class=\"updated\" datetime=\"2021-07-02T16:04:56-05:00\">\n\t\t\t2 de julio de 2021\t\t<\/time>\n\t\t\t\t\t\t\t<\/li>\n\n\t\t\t\t\t\n\t\t\t\t\t\t\t\t\t\t\t<li class=\"meta-author\">\n\t\t\t\t\t\t\t\t\t\t\t\t<span>By<\/span>\n\t\t\n\t\t\t\t\t<img alt='author-avatar' src=\"https:\/\/alepak.com\/wp-content\/themes\/woodmart\/images\/lazy.png\" data-wood-src='https:\/\/secure.gravatar.com\/avatar\/964beb613ce0ab3a5a350f262d6792fa1fbd1553f7a5b96614865583732f8c96?s=32&#038;d=mm&#038;r=g' srcset=\"\" data-srcset='https:\/\/secure.gravatar.com\/avatar\/964beb613ce0ab3a5a350f262d6792fa1fbd1553f7a5b96614865583732f8c96?s=64&#038;d=mm&#038;r=g 2x' class='wd-lazy-load wd-lazy-fade avatar avatar-32 photo' height='32' width='32' loading='lazy' decoding='async'\/>\t\t\n\t\t<a href=\"https:\/\/alepak.com\/author\/alepak-2-2-2-2-2-2-2-2-2-2-2-2-2-2-2-2-2-2-2-2-2-3\/\" rel=\"author\">\n\t\t\t<span class=\"vcard author author_name\">\n\t\t\t\t<span class=\"fn\">Alepak<\/span>\n\t\t\t<\/span>\n\t\t<\/a>\n\t\t\t\t\t\t\t\t<\/li>\n\t\t\t\t\t\n\t\t\t\t\t\n\t\t\t\t\t\t\t\t\t\t\t\t<\/ul>\n\t\t\t\t\t\t\t<\/div><!-- .entry-meta -->\n\t\t\t\t\t\t\t\t\t\t\t<div class=\"hovered-social-icons wd-tltp wd-tltp-top\">\n\t\t\t\t\t\t\t<div class=\"wd-tooltip-label\">\n\t\t\t\t\t\t\t\t\n\t\t\t<div class=\" wd-social-icons  icons-design-default icons-size-small color-scheme-light social-share social-form-circle text-center\">\n\n\t\t\t\t\n\t\t\t\t\t\t\t\t\t<a rel=\"noopener noreferrer nofollow\" href=\"https:\/\/www.facebook.com\/sharer\/sharer.php?u=https:\/\/alepak.com\/blog\/\" target=\"_blank\" class=\" wd-social-icon social-facebook\" aria-label=\"Facebook social link\">\n\t\t\t\t\t\t<span class=\"wd-icon\"><\/span>\n\t\t\t\t\t\t\t\t\t\t\t<\/a>\n\t\t\t\t\n\t\t\t\t\t\t\t\t\t<a rel=\"noopener noreferrer nofollow\" href=\"https:\/\/x.com\/share?url=https:\/\/alepak.com\/blog\/\" target=\"_blank\" class=\" wd-social-icon social-twitter\" aria-label=\"X social link\">\n\t\t\t\t\t\t<span class=\"wd-icon\"><\/span>\n\t\t\t\t\t\t\t\t\t\t\t<\/a>\n\t\t\t\t\n\t\t\t\t\n\t\t\t\t\n\t\t\t\t\n\t\t\t\t\t\t\t\t\t<a rel=\"noopener noreferrer nofollow\" href=\"https:\/\/pinterest.com\/pin\/create\/button\/?url=https:\/\/alepak.com\/blog\/&media=https:\/\/alepak.com\/wp-content\/uploads\/VEL_Cont_Julio_1.png&description=%C2%BFC%C3%B3mo+elegir+la+mejor+flejadora+para+tu+negocio%3F\" target=\"_blank\" class=\" wd-social-icon social-pinterest\" aria-label=\"Pinterest social link\">\n\t\t\t\t\t\t<span class=\"wd-icon\"><\/span>\n\t\t\t\t\t\t\t\t\t\t\t<\/a>\n\t\t\t\t\n\t\t\t\t\n\t\t\t\t\t\t\t\t\t<a rel=\"noopener noreferrer nofollow\" href=\"https:\/\/www.linkedin.com\/shareArticle?mini=true&url=https:\/\/alepak.com\/blog\/\" target=\"_blank\" class=\" wd-social-icon social-linkedin\" aria-label=\"Linkedin social link\">\n\t\t\t\t\t\t<span class=\"wd-icon\"><\/span>\n\t\t\t\t\t\t\t\t\t\t\t<\/a>\n\t\t\t\t\n\t\t\t\t\n\t\t\t\t\n\t\t\t\t\n\t\t\t\t\n\t\t\t\t\n\t\t\t\t\n\t\t\t\t\n\t\t\t\t\n\t\t\t\t\n\t\t\t\t\t\t\t\t\n\t\t\t\t\t\t\t\t\n\t\t\t\t\n\t\t\t\t\n\t\t\t\t\t\t\t\t\t<a rel=\"noopener noreferrer nofollow\" href=\"https:\/\/telegram.me\/share\/url?url=https:\/\/alepak.com\/blog\/\" target=\"_blank\" class=\" wd-social-icon social-tg\" aria-label=\"Telegram social link\">\n\t\t\t\t\t\t<span class=\"wd-icon\"><\/span>\n\t\t\t\t\t\t\t\t\t\t\t<\/a>\n\t\t\t\t\t\t\t\t\n\t\t\t\t\n\t\t\t<\/div>\n\n\t\t\t\t\t\t\t\t\t<\/div>\n\t\t\t\t\t\t<\/div>\n\t\t\t\t\t\t\t\t\t\t\t\t\n\t\t\t\t\t\t\t\n\t\t\t\t                    <div class=\"entry-content wd-entry-content\">\n\t\t\t\t\t\tUna m\u00e1quina flejadora es una de las herramientas imprescindibles que debes tener en tu negocio para optimizar el cierre ...\n\t\t\t\t\t\t\t\t\t\t\t<\/div><!-- .entry-content -->\n\t\t\t\t\n\t\t\t\t\t\t\t\t\t\t\t\t\t\t<p class=\"read-more-section\">\n\t\t\t\t\t\t<a class=\"btn-read-more more-link\" href=\"https:\/\/alepak.com\/como-elegir-la-mejor-flejadora-para-tu-negocio\/\">Continue reading<\/a>\t\t\t\t\t<\/p>\n\t\t\t\t\t\t\t\t\t\t\t\n\t\t\t\n\t\t\t\t\t<\/div>\n\t<\/div>\n<\/article><!-- #post -->\n\n\n\t\t\t\t\t\t\t\t\t\t\t\n<article id=\"post-4179\" class=\"wd-post blog-design-masonry blog-post-loop blog-style-bg wd-add-shadow wd-col post-4179 post type-post status-publish format-standard has-post-thumbnail hentry category-optimizacion-de-linea-de-empaque\">\n\t<div class=\"article-inner\">\n\t\t\t\t\t<header class=\"entry-header\">\n\t\t\t\t\t\t\t\t\t<figure id=\"carousel-690\" class=\"entry-thumbnail\">\n\t\t\t\t\t\t\n\t\t\t\t\t\t\t<div class=\"post-img-wrapp\">\n\t\t\t\t\t\t\t\t<a href=\"https:\/\/alepak.com\/soluciones-para-automatizar-el-embalaje-de-tus-productos\/\">\n\t\t\t\t\t\t\t\t\t<img width=\"1024\" height=\"538\" src=\"https:\/\/alepak.com\/wp-content\/uploads\/VEL_Cont_Julio_3-20x10.png\" class=\"attachment-large size-large wd-lazy-load wd-lazy-fade\" alt=\"Soluciones para automatizar el embalaje de tus productos\" decoding=\"async\" loading=\"lazy\" srcset=\"\" sizes=\"auto, (max-width: 1024px) 100vw, 1024px\" data-wood-src=\"https:\/\/alepak.com\/wp-content\/uploads\/VEL_Cont_Julio_3-1024x538.png\" data-srcset=\"https:\/\/alepak.com\/wp-content\/uploads\/VEL_Cont_Julio_3-1024x538.png 1024w, https:\/\/alepak.com\/wp-content\/uploads\/VEL_Cont_Julio_3-300x158.png 300w, https:\/\/alepak.com\/wp-content\/uploads\/VEL_Cont_Julio_3-768x404.png 768w, https:\/\/alepak.com\/wp-content\/uploads\/VEL_Cont_Julio_3-600x316.png 600w, https:\/\/alepak.com\/wp-content\/uploads\/VEL_Cont_Julio_3-150x79.png 150w, https:\/\/alepak.com\/wp-content\/uploads\/VEL_Cont_Julio_3.png 1200w\" \/>\t\t\t\t\t\t\t\t<\/a>\n\t\t\t\t\t\t\t<\/div>\n\t\t\t\t\t\t\t<div class=\"post-image-mask\">\n\t\t\t\t\t\t\t\t<span><\/span>\n\t\t\t\t\t\t\t<\/div>\n\n\t\t\t\t\t\t\n\t\t\t\t\t<\/figure>\n\t\t\t\t\n\t\t\t\t\t\t\t\t\t\t\t\t<div class=\"post-date wd-post-date wd-style-with-bg\">\n\t\t\t\t<span class=\"post-date-day\">\n\t\t\t\t\t02\t\t\t\t<\/span>\n\t\t\t\t<span class=\"post-date-month\">\n\t\t\t\t\tJul\t\t\t\t<\/span>\n\t\t\t<\/div>\n\t\t\t\t\t\t\n\t\t\t<\/header><!-- .entry-header -->\n\n\t\t<div class=\"article-body-container\">\n\t\t\t\n\t\t\t\t\t\t\t\t\t<div class=\"meta-categories-wrapp\"><div class=\"meta-post-categories wd-post-cat wd-style-with-bg\"><a href=\"https:\/\/alepak.com\/category\/optimizacion-de-linea-de-empaque\/\" rel=\"category tag\">Optimizaci\u00f3n de L\u00ednea de Empaque<\/a><\/div><\/div>\n\t\t\t\t\n\t\t\t\t\t\t\t\t\t<h3 class=\"wd-entities-title title post-title\">\n\t\t\t\t\t\t<a href=\"https:\/\/alepak.com\/soluciones-para-automatizar-el-embalaje-de-tus-productos\/\" rel=\"bookmark\">Soluciones para automatizar el embalaje de tus productos<\/a>\n\t\t\t\t\t<\/h3>\n\t\t\t\t\n\t\t\t\t\t\t\t\t\t<div class=\"entry-meta wd-entry-meta\">\n\t\t\t\t\t\t\t\t\t<ul class=\"entry-meta-list\">\n\t\t\t\t\t\t\t\t\t<li class=\"modified-date\">\n\t\t\t\t\t\t\t\t<time class=\"updated\" datetime=\"2021-07-02T15:33:47-05:00\">\n\t\t\t2 de julio de 2021\t\t<\/time>\n\t\t\t\t\t\t\t<\/li>\n\n\t\t\t\t\t\n\t\t\t\t\t\t\t\t\t\t\t<li class=\"meta-author\">\n\t\t\t\t\t\t\t\t\t\t\t\t<span>By<\/span>\n\t\t\n\t\t\t\t\t<img alt='author-avatar' src=\"https:\/\/alepak.com\/wp-content\/themes\/woodmart\/images\/lazy.png\" data-wood-src='https:\/\/secure.gravatar.com\/avatar\/964beb613ce0ab3a5a350f262d6792fa1fbd1553f7a5b96614865583732f8c96?s=32&#038;d=mm&#038;r=g' srcset=\"\" data-srcset='https:\/\/secure.gravatar.com\/avatar\/964beb613ce0ab3a5a350f262d6792fa1fbd1553f7a5b96614865583732f8c96?s=64&#038;d=mm&#038;r=g 2x' class='wd-lazy-load wd-lazy-fade avatar avatar-32 photo' height='32' width='32' loading='lazy' decoding='async'\/>\t\t\n\t\t<a href=\"https:\/\/alepak.com\/author\/alepak-2-2-2-2-2-2-2-2-2-2-2-2-2-2-2-2-2-2-2-2-2-3\/\" rel=\"author\">\n\t\t\t<span class=\"vcard author author_name\">\n\t\t\t\t<span class=\"fn\">Alepak<\/span>\n\t\t\t<\/span>\n\t\t<\/a>\n\t\t\t\t\t\t\t\t<\/li>\n\t\t\t\t\t\n\t\t\t\t\t\n\t\t\t\t\t\t\t\t\t\t\t\t<\/ul>\n\t\t\t\t\t\t\t<\/div><!-- .entry-meta -->\n\t\t\t\t\t\t\t\t\t\t\t<div class=\"hovered-social-icons wd-tltp wd-tltp-top\">\n\t\t\t\t\t\t\t<div class=\"wd-tooltip-label\">\n\t\t\t\t\t\t\t\t\n\t\t\t<div class=\" wd-social-icons  icons-design-default icons-size-small color-scheme-light social-share social-form-circle text-center\">\n\n\t\t\t\t\n\t\t\t\t\t\t\t\t\t<a rel=\"noopener noreferrer nofollow\" href=\"https:\/\/www.facebook.com\/sharer\/sharer.php?u=https:\/\/alepak.com\/blog\/\" target=\"_blank\" class=\" wd-social-icon social-facebook\" aria-label=\"Facebook social link\">\n\t\t\t\t\t\t<span class=\"wd-icon\"><\/span>\n\t\t\t\t\t\t\t\t\t\t\t<\/a>\n\t\t\t\t\n\t\t\t\t\t\t\t\t\t<a rel=\"noopener noreferrer nofollow\" href=\"https:\/\/x.com\/share?url=https:\/\/alepak.com\/blog\/\" target=\"_blank\" class=\" wd-social-icon social-twitter\" aria-label=\"X social link\">\n\t\t\t\t\t\t<span class=\"wd-icon\"><\/span>\n\t\t\t\t\t\t\t\t\t\t\t<\/a>\n\t\t\t\t\n\t\t\t\t\n\t\t\t\t\n\t\t\t\t\n\t\t\t\t\t\t\t\t\t<a rel=\"noopener noreferrer nofollow\" href=\"https:\/\/pinterest.com\/pin\/create\/button\/?url=https:\/\/alepak.com\/blog\/&media=https:\/\/alepak.com\/wp-content\/uploads\/VEL_Cont_Julio_3.png&description=Soluciones+para+automatizar+el+embalaje+de+tus+productos\" target=\"_blank\" class=\" wd-social-icon social-pinterest\" aria-label=\"Pinterest social link\">\n\t\t\t\t\t\t<span class=\"wd-icon\"><\/span>\n\t\t\t\t\t\t\t\t\t\t\t<\/a>\n\t\t\t\t\n\t\t\t\t\n\t\t\t\t\t\t\t\t\t<a rel=\"noopener noreferrer nofollow\" href=\"https:\/\/www.linkedin.com\/shareArticle?mini=true&url=https:\/\/alepak.com\/blog\/\" target=\"_blank\" class=\" wd-social-icon social-linkedin\" aria-label=\"Linkedin social link\">\n\t\t\t\t\t\t<span class=\"wd-icon\"><\/span>\n\t\t\t\t\t\t\t\t\t\t\t<\/a>\n\t\t\t\t\n\t\t\t\t\n\t\t\t\t\n\t\t\t\t\n\t\t\t\t\n\t\t\t\t\n\t\t\t\t\n\t\t\t\t\n\t\t\t\t\n\t\t\t\t\n\t\t\t\t\t\t\t\t\n\t\t\t\t\t\t\t\t\n\t\t\t\t\n\t\t\t\t\n\t\t\t\t\t\t\t\t\t<a rel=\"noopener noreferrer nofollow\" href=\"https:\/\/telegram.me\/share\/url?url=https:\/\/alepak.com\/blog\/\" target=\"_blank\" class=\" wd-social-icon social-tg\" aria-label=\"Telegram social link\">\n\t\t\t\t\t\t<span class=\"wd-icon\"><\/span>\n\t\t\t\t\t\t\t\t\t\t\t<\/a>\n\t\t\t\t\t\t\t\t\n\t\t\t\t\n\t\t\t<\/div>\n\n\t\t\t\t\t\t\t\t\t<\/div>\n\t\t\t\t\t\t<\/div>\n\t\t\t\t\t\t\t\t\t\t\t\t\n\t\t\t\t\t\t\t\n\t\t\t\t                    <div class=\"entry-content wd-entry-content\">\n\t\t\t\t\t\tAutomatizar tus procesos de trabajo es un elemento fundamental para hacer crecer tu negocio. Sobre todo, si tienes una e...\n\t\t\t\t\t\t\t\t\t\t\t<\/div><!-- .entry-content -->\n\t\t\t\t\n\t\t\t\t\t\t\t\t\t\t\t\t\t\t<p class=\"read-more-section\">\n\t\t\t\t\t\t<a class=\"btn-read-more more-link\" href=\"https:\/\/alepak.com\/soluciones-para-automatizar-el-embalaje-de-tus-productos\/\">Continue reading<\/a>\t\t\t\t\t<\/p>\n\t\t\t\t\t\t\t\t\t\t\t\n\t\t\t\n\t\t\t\t\t<\/div>\n\t<\/div>\n<\/article><!-- #post -->\n\n\n\t\t\t\t\t\t\t\t\t\t\t\n<article id=\"post-4085\" class=\"wd-post blog-design-masonry blog-post-loop blog-style-bg wd-add-shadow wd-col post-4085 post type-post status-publish format-standard has-post-thumbnail hentry category-optimizacion-de-linea-de-empaque\">\n\t<div class=\"article-inner\">\n\t\t\t\t\t<header class=\"entry-header\">\n\t\t\t\t\t\t\t\t\t<figure id=\"carousel-947\" class=\"entry-thumbnail\">\n\t\t\t\t\t\t\n\t\t\t\t\t\t\t<div class=\"post-img-wrapp\">\n\t\t\t\t\t\t\t\t<a href=\"https:\/\/alepak.com\/lecciones-de-embalaje-que-puedes-aprender-de-los-grandes-e-commerce\/\">\n\t\t\t\t\t\t\t\t\t<img width=\"1024\" height=\"538\" src=\"https:\/\/alepak.com\/wp-content\/uploads\/VEL_Cont_Junio_3-20x10.png\" class=\"attachment-large size-large wd-lazy-load wd-lazy-fade\" alt=\"lecciones de embalaje\" decoding=\"async\" loading=\"lazy\" srcset=\"\" sizes=\"auto, (max-width: 1024px) 100vw, 1024px\" data-wood-src=\"https:\/\/alepak.com\/wp-content\/uploads\/VEL_Cont_Junio_3-1024x538.png\" data-srcset=\"https:\/\/alepak.com\/wp-content\/uploads\/VEL_Cont_Junio_3-1024x538.png 1024w, https:\/\/alepak.com\/wp-content\/uploads\/VEL_Cont_Junio_3-300x158.png 300w, https:\/\/alepak.com\/wp-content\/uploads\/VEL_Cont_Junio_3-768x404.png 768w, https:\/\/alepak.com\/wp-content\/uploads\/VEL_Cont_Junio_3-600x316.png 600w, https:\/\/alepak.com\/wp-content\/uploads\/VEL_Cont_Junio_3-150x79.png 150w, https:\/\/alepak.com\/wp-content\/uploads\/VEL_Cont_Junio_3.png 1200w\" \/>\t\t\t\t\t\t\t\t<\/a>\n\t\t\t\t\t\t\t<\/div>\n\t\t\t\t\t\t\t<div class=\"post-image-mask\">\n\t\t\t\t\t\t\t\t<span><\/span>\n\t\t\t\t\t\t\t<\/div>\n\n\t\t\t\t\t\t\n\t\t\t\t\t<\/figure>\n\t\t\t\t\n\t\t\t\t\t\t\t\t\t\t\t\t<div class=\"post-date wd-post-date wd-style-with-bg\">\n\t\t\t\t<span class=\"post-date-day\">\n\t\t\t\t\t07\t\t\t\t<\/span>\n\t\t\t\t<span class=\"post-date-month\">\n\t\t\t\t\tJun\t\t\t\t<\/span>\n\t\t\t<\/div>\n\t\t\t\t\t\t\n\t\t\t<\/header><!-- .entry-header -->\n\n\t\t<div class=\"article-body-container\">\n\t\t\t\n\t\t\t\t\t\t\t\t\t<div class=\"meta-categories-wrapp\"><div class=\"meta-post-categories wd-post-cat wd-style-with-bg\"><a href=\"https:\/\/alepak.com\/category\/optimizacion-de-linea-de-empaque\/\" rel=\"category tag\">Optimizaci\u00f3n de L\u00ednea de Empaque<\/a><\/div><\/div>\n\t\t\t\t\n\t\t\t\t\t\t\t\t\t<h3 class=\"wd-entities-title title post-title\">\n\t\t\t\t\t\t<a href=\"https:\/\/alepak.com\/lecciones-de-embalaje-que-puedes-aprender-de-los-grandes-e-commerce\/\" rel=\"bookmark\">Lecciones de embalaje que puedes aprender de los grandes e-commerce<\/a>\n\t\t\t\t\t<\/h3>\n\t\t\t\t\n\t\t\t\t\t\t\t\t\t<div class=\"entry-meta wd-entry-meta\">\n\t\t\t\t\t\t\t\t\t<ul class=\"entry-meta-list\">\n\t\t\t\t\t\t\t\t\t<li class=\"modified-date\">\n\t\t\t\t\t\t\t\t<time class=\"updated\" datetime=\"2021-06-07T10:21:02-05:00\">\n\t\t\t7 de junio de 2021\t\t<\/time>\n\t\t\t\t\t\t\t<\/li>\n\n\t\t\t\t\t\n\t\t\t\t\t\t\t\t\t\t\t<li class=\"meta-author\">\n\t\t\t\t\t\t\t\t\t\t\t\t<span>By<\/span>\n\t\t\n\t\t\t\t\t<img alt='author-avatar' src=\"https:\/\/alepak.com\/wp-content\/themes\/woodmart\/images\/lazy.png\" data-wood-src='https:\/\/secure.gravatar.com\/avatar\/964beb613ce0ab3a5a350f262d6792fa1fbd1553f7a5b96614865583732f8c96?s=32&#038;d=mm&#038;r=g' srcset=\"\" data-srcset='https:\/\/secure.gravatar.com\/avatar\/964beb613ce0ab3a5a350f262d6792fa1fbd1553f7a5b96614865583732f8c96?s=64&#038;d=mm&#038;r=g 2x' class='wd-lazy-load wd-lazy-fade avatar avatar-32 photo' height='32' width='32' loading='lazy' decoding='async'\/>\t\t\n\t\t<a href=\"https:\/\/alepak.com\/author\/alepak-2-2-2-2-2-2-2-2-2-2-2-2-2-2-2-2-2-2-2-2-2-3\/\" rel=\"author\">\n\t\t\t<span class=\"vcard author author_name\">\n\t\t\t\t<span class=\"fn\">Alepak<\/span>\n\t\t\t<\/span>\n\t\t<\/a>\n\t\t\t\t\t\t\t\t<\/li>\n\t\t\t\t\t\n\t\t\t\t\t\n\t\t\t\t\t\t\t\t\t\t\t\t<\/ul>\n\t\t\t\t\t\t\t<\/div><!-- .entry-meta -->\n\t\t\t\t\t\t\t\t\t\t\t<div class=\"hovered-social-icons wd-tltp wd-tltp-top\">\n\t\t\t\t\t\t\t<div class=\"wd-tooltip-label\">\n\t\t\t\t\t\t\t\t\n\t\t\t<div class=\" wd-social-icons  icons-design-default icons-size-small color-scheme-light social-share social-form-circle text-center\">\n\n\t\t\t\t\n\t\t\t\t\t\t\t\t\t<a rel=\"noopener noreferrer nofollow\" href=\"https:\/\/www.facebook.com\/sharer\/sharer.php?u=https:\/\/alepak.com\/blog\/\" target=\"_blank\" class=\" wd-social-icon social-facebook\" aria-label=\"Facebook social link\">\n\t\t\t\t\t\t<span class=\"wd-icon\"><\/span>\n\t\t\t\t\t\t\t\t\t\t\t<\/a>\n\t\t\t\t\n\t\t\t\t\t\t\t\t\t<a rel=\"noopener noreferrer nofollow\" href=\"https:\/\/x.com\/share?url=https:\/\/alepak.com\/blog\/\" target=\"_blank\" class=\" wd-social-icon social-twitter\" aria-label=\"X social link\">\n\t\t\t\t\t\t<span class=\"wd-icon\"><\/span>\n\t\t\t\t\t\t\t\t\t\t\t<\/a>\n\t\t\t\t\n\t\t\t\t\n\t\t\t\t\n\t\t\t\t\n\t\t\t\t\t\t\t\t\t<a rel=\"noopener noreferrer nofollow\" href=\"https:\/\/pinterest.com\/pin\/create\/button\/?url=https:\/\/alepak.com\/blog\/&media=https:\/\/alepak.com\/wp-content\/uploads\/VEL_Cont_Junio_3.png&description=Lecciones+de+embalaje+que+puedes+aprender+de+los+grandes+e-commerce\" target=\"_blank\" class=\" wd-social-icon social-pinterest\" aria-label=\"Pinterest social link\">\n\t\t\t\t\t\t<span class=\"wd-icon\"><\/span>\n\t\t\t\t\t\t\t\t\t\t\t<\/a>\n\t\t\t\t\n\t\t\t\t\n\t\t\t\t\t\t\t\t\t<a rel=\"noopener noreferrer nofollow\" href=\"https:\/\/www.linkedin.com\/shareArticle?mini=true&url=https:\/\/alepak.com\/blog\/\" target=\"_blank\" class=\" wd-social-icon social-linkedin\" aria-label=\"Linkedin social link\">\n\t\t\t\t\t\t<span class=\"wd-icon\"><\/span>\n\t\t\t\t\t\t\t\t\t\t\t<\/a>\n\t\t\t\t\n\t\t\t\t\n\t\t\t\t\n\t\t\t\t\n\t\t\t\t\n\t\t\t\t\n\t\t\t\t\n\t\t\t\t\n\t\t\t\t\n\t\t\t\t\n\t\t\t\t\t\t\t\t\n\t\t\t\t\t\t\t\t\n\t\t\t\t\n\t\t\t\t\n\t\t\t\t\t\t\t\t\t<a rel=\"noopener noreferrer nofollow\" href=\"https:\/\/telegram.me\/share\/url?url=https:\/\/alepak.com\/blog\/\" target=\"_blank\" class=\" wd-social-icon social-tg\" aria-label=\"Telegram social link\">\n\t\t\t\t\t\t<span class=\"wd-icon\"><\/span>\n\t\t\t\t\t\t\t\t\t\t\t<\/a>\n\t\t\t\t\t\t\t\t\n\t\t\t\t\n\t\t\t<\/div>\n\n\t\t\t\t\t\t\t\t\t<\/div>\n\t\t\t\t\t\t<\/div>\n\t\t\t\t\t\t\t\t\t\t\t\t\n\t\t\t\t\t\t\t\n\t\t\t\t                    <div class=\"entry-content wd-entry-content\">\n\t\t\t\t\t\tSi trabajas en el sector del comercio electr\u00f3nico o acabas de apostar por tu tienda en l\u00ednea, seguramente quieres que el...\n\t\t\t\t\t\t\t\t\t\t\t<\/div><!-- .entry-content -->\n\t\t\t\t\n\t\t\t\t\t\t\t\t\t\t\t\t\t\t<p class=\"read-more-section\">\n\t\t\t\t\t\t<a class=\"btn-read-more more-link\" href=\"https:\/\/alepak.com\/lecciones-de-embalaje-que-puedes-aprender-de-los-grandes-e-commerce\/\">Continue reading<\/a>\t\t\t\t\t<\/p>\n\t\t\t\t\t\t\t\t\t\t\t\n\t\t\t\n\t\t\t\t\t<\/div>\n\t<\/div>\n<\/article><!-- #post -->\n\n\n\t\t\t\t\t\t\t\t\t\t\t\n<article id=\"post-4081\" class=\"wd-post blog-design-masonry blog-post-loop blog-style-bg wd-add-shadow wd-col post-4081 post type-post status-publish format-standard has-post-thumbnail hentry category-optimizacion-de-linea-de-empaque tag-empaquetado tag-logistica\">\n\t<div class=\"article-inner\">\n\t\t\t\t\t<header class=\"entry-header\">\n\t\t\t\t\t\t\t\t\t<figure id=\"carousel-347\" class=\"entry-thumbnail\">\n\t\t\t\t\t\t\n\t\t\t\t\t\t\t<div class=\"post-img-wrapp\">\n\t\t\t\t\t\t\t\t<a href=\"https:\/\/alepak.com\/consejos-para-el-embalaje-de-productos-fragiles\/\">\n\t\t\t\t\t\t\t\t\t<img width=\"1024\" height=\"538\" src=\"https:\/\/alepak.com\/wp-content\/uploads\/VEL_Cont_Junio_1-20x10.png\" class=\"attachment-large size-large wd-lazy-load wd-lazy-fade\" alt=\"embalaje de productos fr\u00e1giles\" decoding=\"async\" loading=\"lazy\" srcset=\"\" sizes=\"auto, (max-width: 1024px) 100vw, 1024px\" data-wood-src=\"https:\/\/alepak.com\/wp-content\/uploads\/VEL_Cont_Junio_1-1024x538.png\" data-srcset=\"https:\/\/alepak.com\/wp-content\/uploads\/VEL_Cont_Junio_1-1024x538.png 1024w, https:\/\/alepak.com\/wp-content\/uploads\/VEL_Cont_Junio_1-300x158.png 300w, https:\/\/alepak.com\/wp-content\/uploads\/VEL_Cont_Junio_1-768x404.png 768w, https:\/\/alepak.com\/wp-content\/uploads\/VEL_Cont_Junio_1-600x315.png 600w, https:\/\/alepak.com\/wp-content\/uploads\/VEL_Cont_Junio_1-150x79.png 150w, https:\/\/alepak.com\/wp-content\/uploads\/VEL_Cont_Junio_1.png 1201w\" \/>\t\t\t\t\t\t\t\t<\/a>\n\t\t\t\t\t\t\t<\/div>\n\t\t\t\t\t\t\t<div class=\"post-image-mask\">\n\t\t\t\t\t\t\t\t<span><\/span>\n\t\t\t\t\t\t\t<\/div>\n\n\t\t\t\t\t\t\n\t\t\t\t\t<\/figure>\n\t\t\t\t\n\t\t\t\t\t\t\t\t\t\t\t\t<div class=\"post-date wd-post-date wd-style-with-bg\">\n\t\t\t\t<span class=\"post-date-day\">\n\t\t\t\t\t04\t\t\t\t<\/span>\n\t\t\t\t<span class=\"post-date-month\">\n\t\t\t\t\tJun\t\t\t\t<\/span>\n\t\t\t<\/div>\n\t\t\t\t\t\t\n\t\t\t<\/header><!-- .entry-header -->\n\n\t\t<div class=\"article-body-container\">\n\t\t\t\n\t\t\t\t\t\t\t\t\t<div class=\"meta-categories-wrapp\"><div class=\"meta-post-categories wd-post-cat wd-style-with-bg\"><a href=\"https:\/\/alepak.com\/category\/optimizacion-de-linea-de-empaque\/\" rel=\"category tag\">Optimizaci\u00f3n de L\u00ednea de Empaque<\/a><\/div><\/div>\n\t\t\t\t\n\t\t\t\t\t\t\t\t\t<h3 class=\"wd-entities-title title post-title\">\n\t\t\t\t\t\t<a href=\"https:\/\/alepak.com\/consejos-para-el-embalaje-de-productos-fragiles\/\" rel=\"bookmark\">Consejos para el embalaje de productos fr\u00e1giles<\/a>\n\t\t\t\t\t<\/h3>\n\t\t\t\t\n\t\t\t\t\t\t\t\t\t<div class=\"entry-meta wd-entry-meta\">\n\t\t\t\t\t\t\t\t\t<ul class=\"entry-meta-list\">\n\t\t\t\t\t\t\t\t\t<li class=\"modified-date\">\n\t\t\t\t\t\t\t\t<time class=\"updated\" datetime=\"2021-06-04T13:14:09-05:00\">\n\t\t\t4 de junio de 2021\t\t<\/time>\n\t\t\t\t\t\t\t<\/li>\n\n\t\t\t\t\t\n\t\t\t\t\t\t\t\t\t\t\t<li class=\"meta-author\">\n\t\t\t\t\t\t\t\t\t\t\t\t<span>By<\/span>\n\t\t\n\t\t\t\t\t<img alt='author-avatar' src=\"https:\/\/alepak.com\/wp-content\/themes\/woodmart\/images\/lazy.png\" data-wood-src='https:\/\/secure.gravatar.com\/avatar\/964beb613ce0ab3a5a350f262d6792fa1fbd1553f7a5b96614865583732f8c96?s=32&#038;d=mm&#038;r=g' srcset=\"\" data-srcset='https:\/\/secure.gravatar.com\/avatar\/964beb613ce0ab3a5a350f262d6792fa1fbd1553f7a5b96614865583732f8c96?s=64&#038;d=mm&#038;r=g 2x' class='wd-lazy-load wd-lazy-fade avatar avatar-32 photo' height='32' width='32' loading='lazy' decoding='async'\/>\t\t\n\t\t<a href=\"https:\/\/alepak.com\/author\/alepak-2-2-2-2-2-2-2-2-2-2-2-2-2-2-2-2-2-2-2-2-2-3\/\" rel=\"author\">\n\t\t\t<span class=\"vcard author author_name\">\n\t\t\t\t<span class=\"fn\">Alepak<\/span>\n\t\t\t<\/span>\n\t\t<\/a>\n\t\t\t\t\t\t\t\t<\/li>\n\t\t\t\t\t\n\t\t\t\t\t\n\t\t\t\t\t\t\t\t\t\t\t\t<\/ul>\n\t\t\t\t\t\t\t<\/div><!-- .entry-meta -->\n\t\t\t\t\t\t\t\t\t\t\t<div class=\"hovered-social-icons wd-tltp wd-tltp-top\">\n\t\t\t\t\t\t\t<div class=\"wd-tooltip-label\">\n\t\t\t\t\t\t\t\t\n\t\t\t<div class=\" wd-social-icons  icons-design-default icons-size-small color-scheme-light social-share social-form-circle text-center\">\n\n\t\t\t\t\n\t\t\t\t\t\t\t\t\t<a rel=\"noopener noreferrer nofollow\" href=\"https:\/\/www.facebook.com\/sharer\/sharer.php?u=https:\/\/alepak.com\/blog\/\" target=\"_blank\" class=\" wd-social-icon social-facebook\" aria-label=\"Facebook social link\">\n\t\t\t\t\t\t<span class=\"wd-icon\"><\/span>\n\t\t\t\t\t\t\t\t\t\t\t<\/a>\n\t\t\t\t\n\t\t\t\t\t\t\t\t\t<a rel=\"noopener noreferrer nofollow\" href=\"https:\/\/x.com\/share?url=https:\/\/alepak.com\/blog\/\" target=\"_blank\" class=\" wd-social-icon social-twitter\" aria-label=\"X social link\">\n\t\t\t\t\t\t<span class=\"wd-icon\"><\/span>\n\t\t\t\t\t\t\t\t\t\t\t<\/a>\n\t\t\t\t\n\t\t\t\t\n\t\t\t\t\n\t\t\t\t\n\t\t\t\t\t\t\t\t\t<a rel=\"noopener noreferrer nofollow\" href=\"https:\/\/pinterest.com\/pin\/create\/button\/?url=https:\/\/alepak.com\/blog\/&media=https:\/\/alepak.com\/wp-content\/uploads\/VEL_Cont_Junio_1.png&description=Consejos+para+el+embalaje+de+productos+fr%C3%A1giles\" target=\"_blank\" class=\" wd-social-icon social-pinterest\" aria-label=\"Pinterest social link\">\n\t\t\t\t\t\t<span class=\"wd-icon\"><\/span>\n\t\t\t\t\t\t\t\t\t\t\t<\/a>\n\t\t\t\t\n\t\t\t\t\n\t\t\t\t\t\t\t\t\t<a rel=\"noopener noreferrer nofollow\" href=\"https:\/\/www.linkedin.com\/shareArticle?mini=true&url=https:\/\/alepak.com\/blog\/\" target=\"_blank\" class=\" wd-social-icon social-linkedin\" aria-label=\"Linkedin social link\">\n\t\t\t\t\t\t<span class=\"wd-icon\"><\/span>\n\t\t\t\t\t\t\t\t\t\t\t<\/a>\n\t\t\t\t\n\t\t\t\t\n\t\t\t\t\n\t\t\t\t\n\t\t\t\t\n\t\t\t\t\n\t\t\t\t\n\t\t\t\t\n\t\t\t\t\n\t\t\t\t\n\t\t\t\t\t\t\t\t\n\t\t\t\t\t\t\t\t\n\t\t\t\t\n\t\t\t\t\n\t\t\t\t\t\t\t\t\t<a rel=\"noopener noreferrer nofollow\" href=\"https:\/\/telegram.me\/share\/url?url=https:\/\/alepak.com\/blog\/\" target=\"_blank\" class=\" wd-social-icon social-tg\" aria-label=\"Telegram social link\">\n\t\t\t\t\t\t<span class=\"wd-icon\"><\/span>\n\t\t\t\t\t\t\t\t\t\t\t<\/a>\n\t\t\t\t\t\t\t\t\n\t\t\t\t\n\t\t\t<\/div>\n\n\t\t\t\t\t\t\t\t\t<\/div>\n\t\t\t\t\t\t<\/div>\n\t\t\t\t\t\t\t\t\t\t\t\t\n\t\t\t\t\t\t\t\n\t\t\t\t                    <div class=\"entry-content wd-entry-content\">\n\t\t\t\t\t\tCuando se tiene un negocio donde se ofrece un producto, es normal que se considere minuciosamente el tipo de embalaje qu...\n\t\t\t\t\t\t\t\t\t\t\t<\/div><!-- .entry-content -->\n\t\t\t\t\n\t\t\t\t\t\t\t\t\t\t\t\t\t\t<p class=\"read-more-section\">\n\t\t\t\t\t\t<a class=\"btn-read-more more-link\" href=\"https:\/\/alepak.com\/consejos-para-el-embalaje-de-productos-fragiles\/\">Continue reading<\/a>\t\t\t\t\t<\/p>\n\t\t\t\t\t\t\t\t\t\t\t\n\t\t\t\n\t\t\t\t\t<\/div>\n\t<\/div>\n<\/article><!-- #post -->\n\n\n\t\t\t\t\t\t\t\t\t\t\t\n<article id=\"post-3999\" class=\"wd-post blog-design-masonry blog-post-loop blog-style-bg wd-add-shadow wd-col post-3999 post type-post status-publish format-standard has-post-thumbnail hentry category-materiales-ecologicos category-relleno-para-caja tag-cacahuate-biodegradable tag-relleno-para-empaque tag-rellenos-ecologicos\">\n\t<div class=\"article-inner\">\n\t\t\t\t\t<header class=\"entry-header\">\n\t\t\t\t\t\t\t\t\t<figure id=\"carousel-510\" class=\"entry-thumbnail\">\n\t\t\t\t\t\t\n\t\t\t\t\t\t\t<div class=\"post-img-wrapp\">\n\t\t\t\t\t\t\t\t<a href=\"https:\/\/alepak.com\/poliburbuja-o-cacahuate-biodegradable-cual-te-conviene-mas-para-tu-embalaje\/\">\n\t\t\t\t\t\t\t\t\t<img width=\"1024\" height=\"538\" src=\"https:\/\/alepak.com\/wp-content\/uploads\/VEL_Cont_Mayo_3-20x10.png\" class=\"attachment-large size-large wd-lazy-load wd-lazy-fade\" alt=\"poliburbuja o cacahuate biodegradable\" decoding=\"async\" loading=\"lazy\" srcset=\"\" sizes=\"auto, (max-width: 1024px) 100vw, 1024px\" data-wood-src=\"https:\/\/alepak.com\/wp-content\/uploads\/VEL_Cont_Mayo_3-1024x538.png\" data-srcset=\"https:\/\/alepak.com\/wp-content\/uploads\/VEL_Cont_Mayo_3-1024x538.png 1024w, https:\/\/alepak.com\/wp-content\/uploads\/VEL_Cont_Mayo_3-300x158.png 300w, https:\/\/alepak.com\/wp-content\/uploads\/VEL_Cont_Mayo_3-768x404.png 768w, https:\/\/alepak.com\/wp-content\/uploads\/VEL_Cont_Mayo_3-600x316.png 600w, https:\/\/alepak.com\/wp-content\/uploads\/VEL_Cont_Mayo_3-150x79.png 150w, https:\/\/alepak.com\/wp-content\/uploads\/VEL_Cont_Mayo_3.png 1200w\" \/>\t\t\t\t\t\t\t\t<\/a>\n\t\t\t\t\t\t\t<\/div>\n\t\t\t\t\t\t\t<div class=\"post-image-mask\">\n\t\t\t\t\t\t\t\t<span><\/span>\n\t\t\t\t\t\t\t<\/div>\n\n\t\t\t\t\t\t\n\t\t\t\t\t<\/figure>\n\t\t\t\t\n\t\t\t\t\t\t\t\t\t\t\t\t<div class=\"post-date wd-post-date wd-style-with-bg\">\n\t\t\t\t<span class=\"post-date-day\">\n\t\t\t\t\t04\t\t\t\t<\/span>\n\t\t\t\t<span class=\"post-date-month\">\n\t\t\t\t\tMay\t\t\t\t<\/span>\n\t\t\t<\/div>\n\t\t\t\t\t\t\n\t\t\t<\/header><!-- .entry-header -->\n\n\t\t<div class=\"article-body-container\">\n\t\t\t\n\t\t\t\t\t\t\t\t\t<div class=\"meta-categories-wrapp\"><div class=\"meta-post-categories wd-post-cat wd-style-with-bg\"><a href=\"https:\/\/alepak.com\/category\/materiales-ecologicos\/\" rel=\"category tag\">Materiales ecol\u00f3gicos<\/a>, <a href=\"https:\/\/alepak.com\/category\/relleno-para-caja\/\" rel=\"category tag\">Relleno para caja<\/a><\/div><\/div>\n\t\t\t\t\n\t\t\t\t\t\t\t\t\t<h3 class=\"wd-entities-title title post-title\">\n\t\t\t\t\t\t<a href=\"https:\/\/alepak.com\/poliburbuja-o-cacahuate-biodegradable-cual-te-conviene-mas-para-tu-embalaje\/\" rel=\"bookmark\">\u00bfPoliburbuja o cacahuate biodegradable? \u00bfCu\u00e1l te conviene m\u00e1s para tu embalaje?<\/a>\n\t\t\t\t\t<\/h3>\n\t\t\t\t\n\t\t\t\t\t\t\t\t\t<div class=\"entry-meta wd-entry-meta\">\n\t\t\t\t\t\t\t\t\t<ul class=\"entry-meta-list\">\n\t\t\t\t\t\t\t\t\t<li class=\"modified-date\">\n\t\t\t\t\t\t\t\t<time class=\"updated\" datetime=\"2021-05-04T13:46:18-05:00\">\n\t\t\t4 de mayo de 2021\t\t<\/time>\n\t\t\t\t\t\t\t<\/li>\n\n\t\t\t\t\t\n\t\t\t\t\t\t\t\t\t\t\t<li class=\"meta-author\">\n\t\t\t\t\t\t\t\t\t\t\t\t<span>By<\/span>\n\t\t\n\t\t\t\t\t<img alt='author-avatar' src=\"https:\/\/alepak.com\/wp-content\/themes\/woodmart\/images\/lazy.png\" data-wood-src='https:\/\/secure.gravatar.com\/avatar\/964beb613ce0ab3a5a350f262d6792fa1fbd1553f7a5b96614865583732f8c96?s=32&#038;d=mm&#038;r=g' srcset=\"\" data-srcset='https:\/\/secure.gravatar.com\/avatar\/964beb613ce0ab3a5a350f262d6792fa1fbd1553f7a5b96614865583732f8c96?s=64&#038;d=mm&#038;r=g 2x' class='wd-lazy-load wd-lazy-fade avatar avatar-32 photo' height='32' width='32' loading='lazy' decoding='async'\/>\t\t\n\t\t<a href=\"https:\/\/alepak.com\/author\/alepak-2-2-2-2-2-2-2-2-2-2-2-2-2-2-2-2-2-2-2-2-2-3\/\" rel=\"author\">\n\t\t\t<span class=\"vcard author author_name\">\n\t\t\t\t<span class=\"fn\">Alepak<\/span>\n\t\t\t<\/span>\n\t\t<\/a>\n\t\t\t\t\t\t\t\t<\/li>\n\t\t\t\t\t\n\t\t\t\t\t\n\t\t\t\t\t\t\t\t\t\t\t\t<\/ul>\n\t\t\t\t\t\t\t<\/div><!-- .entry-meta -->\n\t\t\t\t\t\t\t\t\t\t\t<div class=\"hovered-social-icons wd-tltp wd-tltp-top\">\n\t\t\t\t\t\t\t<div class=\"wd-tooltip-label\">\n\t\t\t\t\t\t\t\t\n\t\t\t<div class=\" wd-social-icons  icons-design-default icons-size-small color-scheme-light social-share social-form-circle text-center\">\n\n\t\t\t\t\n\t\t\t\t\t\t\t\t\t<a rel=\"noopener noreferrer nofollow\" href=\"https:\/\/www.facebook.com\/sharer\/sharer.php?u=https:\/\/alepak.com\/blog\/\" target=\"_blank\" class=\" wd-social-icon social-facebook\" aria-label=\"Facebook social link\">\n\t\t\t\t\t\t<span class=\"wd-icon\"><\/span>\n\t\t\t\t\t\t\t\t\t\t\t<\/a>\n\t\t\t\t\n\t\t\t\t\t\t\t\t\t<a rel=\"noopener noreferrer nofollow\" href=\"https:\/\/x.com\/share?url=https:\/\/alepak.com\/blog\/\" target=\"_blank\" class=\" wd-social-icon social-twitter\" aria-label=\"X social link\">\n\t\t\t\t\t\t<span class=\"wd-icon\"><\/span>\n\t\t\t\t\t\t\t\t\t\t\t<\/a>\n\t\t\t\t\n\t\t\t\t\n\t\t\t\t\n\t\t\t\t\n\t\t\t\t\t\t\t\t\t<a rel=\"noopener noreferrer nofollow\" href=\"https:\/\/pinterest.com\/pin\/create\/button\/?url=https:\/\/alepak.com\/blog\/&media=https:\/\/alepak.com\/wp-content\/uploads\/VEL_Cont_Mayo_3.png&description=%C2%BFPoliburbuja+o+cacahuate+biodegradable%3F+%C2%BFCu%C3%A1l+te+conviene+m%C3%A1s+para+tu+embalaje%3F\" target=\"_blank\" class=\" wd-social-icon social-pinterest\" aria-label=\"Pinterest social link\">\n\t\t\t\t\t\t<span class=\"wd-icon\"><\/span>\n\t\t\t\t\t\t\t\t\t\t\t<\/a>\n\t\t\t\t\n\t\t\t\t\n\t\t\t\t\t\t\t\t\t<a rel=\"noopener noreferrer nofollow\" href=\"https:\/\/www.linkedin.com\/shareArticle?mini=true&url=https:\/\/alepak.com\/blog\/\" target=\"_blank\" class=\" wd-social-icon social-linkedin\" aria-label=\"Linkedin social link\">\n\t\t\t\t\t\t<span class=\"wd-icon\"><\/span>\n\t\t\t\t\t\t\t\t\t\t\t<\/a>\n\t\t\t\t\n\t\t\t\t\n\t\t\t\t\n\t\t\t\t\n\t\t\t\t\n\t\t\t\t\n\t\t\t\t\n\t\t\t\t\n\t\t\t\t\n\t\t\t\t\n\t\t\t\t\t\t\t\t\n\t\t\t\t\t\t\t\t\n\t\t\t\t\n\t\t\t\t\n\t\t\t\t\t\t\t\t\t<a rel=\"noopener noreferrer nofollow\" href=\"https:\/\/telegram.me\/share\/url?url=https:\/\/alepak.com\/blog\/\" target=\"_blank\" class=\" wd-social-icon social-tg\" aria-label=\"Telegram social link\">\n\t\t\t\t\t\t<span class=\"wd-icon\"><\/span>\n\t\t\t\t\t\t\t\t\t\t\t<\/a>\n\t\t\t\t\t\t\t\t\n\t\t\t\t\n\t\t\t<\/div>\n\n\t\t\t\t\t\t\t\t\t<\/div>\n\t\t\t\t\t\t<\/div>\n\t\t\t\t\t\t\t\t\t\t\t\t\n\t\t\t\t\t\t\t\n\t\t\t\t                    <div class=\"entry-content wd-entry-content\">\n\t\t\t\t\t\tEs muy com\u00fan que, si tienes una empresa en donde ofreces productos considerados como \u201cfr\u00e1giles\u201d o \u201cdif\u00edciles de transpor...\n\t\t\t\t\t\t\t\t\t\t\t<\/div><!-- .entry-content -->\n\t\t\t\t\n\t\t\t\t\t\t\t\t\t\t\t\t\t\t<p class=\"read-more-section\">\n\t\t\t\t\t\t<a class=\"btn-read-more more-link\" href=\"https:\/\/alepak.com\/poliburbuja-o-cacahuate-biodegradable-cual-te-conviene-mas-para-tu-embalaje\/\">Continue reading<\/a>\t\t\t\t\t<\/p>\n\t\t\t\t\t\t\t\t\t\t\t\n\t\t\t\n\t\t\t\t\t<\/div>\n\t<\/div>\n<\/article><!-- #post -->\n\n\n\t\t\t\t\t\t\t\t\t\t\t\n<article id=\"post-3993\" class=\"wd-post blog-design-masonry blog-post-loop blog-style-bg wd-add-shadow wd-col post-3993 post type-post status-publish format-standard has-post-thumbnail hentry category-relleno-para-caja\">\n\t<div class=\"article-inner\">\n\t\t\t\t\t<header class=\"entry-header\">\n\t\t\t\t\t\t\t\t\t<figure id=\"carousel-882\" class=\"entry-thumbnail\">\n\t\t\t\t\t\t\n\t\t\t\t\t\t\t<div class=\"post-img-wrapp\">\n\t\t\t\t\t\t\t\t<a href=\"https:\/\/alepak.com\/como-transportar-vino-de-forma-segura\/\">\n\t\t\t\t\t\t\t\t\t<img width=\"1024\" height=\"538\" src=\"https:\/\/alepak.com\/wp-content\/uploads\/VEL_Cont_Mayo_1-20x10.png\" class=\"attachment-large size-large wd-lazy-load wd-lazy-fade\" alt=\"embalaje para botella de vino\" decoding=\"async\" loading=\"lazy\" srcset=\"\" sizes=\"auto, (max-width: 1024px) 100vw, 1024px\" data-wood-src=\"https:\/\/alepak.com\/wp-content\/uploads\/VEL_Cont_Mayo_1-1024x538.png\" data-srcset=\"https:\/\/alepak.com\/wp-content\/uploads\/VEL_Cont_Mayo_1-1024x538.png 1024w, https:\/\/alepak.com\/wp-content\/uploads\/VEL_Cont_Mayo_1-300x158.png 300w, https:\/\/alepak.com\/wp-content\/uploads\/VEL_Cont_Mayo_1-768x404.png 768w, https:\/\/alepak.com\/wp-content\/uploads\/VEL_Cont_Mayo_1-600x315.png 600w, https:\/\/alepak.com\/wp-content\/uploads\/VEL_Cont_Mayo_1-150x79.png 150w, https:\/\/alepak.com\/wp-content\/uploads\/VEL_Cont_Mayo_1.png 1201w\" \/>\t\t\t\t\t\t\t\t<\/a>\n\t\t\t\t\t\t\t<\/div>\n\t\t\t\t\t\t\t<div class=\"post-image-mask\">\n\t\t\t\t\t\t\t\t<span><\/span>\n\t\t\t\t\t\t\t<\/div>\n\n\t\t\t\t\t\t\n\t\t\t\t\t<\/figure>\n\t\t\t\t\n\t\t\t\t\t\t\t\t\t\t\t\t<div class=\"post-date wd-post-date wd-style-with-bg\">\n\t\t\t\t<span class=\"post-date-day\">\n\t\t\t\t\t03\t\t\t\t<\/span>\n\t\t\t\t<span class=\"post-date-month\">\n\t\t\t\t\tMay\t\t\t\t<\/span>\n\t\t\t<\/div>\n\t\t\t\t\t\t\n\t\t\t<\/header><!-- .entry-header -->\n\n\t\t<div class=\"article-body-container\">\n\t\t\t\n\t\t\t\t\t\t\t\t\t<div class=\"meta-categories-wrapp\"><div class=\"meta-post-categories wd-post-cat wd-style-with-bg\"><a href=\"https:\/\/alepak.com\/category\/relleno-para-caja\/\" rel=\"category tag\">Relleno para caja<\/a><\/div><\/div>\n\t\t\t\t\n\t\t\t\t\t\t\t\t\t<h3 class=\"wd-entities-title title post-title\">\n\t\t\t\t\t\t<a href=\"https:\/\/alepak.com\/como-transportar-vino-de-forma-segura\/\" rel=\"bookmark\">\u00bfC\u00f3mo transportar vino de forma segura?<\/a>\n\t\t\t\t\t<\/h3>\n\t\t\t\t\n\t\t\t\t\t\t\t\t\t<div class=\"entry-meta wd-entry-meta\">\n\t\t\t\t\t\t\t\t\t<ul class=\"entry-meta-list\">\n\t\t\t\t\t\t\t\t\t<li class=\"modified-date\">\n\t\t\t\t\t\t\t\t<time class=\"updated\" datetime=\"2021-05-03T19:19:20-05:00\">\n\t\t\t3 de mayo de 2021\t\t<\/time>\n\t\t\t\t\t\t\t<\/li>\n\n\t\t\t\t\t\n\t\t\t\t\t\t\t\t\t\t\t<li class=\"meta-author\">\n\t\t\t\t\t\t\t\t\t\t\t\t<span>By<\/span>\n\t\t\n\t\t\t\t\t<img alt='author-avatar' src=\"https:\/\/alepak.com\/wp-content\/themes\/woodmart\/images\/lazy.png\" data-wood-src='https:\/\/secure.gravatar.com\/avatar\/964beb613ce0ab3a5a350f262d6792fa1fbd1553f7a5b96614865583732f8c96?s=32&#038;d=mm&#038;r=g' srcset=\"\" data-srcset='https:\/\/secure.gravatar.com\/avatar\/964beb613ce0ab3a5a350f262d6792fa1fbd1553f7a5b96614865583732f8c96?s=64&#038;d=mm&#038;r=g 2x' class='wd-lazy-load wd-lazy-fade avatar avatar-32 photo' height='32' width='32' loading='lazy' decoding='async'\/>\t\t\n\t\t<a href=\"https:\/\/alepak.com\/author\/alepak-2-2-2-2-2-2-2-2-2-2-2-2-2-2-2-2-2-2-2-2-2-3\/\" rel=\"author\">\n\t\t\t<span class=\"vcard author author_name\">\n\t\t\t\t<span class=\"fn\">Alepak<\/span>\n\t\t\t<\/span>\n\t\t<\/a>\n\t\t\t\t\t\t\t\t<\/li>\n\t\t\t\t\t\n\t\t\t\t\t\n\t\t\t\t\t\t\t\t\t\t\t\t<\/ul>\n\t\t\t\t\t\t\t<\/div><!-- .entry-meta -->\n\t\t\t\t\t\t\t\t\t\t\t<div class=\"hovered-social-icons wd-tltp wd-tltp-top\">\n\t\t\t\t\t\t\t<div class=\"wd-tooltip-label\">\n\t\t\t\t\t\t\t\t\n\t\t\t<div class=\" wd-social-icons  icons-design-default icons-size-small color-scheme-light social-share social-form-circle text-center\">\n\n\t\t\t\t\n\t\t\t\t\t\t\t\t\t<a rel=\"noopener noreferrer nofollow\" href=\"https:\/\/www.facebook.com\/sharer\/sharer.php?u=https:\/\/alepak.com\/blog\/\" target=\"_blank\" class=\" wd-social-icon social-facebook\" aria-label=\"Facebook social link\">\n\t\t\t\t\t\t<span class=\"wd-icon\"><\/span>\n\t\t\t\t\t\t\t\t\t\t\t<\/a>\n\t\t\t\t\n\t\t\t\t\t\t\t\t\t<a rel=\"noopener noreferrer nofollow\" href=\"https:\/\/x.com\/share?url=https:\/\/alepak.com\/blog\/\" target=\"_blank\" class=\" wd-social-icon social-twitter\" aria-label=\"X social link\">\n\t\t\t\t\t\t<span class=\"wd-icon\"><\/span>\n\t\t\t\t\t\t\t\t\t\t\t<\/a>\n\t\t\t\t\n\t\t\t\t\n\t\t\t\t\n\t\t\t\t\n\t\t\t\t\t\t\t\t\t<a rel=\"noopener noreferrer nofollow\" href=\"https:\/\/pinterest.com\/pin\/create\/button\/?url=https:\/\/alepak.com\/blog\/&media=https:\/\/alepak.com\/wp-content\/uploads\/VEL_Cont_Mayo_1.png&description=%C2%BFC%C3%B3mo+transportar+vino+de+forma+segura%3F\" target=\"_blank\" class=\" wd-social-icon social-pinterest\" aria-label=\"Pinterest social link\">\n\t\t\t\t\t\t<span class=\"wd-icon\"><\/span>\n\t\t\t\t\t\t\t\t\t\t\t<\/a>\n\t\t\t\t\n\t\t\t\t\n\t\t\t\t\t\t\t\t\t<a rel=\"noopener noreferrer nofollow\" href=\"https:\/\/www.linkedin.com\/shareArticle?mini=true&url=https:\/\/alepak.com\/blog\/\" target=\"_blank\" class=\" wd-social-icon social-linkedin\" aria-label=\"Linkedin social link\">\n\t\t\t\t\t\t<span class=\"wd-icon\"><\/span>\n\t\t\t\t\t\t\t\t\t\t\t<\/a>\n\t\t\t\t\n\t\t\t\t\n\t\t\t\t\n\t\t\t\t\n\t\t\t\t\n\t\t\t\t\n\t\t\t\t\n\t\t\t\t\n\t\t\t\t\n\t\t\t\t\n\t\t\t\t\t\t\t\t\n\t\t\t\t\t\t\t\t\n\t\t\t\t\n\t\t\t\t\n\t\t\t\t\t\t\t\t\t<a rel=\"noopener noreferrer nofollow\" href=\"https:\/\/telegram.me\/share\/url?url=https:\/\/alepak.com\/blog\/\" target=\"_blank\" class=\" wd-social-icon social-tg\" aria-label=\"Telegram social link\">\n\t\t\t\t\t\t<span class=\"wd-icon\"><\/span>\n\t\t\t\t\t\t\t\t\t\t\t<\/a>\n\t\t\t\t\t\t\t\t\n\t\t\t\t\n\t\t\t<\/div>\n\n\t\t\t\t\t\t\t\t\t<\/div>\n\t\t\t\t\t\t<\/div>\n\t\t\t\t\t\t\t\t\t\t\t\t\n\t\t\t\t\t\t\t\n\t\t\t\t                    <div class=\"entry-content wd-entry-content\">\n\t\t\t\t\t\tEl vino es una de las bebidas m\u00e1s populares y cuya demanda se ha incrementado en los \u00faltimos dos a\u00f1os. Seg\u00fan estad\u00edstica...\n\t\t\t\t\t\t\t\t\t\t\t<\/div><!-- .entry-content -->\n\t\t\t\t\n\t\t\t\t\t\t\t\t\t\t\t\t\t\t<p class=\"read-more-section\">\n\t\t\t\t\t\t<a class=\"btn-read-more more-link\" href=\"https:\/\/alepak.com\/como-transportar-vino-de-forma-segura\/\">Continue reading<\/a>\t\t\t\t\t<\/p>\n\t\t\t\t\t\t\t\t\t\t\t\n\t\t\t\n\t\t\t\t\t<\/div>\n\t<\/div>\n<\/article><!-- #post -->\n\n\n\t\t\t\t\t\t\t\t\t\t\t\n<article id=\"post-3971\" class=\"wd-post blog-design-masonry blog-post-loop blog-style-bg wd-add-shadow wd-col post-3971 post type-post status-publish format-standard has-post-thumbnail hentry category-optimizacion-de-linea-de-empaque tag-e-commerce\">\n\t<div class=\"article-inner\">\n\t\t\t\t\t<header class=\"entry-header\">\n\t\t\t\t\t\t\t\t\t<figure id=\"carousel-750\" class=\"entry-thumbnail\">\n\t\t\t\t\t\t\n\t\t\t\t\t\t\t<div class=\"post-img-wrapp\">\n\t\t\t\t\t\t\t\t<a href=\"https:\/\/alepak.com\/embalaje-para-tu-e-commerce-que-debes-tener\/\">\n\t\t\t\t\t\t\t\t\t<img width=\"1024\" height=\"538\" src=\"https:\/\/alepak.com\/wp-content\/uploads\/VEL_Cont_Abril_blog_2-20x10.png\" class=\"attachment-large size-large wd-lazy-load wd-lazy-fade\" alt=\"embalaje para tu e-commerce\" decoding=\"async\" loading=\"lazy\" srcset=\"\" sizes=\"auto, (max-width: 1024px) 100vw, 1024px\" data-wood-src=\"https:\/\/alepak.com\/wp-content\/uploads\/VEL_Cont_Abril_blog_2-1024x538.png\" data-srcset=\"https:\/\/alepak.com\/wp-content\/uploads\/VEL_Cont_Abril_blog_2-1024x538.png 1024w, https:\/\/alepak.com\/wp-content\/uploads\/VEL_Cont_Abril_blog_2-300x158.png 300w, https:\/\/alepak.com\/wp-content\/uploads\/VEL_Cont_Abril_blog_2-768x404.png 768w, https:\/\/alepak.com\/wp-content\/uploads\/VEL_Cont_Abril_blog_2-600x315.png 600w, https:\/\/alepak.com\/wp-content\/uploads\/VEL_Cont_Abril_blog_2-150x79.png 150w, https:\/\/alepak.com\/wp-content\/uploads\/VEL_Cont_Abril_blog_2.png 1201w\" \/>\t\t\t\t\t\t\t\t<\/a>\n\t\t\t\t\t\t\t<\/div>\n\t\t\t\t\t\t\t<div class=\"post-image-mask\">\n\t\t\t\t\t\t\t\t<span><\/span>\n\t\t\t\t\t\t\t<\/div>\n\n\t\t\t\t\t\t\n\t\t\t\t\t<\/figure>\n\t\t\t\t\n\t\t\t\t\t\t\t\t\t\t\t\t<div class=\"post-date wd-post-date wd-style-with-bg\">\n\t\t\t\t<span class=\"post-date-day\">\n\t\t\t\t\t31\t\t\t\t<\/span>\n\t\t\t\t<span class=\"post-date-month\">\n\t\t\t\t\tMar\t\t\t\t<\/span>\n\t\t\t<\/div>\n\t\t\t\t\t\t\n\t\t\t<\/header><!-- .entry-header -->\n\n\t\t<div class=\"article-body-container\">\n\t\t\t\n\t\t\t\t\t\t\t\t\t<div class=\"meta-categories-wrapp\"><div class=\"meta-post-categories wd-post-cat wd-style-with-bg\"><a href=\"https:\/\/alepak.com\/category\/optimizacion-de-linea-de-empaque\/\" rel=\"category tag\">Optimizaci\u00f3n de L\u00ednea de Empaque<\/a><\/div><\/div>\n\t\t\t\t\n\t\t\t\t\t\t\t\t\t<h3 class=\"wd-entities-title title post-title\">\n\t\t\t\t\t\t<a href=\"https:\/\/alepak.com\/embalaje-para-tu-e-commerce-que-debes-tener\/\" rel=\"bookmark\">Embalaje para tu e-commerce. \u00bfQu\u00e9 debes tener?<\/a>\n\t\t\t\t\t<\/h3>\n\t\t\t\t\n\t\t\t\t\t\t\t\t\t<div class=\"entry-meta wd-entry-meta\">\n\t\t\t\t\t\t\t\t\t<ul class=\"entry-meta-list\">\n\t\t\t\t\t\t\t\t\t<li class=\"modified-date\">\n\t\t\t\t\t\t\t\t<time class=\"updated\" datetime=\"2021-03-31T18:42:40-06:00\">\n\t\t\t31 de marzo de 2021\t\t<\/time>\n\t\t\t\t\t\t\t<\/li>\n\n\t\t\t\t\t\n\t\t\t\t\t\t\t\t\t\t\t<li class=\"meta-author\">\n\t\t\t\t\t\t\t\t\t\t\t\t<span>By<\/span>\n\t\t\n\t\t\t\t\t<img alt='author-avatar' src=\"https:\/\/alepak.com\/wp-content\/themes\/woodmart\/images\/lazy.png\" data-wood-src='https:\/\/secure.gravatar.com\/avatar\/964beb613ce0ab3a5a350f262d6792fa1fbd1553f7a5b96614865583732f8c96?s=32&#038;d=mm&#038;r=g' srcset=\"\" data-srcset='https:\/\/secure.gravatar.com\/avatar\/964beb613ce0ab3a5a350f262d6792fa1fbd1553f7a5b96614865583732f8c96?s=64&#038;d=mm&#038;r=g 2x' class='wd-lazy-load wd-lazy-fade avatar avatar-32 photo' height='32' width='32' loading='lazy' decoding='async'\/>\t\t\n\t\t<a href=\"https:\/\/alepak.com\/author\/alepak-2-2-2-2-2-2-2-2-2-2-2-2-2-2-2-2-2-2-2-2-2-3\/\" rel=\"author\">\n\t\t\t<span class=\"vcard author author_name\">\n\t\t\t\t<span class=\"fn\">Alepak<\/span>\n\t\t\t<\/span>\n\t\t<\/a>\n\t\t\t\t\t\t\t\t<\/li>\n\t\t\t\t\t\n\t\t\t\t\t\n\t\t\t\t\t\t\t\t\t\t\t\t<\/ul>\n\t\t\t\t\t\t\t<\/div><!-- .entry-meta -->\n\t\t\t\t\t\t\t\t\t\t\t<div class=\"hovered-social-icons wd-tltp wd-tltp-top\">\n\t\t\t\t\t\t\t<div class=\"wd-tooltip-label\">\n\t\t\t\t\t\t\t\t\n\t\t\t<div class=\" wd-social-icons  icons-design-default icons-size-small color-scheme-light social-share social-form-circle text-center\">\n\n\t\t\t\t\n\t\t\t\t\t\t\t\t\t<a rel=\"noopener noreferrer nofollow\" href=\"https:\/\/www.facebook.com\/sharer\/sharer.php?u=https:\/\/alepak.com\/blog\/\" target=\"_blank\" class=\" wd-social-icon social-facebook\" aria-label=\"Facebook social link\">\n\t\t\t\t\t\t<span class=\"wd-icon\"><\/span>\n\t\t\t\t\t\t\t\t\t\t\t<\/a>\n\t\t\t\t\n\t\t\t\t\t\t\t\t\t<a rel=\"noopener noreferrer nofollow\" href=\"https:\/\/x.com\/share?url=https:\/\/alepak.com\/blog\/\" target=\"_blank\" class=\" wd-social-icon social-twitter\" aria-label=\"X social link\">\n\t\t\t\t\t\t<span class=\"wd-icon\"><\/span>\n\t\t\t\t\t\t\t\t\t\t\t<\/a>\n\t\t\t\t\n\t\t\t\t\n\t\t\t\t\n\t\t\t\t\n\t\t\t\t\t\t\t\t\t<a rel=\"noopener noreferrer nofollow\" href=\"https:\/\/pinterest.com\/pin\/create\/button\/?url=https:\/\/alepak.com\/blog\/&media=https:\/\/alepak.com\/wp-content\/uploads\/VEL_Cont_Abril_blog_2.png&description=Embalaje+para+tu+e-commerce.+%C2%BFQu%C3%A9+debes+tener%3F\" target=\"_blank\" class=\" wd-social-icon social-pinterest\" aria-label=\"Pinterest social link\">\n\t\t\t\t\t\t<span class=\"wd-icon\"><\/span>\n\t\t\t\t\t\t\t\t\t\t\t<\/a>\n\t\t\t\t\n\t\t\t\t\n\t\t\t\t\t\t\t\t\t<a rel=\"noopener noreferrer nofollow\" href=\"https:\/\/www.linkedin.com\/shareArticle?mini=true&url=https:\/\/alepak.com\/blog\/\" target=\"_blank\" class=\" wd-social-icon social-linkedin\" aria-label=\"Linkedin social link\">\n\t\t\t\t\t\t<span class=\"wd-icon\"><\/span>\n\t\t\t\t\t\t\t\t\t\t\t<\/a>\n\t\t\t\t\n\t\t\t\t\n\t\t\t\t\n\t\t\t\t\n\t\t\t\t\n\t\t\t\t\n\t\t\t\t\n\t\t\t\t\n\t\t\t\t\n\t\t\t\t\n\t\t\t\t\t\t\t\t\n\t\t\t\t\t\t\t\t\n\t\t\t\t\n\t\t\t\t\n\t\t\t\t\t\t\t\t\t<a rel=\"noopener noreferrer nofollow\" href=\"https:\/\/telegram.me\/share\/url?url=https:\/\/alepak.com\/blog\/\" target=\"_blank\" class=\" wd-social-icon social-tg\" aria-label=\"Telegram social link\">\n\t\t\t\t\t\t<span class=\"wd-icon\"><\/span>\n\t\t\t\t\t\t\t\t\t\t\t<\/a>\n\t\t\t\t\t\t\t\t\n\t\t\t\t\n\t\t\t<\/div>\n\n\t\t\t\t\t\t\t\t\t<\/div>\n\t\t\t\t\t\t<\/div>\n\t\t\t\t\t\t\t\t\t\t\t\t\n\t\t\t\t\t\t\t\n\t\t\t\t                    <div class=\"entry-content wd-entry-content\">\n\t\t\t\t\t\tDe acuerdo con la AMVO (Asociaci\u00f3n Mexicana de Ventas Online) al 60% de los consumidores en M\u00e9xico, le gusta recibir sus...\n\t\t\t\t\t\t\t\t\t\t\t<\/div><!-- .entry-content -->\n\t\t\t\t\n\t\t\t\t\t\t\t\t\t\t\t\t\t\t<p class=\"read-more-section\">\n\t\t\t\t\t\t<a class=\"btn-read-more more-link\" href=\"https:\/\/alepak.com\/embalaje-para-tu-e-commerce-que-debes-tener\/\">Continue reading<\/a>\t\t\t\t\t<\/p>\n\t\t\t\t\t\t\t\t\t\t\t\n\t\t\t\n\t\t\t\t\t<\/div>\n\t<\/div>\n<\/article><!-- #post -->\n\n\n\t\t\t\t\t\n\t\t\t\t\t","status":"have-posts","nextPage":"https:\/\/alepak.com\/blog\/page\/12\/?woo_ajax=1","currentPage":"https:\/\/alepak.com\/blog\/page\/11"}