
			
				

					
				

			
		{"items":"\n\t\t\t\t\t\t\t\t\t\t\t\n<article id=\"post-9339\" class=\"wd-post blog-design-masonry blog-post-loop blog-style-bg wd-add-shadow wd-col post-9339 post type-post status-publish format-standard has-post-thumbnail hentry category-automatizacion category-biofill category-blog category-distribuicion category-embalaje category-ergopack category-flejado category-logistica category-mejores-practicas-de-empaque category-optimizacion category-optimizacion-de-linea-de-empaque category-orgapack category-poliolefina category-ranpak category-soluciones-de-fin-de-linea tag-alepak tag-automatizacion-en-embalaje tag-biofill tag-cinta-engomada tag-embalaje-protector tag-empaque-para-fragiles tag-empaque-protector tag-ergopack tag-estabilidad-de-tarimas tag-lock-pop tag-logistica-industrial tag-orgapack tag-papel-para-embalaje tag-papel-para-relleno tag-pelicula-estirable tag-poliolefina tag-proteccion-de-producto tag-proteccion-interna tag-ranpak tag-relleno-protector tag-wulftec tag-zerust-excor\">\n\t<div class=\"article-inner\">\n\t\t\t\t\t<header class=\"entry-header\">\n\t\t\t\t\t\t\t\t\t<figure id=\"carousel-978\" class=\"entry-thumbnail\">\n\t\t\t\t\t\t\n\t\t\t\t\t\t\t<div class=\"post-img-wrapp\">\n\t\t\t\t\t\t\t\t<a href=\"https:\/\/alepak.com\/productos-que-se-danan-y-no-por-el-transporte\/\">\n\t\t\t\t\t\t\t\t\t<img width=\"1024\" height=\"535\" src=\"https:\/\/alepak.com\/wp-content\/uploads\/Copia-de-Blogs-portadas-20x10.jpg\" class=\"attachment-large size-large wd-lazy-load wd-lazy-fade\" alt=\"\" decoding=\"async\" fetchpriority=\"high\" srcset=\"\" sizes=\"(max-width: 1024px) 100vw, 1024px\" data-wood-src=\"https:\/\/alepak.com\/wp-content\/uploads\/Copia-de-Blogs-portadas-1024x535.jpg\" data-srcset=\"https:\/\/alepak.com\/wp-content\/uploads\/Copia-de-Blogs-portadas-1024x535.jpg 1024w, https:\/\/alepak.com\/wp-content\/uploads\/Copia-de-Blogs-portadas-300x157.jpg 300w, https:\/\/alepak.com\/wp-content\/uploads\/Copia-de-Blogs-portadas-768x401.jpg 768w, https:\/\/alepak.com\/wp-content\/uploads\/Copia-de-Blogs-portadas-1536x802.jpg 1536w, https:\/\/alepak.com\/wp-content\/uploads\/Copia-de-Blogs-portadas-2048x1070.jpg 2048w, https:\/\/alepak.com\/wp-content\/uploads\/Copia-de-Blogs-portadas-600x313.jpg 600w, https:\/\/alepak.com\/wp-content\/uploads\/Copia-de-Blogs-portadas-150x78.jpg 150w\" \/>\t\t\t\t\t\t\t\t<\/a>\n\t\t\t\t\t\t\t<\/div>\n\t\t\t\t\t\t\t<div class=\"post-image-mask\">\n\t\t\t\t\t\t\t\t<span><\/span>\n\t\t\t\t\t\t\t<\/div>\n\n\t\t\t\t\t\t\n\t\t\t\t\t<\/figure>\n\t\t\t\t\n\t\t\t\t\t\t\t\t\t\t\t\t<div class=\"post-date wd-post-date wd-style-with-bg\">\n\t\t\t\t<span class=\"post-date-day\">\n\t\t\t\t\t13\t\t\t\t<\/span>\n\t\t\t\t<span class=\"post-date-month\">\n\t\t\t\t\tFeb\t\t\t\t<\/span>\n\t\t\t<\/div>\n\t\t\t\t\t\t\n\t\t\t<\/header><!-- .entry-header -->\n\n\t\t<div class=\"article-body-container\">\n\t\t\t\n\t\t\t\t\t\t\t\t\t<div class=\"meta-categories-wrapp\"><div class=\"meta-post-categories wd-post-cat wd-style-with-bg\"><a href=\"https:\/\/alepak.com\/category\/automatizacion\/\" rel=\"category tag\">Automatizaci\u00f3n<\/a>, <a href=\"https:\/\/alepak.com\/category\/biofill\/\" rel=\"category tag\">Biofill<\/a>, <a href=\"https:\/\/alepak.com\/category\/blog\/\" rel=\"category tag\">Blog<\/a>, <a href=\"https:\/\/alepak.com\/category\/distribuicion\/\" rel=\"category tag\">Distribuici\u00f3n<\/a>, <a href=\"https:\/\/alepak.com\/category\/embalaje\/\" rel=\"category tag\">Embalaje<\/a>, <a href=\"https:\/\/alepak.com\/category\/ergopack\/\" rel=\"category tag\">Ergopack<\/a>, <a href=\"https:\/\/alepak.com\/category\/flejado\/\" rel=\"category tag\">Flejado<\/a>, <a href=\"https:\/\/alepak.com\/category\/logistica\/\" rel=\"category tag\">Log\u00edstica<\/a>, <a href=\"https:\/\/alepak.com\/category\/mejores-practicas-de-empaque\/\" rel=\"category tag\">Mejores pr\u00e1cticas de Empaque<\/a>, <a href=\"https:\/\/alepak.com\/category\/optimizacion\/\" rel=\"category tag\">Optimizaci\u00f3n<\/a>, <a href=\"https:\/\/alepak.com\/category\/optimizacion-de-linea-de-empaque\/\" rel=\"category tag\">Optimizaci\u00f3n de L\u00ednea de Empaque<\/a>, <a href=\"https:\/\/alepak.com\/category\/orgapack\/\" rel=\"category tag\">Orgapack<\/a>, <a href=\"https:\/\/alepak.com\/category\/poliolefina\/\" rel=\"category tag\">Poliolefina<\/a>, <a href=\"https:\/\/alepak.com\/category\/ranpak\/\" rel=\"category tag\">Ranpak<\/a>, <a href=\"https:\/\/alepak.com\/category\/soluciones-de-fin-de-linea\/\" rel=\"category tag\">Soluciones de Fin de L\u00ednea<\/a><\/div><\/div>\n\t\t\t\t\n\t\t\t\t\t\t\t\t\t<h3 class=\"wd-entities-title title post-title\">\n\t\t\t\t\t\t<a href=\"https:\/\/alepak.com\/productos-que-se-danan-y-no-por-el-transporte\/\" rel=\"bookmark\">Productos que se da\u00f1an y no por el transporte<\/a>\n\t\t\t\t\t<\/h3>\n\t\t\t\t\n\t\t\t\t\t\t\t\t\t<div class=\"entry-meta wd-entry-meta\">\n\t\t\t\t\t\t\t\t\t<ul class=\"entry-meta-list\">\n\t\t\t\t\t\t\t\t\t<li class=\"modified-date\">\n\t\t\t\t\t\t\t\t<time class=\"updated\" datetime=\"2026-02-13T14:52:45-06:00\">\n\t\t\t13 de febrero de 2026\t\t<\/time>\n\t\t\t\t\t\t\t<\/li>\n\n\t\t\t\t\t\n\t\t\t\t\t\t\t\t\t\t\t<li class=\"meta-author\">\n\t\t\t\t\t\t\t\t\t\t\t\t<span>By<\/span>\n\t\t\n\t\t\t\t\t<img alt='author-avatar' src=\"https:\/\/alepak.com\/wp-content\/themes\/woodmart\/images\/lazy.png\" data-wood-src='https:\/\/secure.gravatar.com\/avatar\/964beb613ce0ab3a5a350f262d6792fa1fbd1553f7a5b96614865583732f8c96?s=32&#038;d=mm&#038;r=g' srcset=\"\" data-srcset='https:\/\/secure.gravatar.com\/avatar\/964beb613ce0ab3a5a350f262d6792fa1fbd1553f7a5b96614865583732f8c96?s=64&#038;d=mm&#038;r=g 2x' class='wd-lazy-load wd-lazy-fade avatar avatar-32 photo' height='32' width='32' decoding='async'\/>\t\t\n\t\t<a href=\"https:\/\/alepak.com\/author\/alepak-2-2-2-2-2-2-2-2-2-2-2-2-2-2-2-2-2-2-2-2-2-3\/\" rel=\"author\">\n\t\t\t<span class=\"vcard author author_name\">\n\t\t\t\t<span class=\"fn\">Alepak<\/span>\n\t\t\t<\/span>\n\t\t<\/a>\n\t\t\t\t\t\t\t\t<\/li>\n\t\t\t\t\t\n\t\t\t\t\t\n\t\t\t\t\t\t\t\t\t\t\t<li class=\"meta-reply\">\n\t\t\t\t\t\t\t<a href=\"https:\/\/alepak.com\/productos-que-se-danan-y-no-por-el-transporte\/#respond\"><span class=\"replies-count\">0<\/span> <span class=\"replies-count-label\">comments<\/span><\/a>\t\t\t\t\t\t<\/li>\n\t\t\t\t\t\t\t\t\t\t\t\t<\/ul>\n\t\t\t\t\t\t\t<\/div><!-- .entry-meta -->\n\t\t\t\t\t\t\t\t\t\t\t<div class=\"hovered-social-icons wd-tltp wd-tltp-top\">\n\t\t\t\t\t\t\t<div class=\"wd-tooltip-label\">\n\t\t\t\t\t\t\t\t\t\t\t<link rel=\"stylesheet\" id=\"wd-social-icons-css\" href=\"https:\/\/alepak.com\/wp-content\/themes\/woodmart\/css\/parts\/el-social-icons.min.css?ver=7.5.1\" type=\"text\/css\" media=\"all\" \/> \t\t\t\n\t\t\t<div class=\" wd-social-icons  icons-design-default icons-size-small color-scheme-light social-share social-form-circle text-center\">\n\n\t\t\t\t\n\t\t\t\t\t\t\t\t\t<a rel=\"noopener noreferrer nofollow\" href=\"https:\/\/www.facebook.com\/sharer\/sharer.php?u=https:\/\/alepak.com\/category\/optimizacion-de-linea-de-empaque\/\" target=\"_blank\" class=\" wd-social-icon social-facebook\" aria-label=\"Facebook social link\">\n\t\t\t\t\t\t<span class=\"wd-icon\"><\/span>\n\t\t\t\t\t\t\t\t\t\t\t<\/a>\n\t\t\t\t\n\t\t\t\t\t\t\t\t\t<a rel=\"noopener noreferrer nofollow\" href=\"https:\/\/x.com\/share?url=https:\/\/alepak.com\/category\/optimizacion-de-linea-de-empaque\/\" target=\"_blank\" class=\" wd-social-icon social-twitter\" aria-label=\"X social link\">\n\t\t\t\t\t\t<span class=\"wd-icon\"><\/span>\n\t\t\t\t\t\t\t\t\t\t\t<\/a>\n\t\t\t\t\n\t\t\t\t\n\t\t\t\t\n\t\t\t\t\n\t\t\t\t\t\t\t\t\t<a rel=\"noopener noreferrer nofollow\" href=\"https:\/\/pinterest.com\/pin\/create\/button\/?url=https:\/\/alepak.com\/category\/optimizacion-de-linea-de-empaque\/&media=https:\/\/alepak.com\/wp-content\/uploads\/Copia-de-Blogs-portadas.jpg&description=Productos+que+se+da%C3%B1an+y+no+por+el+transporte\" target=\"_blank\" class=\" wd-social-icon social-pinterest\" aria-label=\"Pinterest social link\">\n\t\t\t\t\t\t<span class=\"wd-icon\"><\/span>\n\t\t\t\t\t\t\t\t\t\t\t<\/a>\n\t\t\t\t\n\t\t\t\t\n\t\t\t\t\t\t\t\t\t<a rel=\"noopener noreferrer nofollow\" href=\"https:\/\/www.linkedin.com\/shareArticle?mini=true&url=https:\/\/alepak.com\/category\/optimizacion-de-linea-de-empaque\/\" target=\"_blank\" class=\" wd-social-icon social-linkedin\" aria-label=\"Linkedin social link\">\n\t\t\t\t\t\t<span class=\"wd-icon\"><\/span>\n\t\t\t\t\t\t\t\t\t\t\t<\/a>\n\t\t\t\t\n\t\t\t\t\n\t\t\t\t\n\t\t\t\t\n\t\t\t\t\n\t\t\t\t\n\t\t\t\t\n\t\t\t\t\n\t\t\t\t\n\t\t\t\t\n\t\t\t\t\t\t\t\t\n\t\t\t\t\t\t\t\t\n\t\t\t\t\n\t\t\t\t\n\t\t\t\t\t\t\t\t\t<a rel=\"noopener noreferrer nofollow\" href=\"https:\/\/telegram.me\/share\/url?url=https:\/\/alepak.com\/category\/optimizacion-de-linea-de-empaque\/\" target=\"_blank\" class=\" wd-social-icon social-tg\" aria-label=\"Telegram social link\">\n\t\t\t\t\t\t<span class=\"wd-icon\"><\/span>\n\t\t\t\t\t\t\t\t\t\t\t<\/a>\n\t\t\t\t\t\t\t\t\n\t\t\t\t\n\t\t\t<\/div>\n\n\t\t\t\t\t\t\t\t\t<\/div>\n\t\t\t\t\t\t<\/div>\n\t\t\t\t\t\t\t\t\t\t\t\t\n\t\t\t\t\t\t\t\n\t\t\t\t                    <div class=\"entry-content wd-entry-content\">\n\t\t\t\t\t\tIntroducci\u00f3n: Cuando un producto fr\u00e1gil llega roto\r\nCuando un producto llega roto, es muy com\u00fan culpar al transportista....\n\t\t\t\t\t\t\t\t\t\t\t<\/div><!-- .entry-content -->\n\t\t\t\t\n\t\t\t\t\t\t\t\t\t\t\t\t\t\t<p class=\"read-more-section\">\n\t\t\t\t\t\t<a class=\"btn-read-more more-link\" href=\"https:\/\/alepak.com\/productos-que-se-danan-y-no-por-el-transporte\/\">Continue reading<\/a>\t\t\t\t\t<\/p>\n\t\t\t\t\t\t\t\t\t\t\t\n\t\t\t\n\t\t\t\t\t<\/div>\n\t<\/div>\n<\/article><!-- #post -->\n\n\n\t\t\t\t\t\t\t\t\t\t\t\n<article id=\"post-8485\" class=\"wd-post blog-design-masonry blog-post-loop blog-style-bg wd-add-shadow wd-col post-8485 post type-post status-publish format-standard has-post-thumbnail hentry category-blog category-empaque-protector category-optimizacion-de-linea-de-empaque\">\n\t<div class=\"article-inner\">\n\t\t\t\t\t<header class=\"entry-header\">\n\t\t\t\t\t\t\t\t\t<figure id=\"carousel-390\" class=\"entry-thumbnail\">\n\t\t\t\t\t\t\n\t\t\t\t\t\t\t<div class=\"post-img-wrapp\">\n\t\t\t\t\t\t\t\t<a href=\"https:\/\/alepak.com\/beneficios-clave-de-los-empaques-de-retencion\/\">\n\t\t\t\t\t\t\t\t\t<img width=\"1024\" height=\"535\" src=\"https:\/\/alepak.com\/wp-content\/uploads\/alepak-20x10.png\" class=\"attachment-large size-large wd-lazy-load wd-lazy-fade\" alt=\"\" decoding=\"async\" srcset=\"\" sizes=\"(max-width: 1024px) 100vw, 1024px\" data-wood-src=\"https:\/\/alepak.com\/wp-content\/uploads\/alepak-1024x535.png\" data-srcset=\"https:\/\/alepak.com\/wp-content\/uploads\/alepak-1024x535.png 1024w, https:\/\/alepak.com\/wp-content\/uploads\/alepak-300x157.png 300w, https:\/\/alepak.com\/wp-content\/uploads\/alepak-768x401.png 768w, https:\/\/alepak.com\/wp-content\/uploads\/alepak-1536x802.png 1536w, https:\/\/alepak.com\/wp-content\/uploads\/alepak-2048x1070.png 2048w, https:\/\/alepak.com\/wp-content\/uploads\/alepak-600x313.png 600w, https:\/\/alepak.com\/wp-content\/uploads\/alepak-150x78.png 150w\" \/>\t\t\t\t\t\t\t\t<\/a>\n\t\t\t\t\t\t\t<\/div>\n\t\t\t\t\t\t\t<div class=\"post-image-mask\">\n\t\t\t\t\t\t\t\t<span><\/span>\n\t\t\t\t\t\t\t<\/div>\n\n\t\t\t\t\t\t\n\t\t\t\t\t<\/figure>\n\t\t\t\t\n\t\t\t\t\t\t\t\t\t\t\t\t<div class=\"post-date wd-post-date wd-style-with-bg\">\n\t\t\t\t<span class=\"post-date-day\">\n\t\t\t\t\t26\t\t\t\t<\/span>\n\t\t\t\t<span class=\"post-date-month\">\n\t\t\t\t\tFeb\t\t\t\t<\/span>\n\t\t\t<\/div>\n\t\t\t\t\t\t\n\t\t\t<\/header><!-- .entry-header -->\n\n\t\t<div class=\"article-body-container\">\n\t\t\t\n\t\t\t\t\t\t\t\t\t<div class=\"meta-categories-wrapp\"><div class=\"meta-post-categories wd-post-cat wd-style-with-bg\"><a href=\"https:\/\/alepak.com\/category\/blog\/\" rel=\"category tag\">Blog<\/a>, <a href=\"https:\/\/alepak.com\/category\/empaque-protector\/\" rel=\"category tag\">Empaque protector<\/a>, <a href=\"https:\/\/alepak.com\/category\/optimizacion-de-linea-de-empaque\/\" rel=\"category tag\">Optimizaci\u00f3n de L\u00ednea de Empaque<\/a><\/div><\/div>\n\t\t\t\t\n\t\t\t\t\t\t\t\t\t<h3 class=\"wd-entities-title title post-title\">\n\t\t\t\t\t\t<a href=\"https:\/\/alepak.com\/beneficios-clave-de-los-empaques-de-retencion\/\" rel=\"bookmark\">Beneficios clave de los empaques de retenci\u00f3n<\/a>\n\t\t\t\t\t<\/h3>\n\t\t\t\t\n\t\t\t\t\t\t\t\t\t<div class=\"entry-meta wd-entry-meta\">\n\t\t\t\t\t\t\t\t\t<ul class=\"entry-meta-list\">\n\t\t\t\t\t\t\t\t\t<li class=\"modified-date\">\n\t\t\t\t\t\t\t\t<time class=\"updated\" datetime=\"2025-02-26T19:03:10-06:00\">\n\t\t\t26 de febrero de 2025\t\t<\/time>\n\t\t\t\t\t\t\t<\/li>\n\n\t\t\t\t\t\n\t\t\t\t\t\t\t\t\t\t\t<li class=\"meta-author\">\n\t\t\t\t\t\t\t\t\t\t\t\t<span>By<\/span>\n\t\t\n\t\t\t\t\t<img alt='author-avatar' src=\"https:\/\/alepak.com\/wp-content\/themes\/woodmart\/images\/lazy.png\" data-wood-src='https:\/\/secure.gravatar.com\/avatar\/964beb613ce0ab3a5a350f262d6792fa1fbd1553f7a5b96614865583732f8c96?s=32&#038;d=mm&#038;r=g' srcset=\"\" data-srcset='https:\/\/secure.gravatar.com\/avatar\/964beb613ce0ab3a5a350f262d6792fa1fbd1553f7a5b96614865583732f8c96?s=64&#038;d=mm&#038;r=g 2x' class='wd-lazy-load wd-lazy-fade avatar avatar-32 photo' height='32' width='32' loading='lazy' decoding='async'\/>\t\t\n\t\t<a href=\"https:\/\/alepak.com\/author\/alepak-2-2-2-2-2-2-2-2-2-2-2-2-2-2-2-2-2-2-2-2-2-3\/\" rel=\"author\">\n\t\t\t<span class=\"vcard author author_name\">\n\t\t\t\t<span class=\"fn\">Alepak<\/span>\n\t\t\t<\/span>\n\t\t<\/a>\n\t\t\t\t\t\t\t\t<\/li>\n\t\t\t\t\t\n\t\t\t\t\t\n\t\t\t\t\t\t\t\t\t\t\t<li class=\"meta-reply\">\n\t\t\t\t\t\t\t<a href=\"https:\/\/alepak.com\/beneficios-clave-de-los-empaques-de-retencion\/#respond\"><span class=\"replies-count\">0<\/span> <span class=\"replies-count-label\">comments<\/span><\/a>\t\t\t\t\t\t<\/li>\n\t\t\t\t\t\t\t\t\t\t\t\t<\/ul>\n\t\t\t\t\t\t\t<\/div><!-- .entry-meta -->\n\t\t\t\t\t\t\t\t\t\t\t<div class=\"hovered-social-icons wd-tltp wd-tltp-top\">\n\t\t\t\t\t\t\t<div class=\"wd-tooltip-label\">\n\t\t\t\t\t\t\t\t\n\t\t\t<div class=\" wd-social-icons  icons-design-default icons-size-small color-scheme-light social-share social-form-circle text-center\">\n\n\t\t\t\t\n\t\t\t\t\t\t\t\t\t<a rel=\"noopener noreferrer nofollow\" href=\"https:\/\/www.facebook.com\/sharer\/sharer.php?u=https:\/\/alepak.com\/category\/optimizacion-de-linea-de-empaque\/\" target=\"_blank\" class=\" wd-social-icon social-facebook\" aria-label=\"Facebook social link\">\n\t\t\t\t\t\t<span class=\"wd-icon\"><\/span>\n\t\t\t\t\t\t\t\t\t\t\t<\/a>\n\t\t\t\t\n\t\t\t\t\t\t\t\t\t<a rel=\"noopener noreferrer nofollow\" href=\"https:\/\/x.com\/share?url=https:\/\/alepak.com\/category\/optimizacion-de-linea-de-empaque\/\" target=\"_blank\" class=\" wd-social-icon social-twitter\" aria-label=\"X social link\">\n\t\t\t\t\t\t<span class=\"wd-icon\"><\/span>\n\t\t\t\t\t\t\t\t\t\t\t<\/a>\n\t\t\t\t\n\t\t\t\t\n\t\t\t\t\n\t\t\t\t\n\t\t\t\t\t\t\t\t\t<a rel=\"noopener noreferrer nofollow\" href=\"https:\/\/pinterest.com\/pin\/create\/button\/?url=https:\/\/alepak.com\/category\/optimizacion-de-linea-de-empaque\/&media=https:\/\/alepak.com\/wp-content\/uploads\/alepak.png&description=Beneficios+clave+de+los+empaques+de+retenci%C3%B3n\" target=\"_blank\" class=\" wd-social-icon social-pinterest\" aria-label=\"Pinterest social link\">\n\t\t\t\t\t\t<span class=\"wd-icon\"><\/span>\n\t\t\t\t\t\t\t\t\t\t\t<\/a>\n\t\t\t\t\n\t\t\t\t\n\t\t\t\t\t\t\t\t\t<a rel=\"noopener noreferrer nofollow\" href=\"https:\/\/www.linkedin.com\/shareArticle?mini=true&url=https:\/\/alepak.com\/category\/optimizacion-de-linea-de-empaque\/\" target=\"_blank\" class=\" wd-social-icon social-linkedin\" aria-label=\"Linkedin social link\">\n\t\t\t\t\t\t<span class=\"wd-icon\"><\/span>\n\t\t\t\t\t\t\t\t\t\t\t<\/a>\n\t\t\t\t\n\t\t\t\t\n\t\t\t\t\n\t\t\t\t\n\t\t\t\t\n\t\t\t\t\n\t\t\t\t\n\t\t\t\t\n\t\t\t\t\n\t\t\t\t\n\t\t\t\t\t\t\t\t\n\t\t\t\t\t\t\t\t\n\t\t\t\t\n\t\t\t\t\n\t\t\t\t\t\t\t\t\t<a rel=\"noopener noreferrer nofollow\" href=\"https:\/\/telegram.me\/share\/url?url=https:\/\/alepak.com\/category\/optimizacion-de-linea-de-empaque\/\" target=\"_blank\" class=\" wd-social-icon social-tg\" aria-label=\"Telegram social link\">\n\t\t\t\t\t\t<span class=\"wd-icon\"><\/span>\n\t\t\t\t\t\t\t\t\t\t\t<\/a>\n\t\t\t\t\t\t\t\t\n\t\t\t\t\n\t\t\t<\/div>\n\n\t\t\t\t\t\t\t\t\t<\/div>\n\t\t\t\t\t\t<\/div>\n\t\t\t\t\t\t\t\t\t\t\t\t\n\t\t\t\t\t\t\t\n\t\t\t\t                    <div class=\"entry-content wd-entry-content\">\n\t\t\t\t\t\t\nLa seguridad en el embalaje es un factor cr\u00edtico en la log\u00edstica y distribuci\u00f3n de productos. Un e...\n\t\t\t\t\t\t\t\t\t\t\t<\/div><!-- .entry-content -->\n\t\t\t\t\n\t\t\t\t\t\t\t\t\t\t\t\t\t\t<p class=\"read-more-section\">\n\t\t\t\t\t\t<a class=\"btn-read-more more-link\" href=\"https:\/\/alepak.com\/beneficios-clave-de-los-empaques-de-retencion\/\">Continue reading<\/a>\t\t\t\t\t<\/p>\n\t\t\t\t\t\t\t\t\t\t\t\n\t\t\t\n\t\t\t\t\t<\/div>\n\t<\/div>\n<\/article><!-- #post -->\n\n\n\t\t\t\t\t\t\t\t\t\t\t\n<article id=\"post-8467\" class=\"wd-post blog-design-masonry blog-post-loop blog-style-bg wd-add-shadow wd-col post-8467 post type-post status-publish format-standard has-post-thumbnail hentry category-blog category-embolsado-y-empaquetado category-empaque-protector category-materiales-ecologicos category-optimizacion-de-linea-de-empaque category-proteccion-dentro-de-caja tag-empaque-ecologico tag-empaque-inteligente tag-soluciones-de-empaque\">\n\t<div class=\"article-inner\">\n\t\t\t\t\t<header class=\"entry-header\">\n\t\t\t\t\t\t\t\t\t<figure id=\"carousel-994\" class=\"entry-thumbnail\">\n\t\t\t\t\t\t\n\t\t\t\t\t\t\t<div class=\"post-img-wrapp\">\n\t\t\t\t\t\t\t\t<a href=\"https:\/\/alepak.com\/como-la-automatizacion-esta-revolucionando-el-embalaje\/\">\n\t\t\t\t\t\t\t\t\t<img width=\"1024\" height=\"535\" src=\"https:\/\/alepak.com\/wp-content\/uploads\/WhatsApp-Image-2025-02-11-at-11.29.48-AM-20x10.jpeg\" class=\"attachment-large size-large wd-lazy-load wd-lazy-fade\" alt=\"\" decoding=\"async\" loading=\"lazy\" srcset=\"\" sizes=\"auto, (max-width: 1024px) 100vw, 1024px\" data-wood-src=\"https:\/\/alepak.com\/wp-content\/uploads\/WhatsApp-Image-2025-02-11-at-11.29.48-AM-1024x535.jpeg\" data-srcset=\"https:\/\/alepak.com\/wp-content\/uploads\/WhatsApp-Image-2025-02-11-at-11.29.48-AM-1024x535.jpeg 1024w, https:\/\/alepak.com\/wp-content\/uploads\/WhatsApp-Image-2025-02-11-at-11.29.48-AM-300x157.jpeg 300w, https:\/\/alepak.com\/wp-content\/uploads\/WhatsApp-Image-2025-02-11-at-11.29.48-AM-768x401.jpeg 768w, https:\/\/alepak.com\/wp-content\/uploads\/WhatsApp-Image-2025-02-11-at-11.29.48-AM-1536x803.jpeg 1536w, https:\/\/alepak.com\/wp-content\/uploads\/WhatsApp-Image-2025-02-11-at-11.29.48-AM-600x314.jpeg 600w, https:\/\/alepak.com\/wp-content\/uploads\/WhatsApp-Image-2025-02-11-at-11.29.48-AM-150x78.jpeg 150w, https:\/\/alepak.com\/wp-content\/uploads\/WhatsApp-Image-2025-02-11-at-11.29.48-AM.jpeg 1600w\" \/>\t\t\t\t\t\t\t\t<\/a>\n\t\t\t\t\t\t\t<\/div>\n\t\t\t\t\t\t\t<div class=\"post-image-mask\">\n\t\t\t\t\t\t\t\t<span><\/span>\n\t\t\t\t\t\t\t<\/div>\n\n\t\t\t\t\t\t\n\t\t\t\t\t<\/figure>\n\t\t\t\t\n\t\t\t\t\t\t\t\t\t\t\t\t<div class=\"post-date wd-post-date wd-style-with-bg\">\n\t\t\t\t<span class=\"post-date-day\">\n\t\t\t\t\t12\t\t\t\t<\/span>\n\t\t\t\t<span class=\"post-date-month\">\n\t\t\t\t\tFeb\t\t\t\t<\/span>\n\t\t\t<\/div>\n\t\t\t\t\t\t\n\t\t\t<\/header><!-- .entry-header -->\n\n\t\t<div class=\"article-body-container\">\n\t\t\t\n\t\t\t\t\t\t\t\t\t<div class=\"meta-categories-wrapp\"><div class=\"meta-post-categories wd-post-cat wd-style-with-bg\"><a href=\"https:\/\/alepak.com\/category\/blog\/\" rel=\"category tag\">Blog<\/a>, <a href=\"https:\/\/alepak.com\/category\/embolsado-y-empaquetado\/\" rel=\"category tag\">Embolsado y empaquetado<\/a>, <a href=\"https:\/\/alepak.com\/category\/empaque-protector\/\" rel=\"category tag\">Empaque protector<\/a>, <a href=\"https:\/\/alepak.com\/category\/materiales-ecologicos\/\" rel=\"category tag\">Materiales ecol\u00f3gicos<\/a>, <a href=\"https:\/\/alepak.com\/category\/optimizacion-de-linea-de-empaque\/\" rel=\"category tag\">Optimizaci\u00f3n de L\u00ednea de Empaque<\/a>, <a href=\"https:\/\/alepak.com\/category\/proteccion-dentro-de-caja\/\" rel=\"category tag\">Protecci\u00f3n dentro de caja<\/a><\/div><\/div>\n\t\t\t\t\n\t\t\t\t\t\t\t\t\t<h3 class=\"wd-entities-title title post-title\">\n\t\t\t\t\t\t<a href=\"https:\/\/alepak.com\/como-la-automatizacion-esta-revolucionando-el-embalaje\/\" rel=\"bookmark\">C\u00f3mo la Automatizaci\u00f3n Est\u00e1 Revolucionando el Embalaje<\/a>\n\t\t\t\t\t<\/h3>\n\t\t\t\t\n\t\t\t\t\t\t\t\t\t<div class=\"entry-meta wd-entry-meta\">\n\t\t\t\t\t\t\t\t\t<ul class=\"entry-meta-list\">\n\t\t\t\t\t\t\t\t\t<li class=\"modified-date\">\n\t\t\t\t\t\t\t\t<time class=\"updated\" datetime=\"2025-02-12T15:22:46-06:00\">\n\t\t\t12 de febrero de 2025\t\t<\/time>\n\t\t\t\t\t\t\t<\/li>\n\n\t\t\t\t\t\n\t\t\t\t\t\t\t\t\t\t\t<li class=\"meta-author\">\n\t\t\t\t\t\t\t\t\t\t\t\t<span>By<\/span>\n\t\t\n\t\t\t\t\t<img alt='author-avatar' src=\"https:\/\/alepak.com\/wp-content\/themes\/woodmart\/images\/lazy.png\" data-wood-src='https:\/\/secure.gravatar.com\/avatar\/964beb613ce0ab3a5a350f262d6792fa1fbd1553f7a5b96614865583732f8c96?s=32&#038;d=mm&#038;r=g' srcset=\"\" data-srcset='https:\/\/secure.gravatar.com\/avatar\/964beb613ce0ab3a5a350f262d6792fa1fbd1553f7a5b96614865583732f8c96?s=64&#038;d=mm&#038;r=g 2x' class='wd-lazy-load wd-lazy-fade avatar avatar-32 photo' height='32' width='32' loading='lazy' decoding='async'\/>\t\t\n\t\t<a href=\"https:\/\/alepak.com\/author\/alepak-2-2-2-2-2-2-2-2-2-2-2-2-2-2-2-2-2-2-2-2-2-3\/\" rel=\"author\">\n\t\t\t<span class=\"vcard author author_name\">\n\t\t\t\t<span class=\"fn\">Alepak<\/span>\n\t\t\t<\/span>\n\t\t<\/a>\n\t\t\t\t\t\t\t\t<\/li>\n\t\t\t\t\t\n\t\t\t\t\t\n\t\t\t\t\t\t\t\t\t\t\t<li class=\"meta-reply\">\n\t\t\t\t\t\t\t<a href=\"https:\/\/alepak.com\/como-la-automatizacion-esta-revolucionando-el-embalaje\/#respond\"><span class=\"replies-count\">0<\/span> <span class=\"replies-count-label\">comments<\/span><\/a>\t\t\t\t\t\t<\/li>\n\t\t\t\t\t\t\t\t\t\t\t\t<\/ul>\n\t\t\t\t\t\t\t<\/div><!-- .entry-meta -->\n\t\t\t\t\t\t\t\t\t\t\t<div class=\"hovered-social-icons wd-tltp wd-tltp-top\">\n\t\t\t\t\t\t\t<div class=\"wd-tooltip-label\">\n\t\t\t\t\t\t\t\t\n\t\t\t<div class=\" wd-social-icons  icons-design-default icons-size-small color-scheme-light social-share social-form-circle text-center\">\n\n\t\t\t\t\n\t\t\t\t\t\t\t\t\t<a rel=\"noopener noreferrer nofollow\" href=\"https:\/\/www.facebook.com\/sharer\/sharer.php?u=https:\/\/alepak.com\/category\/optimizacion-de-linea-de-empaque\/\" target=\"_blank\" class=\" wd-social-icon social-facebook\" aria-label=\"Facebook social link\">\n\t\t\t\t\t\t<span class=\"wd-icon\"><\/span>\n\t\t\t\t\t\t\t\t\t\t\t<\/a>\n\t\t\t\t\n\t\t\t\t\t\t\t\t\t<a rel=\"noopener noreferrer nofollow\" href=\"https:\/\/x.com\/share?url=https:\/\/alepak.com\/category\/optimizacion-de-linea-de-empaque\/\" target=\"_blank\" class=\" wd-social-icon social-twitter\" aria-label=\"X social link\">\n\t\t\t\t\t\t<span class=\"wd-icon\"><\/span>\n\t\t\t\t\t\t\t\t\t\t\t<\/a>\n\t\t\t\t\n\t\t\t\t\n\t\t\t\t\n\t\t\t\t\n\t\t\t\t\t\t\t\t\t<a rel=\"noopener noreferrer nofollow\" href=\"https:\/\/pinterest.com\/pin\/create\/button\/?url=https:\/\/alepak.com\/category\/optimizacion-de-linea-de-empaque\/&media=https:\/\/alepak.com\/wp-content\/uploads\/WhatsApp-Image-2025-02-11-at-11.29.48-AM.jpeg&description=C%C3%B3mo+la+Automatizaci%C3%B3n+Est%C3%A1+Revolucionando+el+Embalaje\" target=\"_blank\" class=\" wd-social-icon social-pinterest\" aria-label=\"Pinterest social link\">\n\t\t\t\t\t\t<span class=\"wd-icon\"><\/span>\n\t\t\t\t\t\t\t\t\t\t\t<\/a>\n\t\t\t\t\n\t\t\t\t\n\t\t\t\t\t\t\t\t\t<a rel=\"noopener noreferrer nofollow\" href=\"https:\/\/www.linkedin.com\/shareArticle?mini=true&url=https:\/\/alepak.com\/category\/optimizacion-de-linea-de-empaque\/\" target=\"_blank\" class=\" wd-social-icon social-linkedin\" aria-label=\"Linkedin social link\">\n\t\t\t\t\t\t<span class=\"wd-icon\"><\/span>\n\t\t\t\t\t\t\t\t\t\t\t<\/a>\n\t\t\t\t\n\t\t\t\t\n\t\t\t\t\n\t\t\t\t\n\t\t\t\t\n\t\t\t\t\n\t\t\t\t\n\t\t\t\t\n\t\t\t\t\n\t\t\t\t\n\t\t\t\t\t\t\t\t\n\t\t\t\t\t\t\t\t\n\t\t\t\t\n\t\t\t\t\n\t\t\t\t\t\t\t\t\t<a rel=\"noopener noreferrer nofollow\" href=\"https:\/\/telegram.me\/share\/url?url=https:\/\/alepak.com\/category\/optimizacion-de-linea-de-empaque\/\" target=\"_blank\" class=\" wd-social-icon social-tg\" aria-label=\"Telegram social link\">\n\t\t\t\t\t\t<span class=\"wd-icon\"><\/span>\n\t\t\t\t\t\t\t\t\t\t\t<\/a>\n\t\t\t\t\t\t\t\t\n\t\t\t\t\n\t\t\t<\/div>\n\n\t\t\t\t\t\t\t\t\t<\/div>\n\t\t\t\t\t\t<\/div>\n\t\t\t\t\t\t\t\t\t\t\t\t\n\t\t\t\t\t\t\t\n\t\t\t\t                    <div class=\"entry-content wd-entry-content\">\n\t\t\t\t\t\t\nEn un mundo donde la eficiencia y la optimizaci\u00f3n de costos son clave para la competitividad, la a...\n\t\t\t\t\t\t\t\t\t\t\t<\/div><!-- .entry-content -->\n\t\t\t\t\n\t\t\t\t\t\t\t\t\t\t\t\t\t\t<p class=\"read-more-section\">\n\t\t\t\t\t\t<a class=\"btn-read-more more-link\" href=\"https:\/\/alepak.com\/como-la-automatizacion-esta-revolucionando-el-embalaje\/\">Continue reading<\/a>\t\t\t\t\t<\/p>\n\t\t\t\t\t\t\t\t\t\t\t\n\t\t\t\n\t\t\t\t\t<\/div>\n\t<\/div>\n<\/article><!-- #post -->\n\n\n\t\t\t\t\t\t\t\t\t\t\t\n<article id=\"post-8417\" class=\"wd-post blog-design-masonry blog-post-loop blog-style-bg wd-add-shadow wd-col post-8417 post type-post status-publish format-standard has-post-thumbnail hentry category-blog category-embolsado-y-empaquetado category-empaque-protector category-materiales-ecologicos category-optimizacion-de-linea-de-empaque category-proteccion-dentro-de-caja tag-empaque-ecologico tag-empaque-inteligente tag-soluciones-de-empaque\">\n\t<div class=\"article-inner\">\n\t\t\t\t\t<header class=\"entry-header\">\n\t\t\t\t\t\t\t\t\t<figure id=\"carousel-946\" class=\"entry-thumbnail\">\n\t\t\t\t\t\t\n\t\t\t\t\t\t\t<div class=\"post-img-wrapp\">\n\t\t\t\t\t\t\t\t<a href=\"https:\/\/alepak.com\/tendencias-tecnologicas-que-marcaran-el-embalaje-del-futuro\/\">\n\t\t\t\t\t\t\t\t\t<img width=\"1024\" height=\"535\" src=\"https:\/\/alepak.com\/wp-content\/uploads\/alepak_blog_dic_12-20x10.png\" class=\"attachment-large size-large wd-lazy-load wd-lazy-fade\" alt=\"Tendencias tecnol\u00f3gicas que marcar\u00e1n el embalaje del futuro\" decoding=\"async\" loading=\"lazy\" srcset=\"\" sizes=\"auto, (max-width: 1024px) 100vw, 1024px\" data-wood-src=\"https:\/\/alepak.com\/wp-content\/uploads\/alepak_blog_dic_12-1024x535.png\" data-srcset=\"https:\/\/alepak.com\/wp-content\/uploads\/alepak_blog_dic_12-1024x535.png 1024w, https:\/\/alepak.com\/wp-content\/uploads\/alepak_blog_dic_12-300x157.png 300w, https:\/\/alepak.com\/wp-content\/uploads\/alepak_blog_dic_12-768x401.png 768w, https:\/\/alepak.com\/wp-content\/uploads\/alepak_blog_dic_12-1536x802.png 1536w, https:\/\/alepak.com\/wp-content\/uploads\/alepak_blog_dic_12-2048x1070.png 2048w, https:\/\/alepak.com\/wp-content\/uploads\/alepak_blog_dic_12-600x313.png 600w, https:\/\/alepak.com\/wp-content\/uploads\/alepak_blog_dic_12-150x78.png 150w\" \/>\t\t\t\t\t\t\t\t<\/a>\n\t\t\t\t\t\t\t<\/div>\n\t\t\t\t\t\t\t<div class=\"post-image-mask\">\n\t\t\t\t\t\t\t\t<span><\/span>\n\t\t\t\t\t\t\t<\/div>\n\n\t\t\t\t\t\t\n\t\t\t\t\t<\/figure>\n\t\t\t\t\n\t\t\t\t\t\t\t\t\t\t\t\t<div class=\"post-date wd-post-date wd-style-with-bg\">\n\t\t\t\t<span class=\"post-date-day\">\n\t\t\t\t\t13\t\t\t\t<\/span>\n\t\t\t\t<span class=\"post-date-month\">\n\t\t\t\t\tDic\t\t\t\t<\/span>\n\t\t\t<\/div>\n\t\t\t\t\t\t\n\t\t\t<\/header><!-- .entry-header -->\n\n\t\t<div class=\"article-body-container\">\n\t\t\t\n\t\t\t\t\t\t\t\t\t<div class=\"meta-categories-wrapp\"><div class=\"meta-post-categories wd-post-cat wd-style-with-bg\"><a href=\"https:\/\/alepak.com\/category\/blog\/\" rel=\"category tag\">Blog<\/a>, <a href=\"https:\/\/alepak.com\/category\/embolsado-y-empaquetado\/\" rel=\"category tag\">Embolsado y empaquetado<\/a>, <a href=\"https:\/\/alepak.com\/category\/empaque-protector\/\" rel=\"category tag\">Empaque protector<\/a>, <a href=\"https:\/\/alepak.com\/category\/materiales-ecologicos\/\" rel=\"category tag\">Materiales ecol\u00f3gicos<\/a>, <a href=\"https:\/\/alepak.com\/category\/optimizacion-de-linea-de-empaque\/\" rel=\"category tag\">Optimizaci\u00f3n de L\u00ednea de Empaque<\/a>, <a href=\"https:\/\/alepak.com\/category\/proteccion-dentro-de-caja\/\" rel=\"category tag\">Protecci\u00f3n dentro de caja<\/a><\/div><\/div>\n\t\t\t\t\n\t\t\t\t\t\t\t\t\t<h3 class=\"wd-entities-title title post-title\">\n\t\t\t\t\t\t<a href=\"https:\/\/alepak.com\/tendencias-tecnologicas-que-marcaran-el-embalaje-del-futuro\/\" rel=\"bookmark\">Tendencias tecnol\u00f3gicas que marcar\u00e1n el embalaje del futuro<\/a>\n\t\t\t\t\t<\/h3>\n\t\t\t\t\n\t\t\t\t\t\t\t\t\t<div class=\"entry-meta wd-entry-meta\">\n\t\t\t\t\t\t\t\t\t<ul class=\"entry-meta-list\">\n\t\t\t\t\t\t\t\t\t<li class=\"modified-date\">\n\t\t\t\t\t\t\t\t<time class=\"updated\" datetime=\"2024-12-13T09:58:15-06:00\">\n\t\t\t13 de diciembre de 2024\t\t<\/time>\n\t\t\t\t\t\t\t<\/li>\n\n\t\t\t\t\t\n\t\t\t\t\t\t\t\t\t\t\t<li class=\"meta-author\">\n\t\t\t\t\t\t\t\t\t\t\t\t<span>By<\/span>\n\t\t\n\t\t\t\t\t<img alt='author-avatar' src=\"https:\/\/alepak.com\/wp-content\/themes\/woodmart\/images\/lazy.png\" data-wood-src='https:\/\/secure.gravatar.com\/avatar\/964beb613ce0ab3a5a350f262d6792fa1fbd1553f7a5b96614865583732f8c96?s=32&#038;d=mm&#038;r=g' srcset=\"\" data-srcset='https:\/\/secure.gravatar.com\/avatar\/964beb613ce0ab3a5a350f262d6792fa1fbd1553f7a5b96614865583732f8c96?s=64&#038;d=mm&#038;r=g 2x' class='wd-lazy-load wd-lazy-fade avatar avatar-32 photo' height='32' width='32' loading='lazy' decoding='async'\/>\t\t\n\t\t<a href=\"https:\/\/alepak.com\/author\/alepak-2-2-2-2-2-2-2-2-2-2-2-2-2-2-2-2-2-2-2-2-2-3\/\" rel=\"author\">\n\t\t\t<span class=\"vcard author author_name\">\n\t\t\t\t<span class=\"fn\">Alepak<\/span>\n\t\t\t<\/span>\n\t\t<\/a>\n\t\t\t\t\t\t\t\t<\/li>\n\t\t\t\t\t\n\t\t\t\t\t\n\t\t\t\t\t\t\t\t\t\t\t<li class=\"meta-reply\">\n\t\t\t\t\t\t\t<a href=\"https:\/\/alepak.com\/tendencias-tecnologicas-que-marcaran-el-embalaje-del-futuro\/#respond\"><span class=\"replies-count\">0<\/span> <span class=\"replies-count-label\">comments<\/span><\/a>\t\t\t\t\t\t<\/li>\n\t\t\t\t\t\t\t\t\t\t\t\t<\/ul>\n\t\t\t\t\t\t\t<\/div><!-- .entry-meta -->\n\t\t\t\t\t\t\t\t\t\t\t<div class=\"hovered-social-icons wd-tltp wd-tltp-top\">\n\t\t\t\t\t\t\t<div class=\"wd-tooltip-label\">\n\t\t\t\t\t\t\t\t\n\t\t\t<div class=\" wd-social-icons  icons-design-default icons-size-small color-scheme-light social-share social-form-circle text-center\">\n\n\t\t\t\t\n\t\t\t\t\t\t\t\t\t<a rel=\"noopener noreferrer nofollow\" href=\"https:\/\/www.facebook.com\/sharer\/sharer.php?u=https:\/\/alepak.com\/category\/optimizacion-de-linea-de-empaque\/\" target=\"_blank\" class=\" wd-social-icon social-facebook\" aria-label=\"Facebook social link\">\n\t\t\t\t\t\t<span class=\"wd-icon\"><\/span>\n\t\t\t\t\t\t\t\t\t\t\t<\/a>\n\t\t\t\t\n\t\t\t\t\t\t\t\t\t<a rel=\"noopener noreferrer nofollow\" href=\"https:\/\/x.com\/share?url=https:\/\/alepak.com\/category\/optimizacion-de-linea-de-empaque\/\" target=\"_blank\" class=\" wd-social-icon social-twitter\" aria-label=\"X social link\">\n\t\t\t\t\t\t<span class=\"wd-icon\"><\/span>\n\t\t\t\t\t\t\t\t\t\t\t<\/a>\n\t\t\t\t\n\t\t\t\t\n\t\t\t\t\n\t\t\t\t\n\t\t\t\t\t\t\t\t\t<a rel=\"noopener noreferrer nofollow\" href=\"https:\/\/pinterest.com\/pin\/create\/button\/?url=https:\/\/alepak.com\/category\/optimizacion-de-linea-de-empaque\/&media=https:\/\/alepak.com\/wp-content\/uploads\/alepak_blog_dic_12.png&description=Tendencias+tecnol%C3%B3gicas+que+marcar%C3%A1n+el+embalaje+del+futuro\" target=\"_blank\" class=\" wd-social-icon social-pinterest\" aria-label=\"Pinterest social link\">\n\t\t\t\t\t\t<span class=\"wd-icon\"><\/span>\n\t\t\t\t\t\t\t\t\t\t\t<\/a>\n\t\t\t\t\n\t\t\t\t\n\t\t\t\t\t\t\t\t\t<a rel=\"noopener noreferrer nofollow\" href=\"https:\/\/www.linkedin.com\/shareArticle?mini=true&url=https:\/\/alepak.com\/category\/optimizacion-de-linea-de-empaque\/\" target=\"_blank\" class=\" wd-social-icon social-linkedin\" aria-label=\"Linkedin social link\">\n\t\t\t\t\t\t<span class=\"wd-icon\"><\/span>\n\t\t\t\t\t\t\t\t\t\t\t<\/a>\n\t\t\t\t\n\t\t\t\t\n\t\t\t\t\n\t\t\t\t\n\t\t\t\t\n\t\t\t\t\n\t\t\t\t\n\t\t\t\t\n\t\t\t\t\n\t\t\t\t\n\t\t\t\t\t\t\t\t\n\t\t\t\t\t\t\t\t\n\t\t\t\t\n\t\t\t\t\n\t\t\t\t\t\t\t\t\t<a rel=\"noopener noreferrer nofollow\" href=\"https:\/\/telegram.me\/share\/url?url=https:\/\/alepak.com\/category\/optimizacion-de-linea-de-empaque\/\" target=\"_blank\" class=\" wd-social-icon social-tg\" aria-label=\"Telegram social link\">\n\t\t\t\t\t\t<span class=\"wd-icon\"><\/span>\n\t\t\t\t\t\t\t\t\t\t\t<\/a>\n\t\t\t\t\t\t\t\t\n\t\t\t\t\n\t\t\t<\/div>\n\n\t\t\t\t\t\t\t\t\t<\/div>\n\t\t\t\t\t\t<\/div>\n\t\t\t\t\t\t\t\t\t\t\t\t\n\t\t\t\t\t\t\t\n\t\t\t\t                    <div class=\"entry-content wd-entry-content\">\n\t\t\t\t\t\t\nEl embalaje del futuro est\u00e1 en constante transformaci\u00f3n. Con el avance de la tecnolog\u00eda, cada vez ...\n\t\t\t\t\t\t\t\t\t\t\t<\/div><!-- .entry-content -->\n\t\t\t\t\n\t\t\t\t\t\t\t\t\t\t\t\t\t\t<p class=\"read-more-section\">\n\t\t\t\t\t\t<a class=\"btn-read-more more-link\" href=\"https:\/\/alepak.com\/tendencias-tecnologicas-que-marcaran-el-embalaje-del-futuro\/\">Continue reading<\/a>\t\t\t\t\t<\/p>\n\t\t\t\t\t\t\t\t\t\t\t\n\t\t\t\n\t\t\t\t\t<\/div>\n\t<\/div>\n<\/article><!-- #post -->\n\n\n\t\t\t\t\t\t\t\t\t\t\t\n<article id=\"post-5786\" class=\"wd-post blog-design-masonry blog-post-loop blog-style-bg wd-add-shadow wd-col post-5786 post type-post status-publish format-standard has-post-thumbnail hentry category-blog category-optimizacion-de-linea-de-empaque category-servicio-tecnico category-sin-categoria\">\n\t<div class=\"article-inner\">\n\t\t\t\t\t<header class=\"entry-header\">\n\t\t\t\t\t\t\t\t\t<figure id=\"carousel-442\" class=\"entry-thumbnail\">\n\t\t\t\t\t\t\n\t\t\t\t\t\t\t<div class=\"post-img-wrapp\">\n\t\t\t\t\t\t\t\t<a href=\"https:\/\/alepak.com\/carton_o_plastico_que_material_de_embalaje_es_mejor\/\">\n\t\t\t\t\t\t\t\t\t<img width=\"1024\" height=\"538\" src=\"https:\/\/alepak.com\/wp-content\/uploads\/Alepak_Cont_julio_blog_2-20x10.png\" class=\"attachment-large size-large wd-lazy-load wd-lazy-fade\" alt=\"Cart\u00f3n o pl\u00e1stico, \u00bfqu\u00e9 material de embalaje es mejor?\" decoding=\"async\" loading=\"lazy\" srcset=\"\" sizes=\"auto, (max-width: 1024px) 100vw, 1024px\" data-wood-src=\"https:\/\/alepak.com\/wp-content\/uploads\/Alepak_Cont_julio_blog_2-1024x538.png\" data-srcset=\"https:\/\/alepak.com\/wp-content\/uploads\/Alepak_Cont_julio_blog_2-1024x538.png 1024w, https:\/\/alepak.com\/wp-content\/uploads\/Alepak_Cont_julio_blog_2-300x158.png 300w, https:\/\/alepak.com\/wp-content\/uploads\/Alepak_Cont_julio_blog_2-768x403.png 768w, https:\/\/alepak.com\/wp-content\/uploads\/Alepak_Cont_julio_blog_2-600x315.png 600w, https:\/\/alepak.com\/wp-content\/uploads\/Alepak_Cont_julio_blog_2-150x79.png 150w, https:\/\/alepak.com\/wp-content\/uploads\/Alepak_Cont_julio_blog_2.png 1200w\" \/>\t\t\t\t\t\t\t\t<\/a>\n\t\t\t\t\t\t\t<\/div>\n\t\t\t\t\t\t\t<div class=\"post-image-mask\">\n\t\t\t\t\t\t\t\t<span><\/span>\n\t\t\t\t\t\t\t<\/div>\n\n\t\t\t\t\t\t\n\t\t\t\t\t<\/figure>\n\t\t\t\t\n\t\t\t\t\t\t\t\t\t\t\t\t<div class=\"post-date wd-post-date wd-style-with-bg\">\n\t\t\t\t<span class=\"post-date-day\">\n\t\t\t\t\t22\t\t\t\t<\/span>\n\t\t\t\t<span class=\"post-date-month\">\n\t\t\t\t\tJul\t\t\t\t<\/span>\n\t\t\t<\/div>\n\t\t\t\t\t\t\n\t\t\t<\/header><!-- .entry-header -->\n\n\t\t<div class=\"article-body-container\">\n\t\t\t\n\t\t\t\t\t\t\t\t\t<div class=\"meta-categories-wrapp\"><div class=\"meta-post-categories wd-post-cat wd-style-with-bg\"><a href=\"https:\/\/alepak.com\/category\/blog\/\" rel=\"category tag\">Blog<\/a>, <a href=\"https:\/\/alepak.com\/category\/optimizacion-de-linea-de-empaque\/\" rel=\"category tag\">Optimizaci\u00f3n de L\u00ednea de Empaque<\/a>, <a href=\"https:\/\/alepak.com\/category\/servicio-tecnico\/\" rel=\"category tag\">Servicio t\u00e9cnico<\/a>, <a href=\"https:\/\/alepak.com\/category\/sin-categoria\/\" rel=\"category tag\">Sin categor\u00eda<\/a><\/div><\/div>\n\t\t\t\t\n\t\t\t\t\t\t\t\t\t<h3 class=\"wd-entities-title title post-title\">\n\t\t\t\t\t\t<a href=\"https:\/\/alepak.com\/carton_o_plastico_que_material_de_embalaje_es_mejor\/\" rel=\"bookmark\">Cart\u00f3n o pl\u00e1stico, \u00bfqu\u00e9 material de embalaje es mejor?<\/a>\n\t\t\t\t\t<\/h3>\n\t\t\t\t\n\t\t\t\t\t\t\t\t\t<div class=\"entry-meta wd-entry-meta\">\n\t\t\t\t\t\t\t\t\t<ul class=\"entry-meta-list\">\n\t\t\t\t\t\t\t\t\t<li class=\"modified-date\">\n\t\t\t\t\t\t\t\t<time class=\"updated\" datetime=\"2024-11-14T13:03:55-06:00\">\n\t\t\t14 de noviembre de 2024\t\t<\/time>\n\t\t\t\t\t\t\t<\/li>\n\n\t\t\t\t\t\n\t\t\t\t\t\t\t\t\t\t\t<li class=\"meta-author\">\n\t\t\t\t\t\t\t\t\t\t\t\t<span>By<\/span>\n\t\t\n\t\t\t\t\t<img alt='author-avatar' src=\"https:\/\/alepak.com\/wp-content\/themes\/woodmart\/images\/lazy.png\" data-wood-src='https:\/\/secure.gravatar.com\/avatar\/964beb613ce0ab3a5a350f262d6792fa1fbd1553f7a5b96614865583732f8c96?s=32&#038;d=mm&#038;r=g' srcset=\"\" data-srcset='https:\/\/secure.gravatar.com\/avatar\/964beb613ce0ab3a5a350f262d6792fa1fbd1553f7a5b96614865583732f8c96?s=64&#038;d=mm&#038;r=g 2x' class='wd-lazy-load wd-lazy-fade avatar avatar-32 photo' height='32' width='32' loading='lazy' decoding='async'\/>\t\t\n\t\t<a href=\"https:\/\/alepak.com\/author\/alepak-2-2-2-2-2-2-2-2-2-2-2-2-2-2-2-2-2-2-2-2-2-3\/\" rel=\"author\">\n\t\t\t<span class=\"vcard author author_name\">\n\t\t\t\t<span class=\"fn\">Alepak<\/span>\n\t\t\t<\/span>\n\t\t<\/a>\n\t\t\t\t\t\t\t\t<\/li>\n\t\t\t\t\t\n\t\t\t\t\t\n\t\t\t\t\t\t\t\t\t\t\t\t<\/ul>\n\t\t\t\t\t\t\t<\/div><!-- .entry-meta -->\n\t\t\t\t\t\t\t\t\t\t\t<div class=\"hovered-social-icons wd-tltp wd-tltp-top\">\n\t\t\t\t\t\t\t<div class=\"wd-tooltip-label\">\n\t\t\t\t\t\t\t\t\n\t\t\t<div class=\" wd-social-icons  icons-design-default icons-size-small color-scheme-light social-share social-form-circle text-center\">\n\n\t\t\t\t\n\t\t\t\t\t\t\t\t\t<a rel=\"noopener noreferrer nofollow\" href=\"https:\/\/www.facebook.com\/sharer\/sharer.php?u=https:\/\/alepak.com\/category\/optimizacion-de-linea-de-empaque\/\" target=\"_blank\" class=\" wd-social-icon social-facebook\" aria-label=\"Facebook social link\">\n\t\t\t\t\t\t<span class=\"wd-icon\"><\/span>\n\t\t\t\t\t\t\t\t\t\t\t<\/a>\n\t\t\t\t\n\t\t\t\t\t\t\t\t\t<a rel=\"noopener noreferrer nofollow\" href=\"https:\/\/x.com\/share?url=https:\/\/alepak.com\/category\/optimizacion-de-linea-de-empaque\/\" target=\"_blank\" class=\" wd-social-icon social-twitter\" aria-label=\"X social link\">\n\t\t\t\t\t\t<span class=\"wd-icon\"><\/span>\n\t\t\t\t\t\t\t\t\t\t\t<\/a>\n\t\t\t\t\n\t\t\t\t\n\t\t\t\t\n\t\t\t\t\n\t\t\t\t\t\t\t\t\t<a rel=\"noopener noreferrer nofollow\" href=\"https:\/\/pinterest.com\/pin\/create\/button\/?url=https:\/\/alepak.com\/category\/optimizacion-de-linea-de-empaque\/&media=https:\/\/alepak.com\/wp-content\/uploads\/Alepak_Cont_julio_blog_2.png&description=Cart%C3%B3n+o+pl%C3%A1stico%2C+%C2%BFqu%C3%A9+material+de+embalaje+es+mejor%3F\" target=\"_blank\" class=\" wd-social-icon social-pinterest\" aria-label=\"Pinterest social link\">\n\t\t\t\t\t\t<span class=\"wd-icon\"><\/span>\n\t\t\t\t\t\t\t\t\t\t\t<\/a>\n\t\t\t\t\n\t\t\t\t\n\t\t\t\t\t\t\t\t\t<a rel=\"noopener noreferrer nofollow\" href=\"https:\/\/www.linkedin.com\/shareArticle?mini=true&url=https:\/\/alepak.com\/category\/optimizacion-de-linea-de-empaque\/\" target=\"_blank\" class=\" wd-social-icon social-linkedin\" aria-label=\"Linkedin social link\">\n\t\t\t\t\t\t<span class=\"wd-icon\"><\/span>\n\t\t\t\t\t\t\t\t\t\t\t<\/a>\n\t\t\t\t\n\t\t\t\t\n\t\t\t\t\n\t\t\t\t\n\t\t\t\t\n\t\t\t\t\n\t\t\t\t\n\t\t\t\t\n\t\t\t\t\n\t\t\t\t\n\t\t\t\t\t\t\t\t\n\t\t\t\t\t\t\t\t\n\t\t\t\t\n\t\t\t\t\n\t\t\t\t\t\t\t\t\t<a rel=\"noopener noreferrer nofollow\" href=\"https:\/\/telegram.me\/share\/url?url=https:\/\/alepak.com\/category\/optimizacion-de-linea-de-empaque\/\" target=\"_blank\" class=\" wd-social-icon social-tg\" aria-label=\"Telegram social link\">\n\t\t\t\t\t\t<span class=\"wd-icon\"><\/span>\n\t\t\t\t\t\t\t\t\t\t\t<\/a>\n\t\t\t\t\t\t\t\t\n\t\t\t\t\n\t\t\t<\/div>\n\n\t\t\t\t\t\t\t\t\t<\/div>\n\t\t\t\t\t\t<\/div>\n\t\t\t\t\t\t\t\t\t\t\t\t\n\t\t\t\t\t\t\t\n\t\t\t\t                    <div class=\"entry-content wd-entry-content\">\n\t\t\t\t\t\tEn el mundo del embalaje, la elecci\u00f3n del material adecuado puede marcar la diferencia en t\u00e9rminos de protecci\u00f3n de prod...\n\t\t\t\t\t\t\t\t\t\t\t<\/div><!-- .entry-content -->\n\t\t\t\t\n\t\t\t\t\t\t\t\t\t\t\t\t\t\t<p class=\"read-more-section\">\n\t\t\t\t\t\t<a class=\"btn-read-more more-link\" href=\"https:\/\/alepak.com\/carton_o_plastico_que_material_de_embalaje_es_mejor\/\">Continue reading<\/a>\t\t\t\t\t<\/p>\n\t\t\t\t\t\t\t\t\t\t\t\n\t\t\t\n\t\t\t\t\t<\/div>\n\t<\/div>\n<\/article><!-- #post -->\n\n\n\t\t\t\t\t\t\t\t\t\t\t\n<article id=\"post-5781\" class=\"wd-post blog-design-masonry blog-post-loop blog-style-bg wd-add-shadow wd-col post-5781 post type-post status-publish format-standard has-post-thumbnail hentry category-blog category-optimizacion-de-linea-de-empaque category-servicio-tecnico category-sin-categoria\">\n\t<div class=\"article-inner\">\n\t\t\t\t\t<header class=\"entry-header\">\n\t\t\t\t\t\t\t\t\t<figure id=\"carousel-534\" class=\"entry-thumbnail\">\n\t\t\t\t\t\t\n\t\t\t\t\t\t\t<div class=\"post-img-wrapp\">\n\t\t\t\t\t\t\t\t<a href=\"https:\/\/alepak.com\/la-inteligencia-artificial-como-herramienta-en-la-logistica\/\">\n\t\t\t\t\t\t\t\t\t<img width=\"1024\" height=\"538\" src=\"https:\/\/alepak.com\/wp-content\/uploads\/Alepak_Cont_julio_blog_1-20x10.png\" class=\"attachment-large size-large wd-lazy-load wd-lazy-fade\" alt=\"la-inteligencia-artificial-como-herramienta-en-la-logistica\" decoding=\"async\" loading=\"lazy\" srcset=\"\" sizes=\"auto, (max-width: 1024px) 100vw, 1024px\" data-wood-src=\"https:\/\/alepak.com\/wp-content\/uploads\/Alepak_Cont_julio_blog_1-1024x538.png\" data-srcset=\"https:\/\/alepak.com\/wp-content\/uploads\/Alepak_Cont_julio_blog_1-1024x538.png 1024w, https:\/\/alepak.com\/wp-content\/uploads\/Alepak_Cont_julio_blog_1-300x158.png 300w, https:\/\/alepak.com\/wp-content\/uploads\/Alepak_Cont_julio_blog_1-768x403.png 768w, https:\/\/alepak.com\/wp-content\/uploads\/Alepak_Cont_julio_blog_1-600x315.png 600w, https:\/\/alepak.com\/wp-content\/uploads\/Alepak_Cont_julio_blog_1-150x79.png 150w, https:\/\/alepak.com\/wp-content\/uploads\/Alepak_Cont_julio_blog_1.png 1200w\" \/>\t\t\t\t\t\t\t\t<\/a>\n\t\t\t\t\t\t\t<\/div>\n\t\t\t\t\t\t\t<div class=\"post-image-mask\">\n\t\t\t\t\t\t\t\t<span><\/span>\n\t\t\t\t\t\t\t<\/div>\n\n\t\t\t\t\t\t\n\t\t\t\t\t<\/figure>\n\t\t\t\t\n\t\t\t\t\t\t\t\t\t\t\t\t<div class=\"post-date wd-post-date wd-style-with-bg\">\n\t\t\t\t<span class=\"post-date-day\">\n\t\t\t\t\t08\t\t\t\t<\/span>\n\t\t\t\t<span class=\"post-date-month\">\n\t\t\t\t\tJul\t\t\t\t<\/span>\n\t\t\t<\/div>\n\t\t\t\t\t\t\n\t\t\t<\/header><!-- .entry-header -->\n\n\t\t<div class=\"article-body-container\">\n\t\t\t\n\t\t\t\t\t\t\t\t\t<div class=\"meta-categories-wrapp\"><div class=\"meta-post-categories wd-post-cat wd-style-with-bg\"><a href=\"https:\/\/alepak.com\/category\/blog\/\" rel=\"category tag\">Blog<\/a>, <a href=\"https:\/\/alepak.com\/category\/optimizacion-de-linea-de-empaque\/\" rel=\"category tag\">Optimizaci\u00f3n de L\u00ednea de Empaque<\/a>, <a href=\"https:\/\/alepak.com\/category\/servicio-tecnico\/\" rel=\"category tag\">Servicio t\u00e9cnico<\/a>, <a href=\"https:\/\/alepak.com\/category\/sin-categoria\/\" rel=\"category tag\">Sin categor\u00eda<\/a><\/div><\/div>\n\t\t\t\t\n\t\t\t\t\t\t\t\t\t<h3 class=\"wd-entities-title title post-title\">\n\t\t\t\t\t\t<a href=\"https:\/\/alepak.com\/la-inteligencia-artificial-como-herramienta-en-la-logistica\/\" rel=\"bookmark\">La Inteligencia Artificial como herramienta en la log\u00edstica<\/a>\n\t\t\t\t\t<\/h3>\n\t\t\t\t\n\t\t\t\t\t\t\t\t\t<div class=\"entry-meta wd-entry-meta\">\n\t\t\t\t\t\t\t\t\t<ul class=\"entry-meta-list\">\n\t\t\t\t\t\t\t\t\t<li class=\"modified-date\">\n\t\t\t\t\t\t\t\t<time class=\"updated\" datetime=\"2023-07-08T15:02:25-06:00\">\n\t\t\t8 de julio de 2023\t\t<\/time>\n\t\t\t\t\t\t\t<\/li>\n\n\t\t\t\t\t\n\t\t\t\t\t\t\t\t\t\t\t<li class=\"meta-author\">\n\t\t\t\t\t\t\t\t\t\t\t\t<span>By<\/span>\n\t\t\n\t\t\t\t\t<img alt='author-avatar' src=\"https:\/\/alepak.com\/wp-content\/themes\/woodmart\/images\/lazy.png\" data-wood-src='https:\/\/secure.gravatar.com\/avatar\/964beb613ce0ab3a5a350f262d6792fa1fbd1553f7a5b96614865583732f8c96?s=32&#038;d=mm&#038;r=g' srcset=\"\" data-srcset='https:\/\/secure.gravatar.com\/avatar\/964beb613ce0ab3a5a350f262d6792fa1fbd1553f7a5b96614865583732f8c96?s=64&#038;d=mm&#038;r=g 2x' class='wd-lazy-load wd-lazy-fade avatar avatar-32 photo' height='32' width='32' loading='lazy' decoding='async'\/>\t\t\n\t\t<a href=\"https:\/\/alepak.com\/author\/alepak-2-2-2-2-2-2-2-2-2-2-2-2-2-2-2-2-2-2-2-2-2-3\/\" rel=\"author\">\n\t\t\t<span class=\"vcard author author_name\">\n\t\t\t\t<span class=\"fn\">Alepak<\/span>\n\t\t\t<\/span>\n\t\t<\/a>\n\t\t\t\t\t\t\t\t<\/li>\n\t\t\t\t\t\n\t\t\t\t\t\n\t\t\t\t\t\t\t\t\t\t\t\t<\/ul>\n\t\t\t\t\t\t\t<\/div><!-- .entry-meta -->\n\t\t\t\t\t\t\t\t\t\t\t<div class=\"hovered-social-icons wd-tltp wd-tltp-top\">\n\t\t\t\t\t\t\t<div class=\"wd-tooltip-label\">\n\t\t\t\t\t\t\t\t\n\t\t\t<div class=\" wd-social-icons  icons-design-default icons-size-small color-scheme-light social-share social-form-circle text-center\">\n\n\t\t\t\t\n\t\t\t\t\t\t\t\t\t<a rel=\"noopener noreferrer nofollow\" href=\"https:\/\/www.facebook.com\/sharer\/sharer.php?u=https:\/\/alepak.com\/category\/optimizacion-de-linea-de-empaque\/\" target=\"_blank\" class=\" wd-social-icon social-facebook\" aria-label=\"Facebook social link\">\n\t\t\t\t\t\t<span class=\"wd-icon\"><\/span>\n\t\t\t\t\t\t\t\t\t\t\t<\/a>\n\t\t\t\t\n\t\t\t\t\t\t\t\t\t<a rel=\"noopener noreferrer nofollow\" href=\"https:\/\/x.com\/share?url=https:\/\/alepak.com\/category\/optimizacion-de-linea-de-empaque\/\" target=\"_blank\" class=\" wd-social-icon social-twitter\" aria-label=\"X social link\">\n\t\t\t\t\t\t<span class=\"wd-icon\"><\/span>\n\t\t\t\t\t\t\t\t\t\t\t<\/a>\n\t\t\t\t\n\t\t\t\t\n\t\t\t\t\n\t\t\t\t\n\t\t\t\t\t\t\t\t\t<a rel=\"noopener noreferrer nofollow\" href=\"https:\/\/pinterest.com\/pin\/create\/button\/?url=https:\/\/alepak.com\/category\/optimizacion-de-linea-de-empaque\/&media=https:\/\/alepak.com\/wp-content\/uploads\/Alepak_Cont_julio_blog_1.png&description=La+Inteligencia+Artificial+como+herramienta+en+la+log%C3%ADstica\" target=\"_blank\" class=\" wd-social-icon social-pinterest\" aria-label=\"Pinterest social link\">\n\t\t\t\t\t\t<span class=\"wd-icon\"><\/span>\n\t\t\t\t\t\t\t\t\t\t\t<\/a>\n\t\t\t\t\n\t\t\t\t\n\t\t\t\t\t\t\t\t\t<a rel=\"noopener noreferrer nofollow\" href=\"https:\/\/www.linkedin.com\/shareArticle?mini=true&url=https:\/\/alepak.com\/category\/optimizacion-de-linea-de-empaque\/\" target=\"_blank\" class=\" wd-social-icon social-linkedin\" aria-label=\"Linkedin social link\">\n\t\t\t\t\t\t<span class=\"wd-icon\"><\/span>\n\t\t\t\t\t\t\t\t\t\t\t<\/a>\n\t\t\t\t\n\t\t\t\t\n\t\t\t\t\n\t\t\t\t\n\t\t\t\t\n\t\t\t\t\n\t\t\t\t\n\t\t\t\t\n\t\t\t\t\n\t\t\t\t\n\t\t\t\t\t\t\t\t\n\t\t\t\t\t\t\t\t\n\t\t\t\t\n\t\t\t\t\n\t\t\t\t\t\t\t\t\t<a rel=\"noopener noreferrer nofollow\" href=\"https:\/\/telegram.me\/share\/url?url=https:\/\/alepak.com\/category\/optimizacion-de-linea-de-empaque\/\" target=\"_blank\" class=\" wd-social-icon social-tg\" aria-label=\"Telegram social link\">\n\t\t\t\t\t\t<span class=\"wd-icon\"><\/span>\n\t\t\t\t\t\t\t\t\t\t\t<\/a>\n\t\t\t\t\t\t\t\t\n\t\t\t\t\n\t\t\t<\/div>\n\n\t\t\t\t\t\t\t\t\t<\/div>\n\t\t\t\t\t\t<\/div>\n\t\t\t\t\t\t\t\t\t\t\t\t\n\t\t\t\t\t\t\t\n\t\t\t\t                    <div class=\"entry-content wd-entry-content\">\n\t\t\t\t\t\tLa log\u00edstica es un sector en constante evoluci\u00f3n, y la implementaci\u00f3n de tecnolog\u00edas innovadoras es fundamental para mej...\n\t\t\t\t\t\t\t\t\t\t\t<\/div><!-- .entry-content -->\n\t\t\t\t\n\t\t\t\t\t\t\t\t\t\t\t\t\t\t<p class=\"read-more-section\">\n\t\t\t\t\t\t<a class=\"btn-read-more more-link\" href=\"https:\/\/alepak.com\/la-inteligencia-artificial-como-herramienta-en-la-logistica\/\">Continue reading<\/a>\t\t\t\t\t<\/p>\n\t\t\t\t\t\t\t\t\t\t\t\n\t\t\t\n\t\t\t\t\t<\/div>\n\t<\/div>\n<\/article><!-- #post -->\n\n\n\t\t\t\t\t\t\t\t\t\t\t\n<article id=\"post-5776\" class=\"wd-post blog-design-masonry blog-post-loop blog-style-bg wd-add-shadow wd-col post-5776 post type-post status-publish format-standard has-post-thumbnail hentry category-blog category-embolsado-y-empaquetado category-materiales-ecologicos category-optimizacion-de-linea-de-empaque category-relleno-para-caja category-rellenos-ecologicos category-sin-categoria\">\n\t<div class=\"article-inner\">\n\t\t\t\t\t<header class=\"entry-header\">\n\t\t\t\t\t\t\t\t\t<figure id=\"carousel-276\" class=\"entry-thumbnail\">\n\t\t\t\t\t\t\n\t\t\t\t\t\t\t<div class=\"post-img-wrapp\">\n\t\t\t\t\t\t\t\t<a href=\"https:\/\/alepak.com\/geami-wrappak-un-embalaje-original-y-sostenible\/\">\n\t\t\t\t\t\t\t\t\t<img width=\"1024\" height=\"538\" src=\"https:\/\/alepak.com\/wp-content\/uploads\/Alepak_Cont_junio_blog_2-20x10.png\" class=\"attachment-large size-large wd-lazy-load wd-lazy-fade\" alt=\"Geami WrapPak es una opci\u00f3n original y respetuosa con el medio ambiente\" decoding=\"async\" loading=\"lazy\" srcset=\"\" sizes=\"auto, (max-width: 1024px) 100vw, 1024px\" data-wood-src=\"https:\/\/alepak.com\/wp-content\/uploads\/Alepak_Cont_junio_blog_2-1024x538.png\" data-srcset=\"https:\/\/alepak.com\/wp-content\/uploads\/Alepak_Cont_junio_blog_2-1024x538.png 1024w, https:\/\/alepak.com\/wp-content\/uploads\/Alepak_Cont_junio_blog_2-300x158.png 300w, https:\/\/alepak.com\/wp-content\/uploads\/Alepak_Cont_junio_blog_2-768x403.png 768w, https:\/\/alepak.com\/wp-content\/uploads\/Alepak_Cont_junio_blog_2-600x315.png 600w, https:\/\/alepak.com\/wp-content\/uploads\/Alepak_Cont_junio_blog_2-150x79.png 150w, https:\/\/alepak.com\/wp-content\/uploads\/Alepak_Cont_junio_blog_2.png 1200w\" \/>\t\t\t\t\t\t\t\t<\/a>\n\t\t\t\t\t\t\t<\/div>\n\t\t\t\t\t\t\t<div class=\"post-image-mask\">\n\t\t\t\t\t\t\t\t<span><\/span>\n\t\t\t\t\t\t\t<\/div>\n\n\t\t\t\t\t\t\n\t\t\t\t\t<\/figure>\n\t\t\t\t\n\t\t\t\t\t\t\t\t\t\t\t\t<div class=\"post-date wd-post-date wd-style-with-bg\">\n\t\t\t\t<span class=\"post-date-day\">\n\t\t\t\t\t29\t\t\t\t<\/span>\n\t\t\t\t<span class=\"post-date-month\">\n\t\t\t\t\tJun\t\t\t\t<\/span>\n\t\t\t<\/div>\n\t\t\t\t\t\t\n\t\t\t<\/header><!-- .entry-header -->\n\n\t\t<div class=\"article-body-container\">\n\t\t\t\n\t\t\t\t\t\t\t\t\t<div class=\"meta-categories-wrapp\"><div class=\"meta-post-categories wd-post-cat wd-style-with-bg\"><a href=\"https:\/\/alepak.com\/category\/blog\/\" rel=\"category tag\">Blog<\/a>, <a href=\"https:\/\/alepak.com\/category\/embolsado-y-empaquetado\/\" rel=\"category tag\">Embolsado y empaquetado<\/a>, <a href=\"https:\/\/alepak.com\/category\/materiales-ecologicos\/\" rel=\"category tag\">Materiales ecol\u00f3gicos<\/a>, <a href=\"https:\/\/alepak.com\/category\/optimizacion-de-linea-de-empaque\/\" rel=\"category tag\">Optimizaci\u00f3n de L\u00ednea de Empaque<\/a>, <a href=\"https:\/\/alepak.com\/category\/relleno-para-caja\/\" rel=\"category tag\">Relleno para caja<\/a>, <a href=\"https:\/\/alepak.com\/category\/rellenos-ecologicos\/\" rel=\"category tag\">rellenos ecol\u00f3gicos<\/a>, <a href=\"https:\/\/alepak.com\/category\/sin-categoria\/\" rel=\"category tag\">Sin categor\u00eda<\/a><\/div><\/div>\n\t\t\t\t\n\t\t\t\t\t\t\t\t\t<h3 class=\"wd-entities-title title post-title\">\n\t\t\t\t\t\t<a href=\"https:\/\/alepak.com\/geami-wrappak-un-embalaje-original-y-sostenible\/\" rel=\"bookmark\">Geami WrapPak, un embalaje original y sostenible<\/a>\n\t\t\t\t\t<\/h3>\n\t\t\t\t\n\t\t\t\t\t\t\t\t\t<div class=\"entry-meta wd-entry-meta\">\n\t\t\t\t\t\t\t\t\t<ul class=\"entry-meta-list\">\n\t\t\t\t\t\t\t\t\t<li class=\"modified-date\">\n\t\t\t\t\t\t\t\t<time class=\"updated\" datetime=\"2023-06-29T23:07:47-06:00\">\n\t\t\t29 de junio de 2023\t\t<\/time>\n\t\t\t\t\t\t\t<\/li>\n\n\t\t\t\t\t\n\t\t\t\t\t\t\t\t\t\t\t<li class=\"meta-author\">\n\t\t\t\t\t\t\t\t\t\t\t\t<span>By<\/span>\n\t\t\n\t\t\t\t\t<img alt='author-avatar' src=\"https:\/\/alepak.com\/wp-content\/themes\/woodmart\/images\/lazy.png\" data-wood-src='https:\/\/secure.gravatar.com\/avatar\/964beb613ce0ab3a5a350f262d6792fa1fbd1553f7a5b96614865583732f8c96?s=32&#038;d=mm&#038;r=g' srcset=\"\" data-srcset='https:\/\/secure.gravatar.com\/avatar\/964beb613ce0ab3a5a350f262d6792fa1fbd1553f7a5b96614865583732f8c96?s=64&#038;d=mm&#038;r=g 2x' class='wd-lazy-load wd-lazy-fade avatar avatar-32 photo' height='32' width='32' loading='lazy' decoding='async'\/>\t\t\n\t\t<a href=\"https:\/\/alepak.com\/author\/alepak-2-2-2-2-2-2-2-2-2-2-2-2-2-2-2-2-2-2-2-2-2-3\/\" rel=\"author\">\n\t\t\t<span class=\"vcard author author_name\">\n\t\t\t\t<span class=\"fn\">Alepak<\/span>\n\t\t\t<\/span>\n\t\t<\/a>\n\t\t\t\t\t\t\t\t<\/li>\n\t\t\t\t\t\n\t\t\t\t\t\n\t\t\t\t\t\t\t\t\t\t\t\t<\/ul>\n\t\t\t\t\t\t\t<\/div><!-- .entry-meta -->\n\t\t\t\t\t\t\t\t\t\t\t<div class=\"hovered-social-icons wd-tltp wd-tltp-top\">\n\t\t\t\t\t\t\t<div class=\"wd-tooltip-label\">\n\t\t\t\t\t\t\t\t\n\t\t\t<div class=\" wd-social-icons  icons-design-default icons-size-small color-scheme-light social-share social-form-circle text-center\">\n\n\t\t\t\t\n\t\t\t\t\t\t\t\t\t<a rel=\"noopener noreferrer nofollow\" href=\"https:\/\/www.facebook.com\/sharer\/sharer.php?u=https:\/\/alepak.com\/category\/optimizacion-de-linea-de-empaque\/\" target=\"_blank\" class=\" wd-social-icon social-facebook\" aria-label=\"Facebook social link\">\n\t\t\t\t\t\t<span class=\"wd-icon\"><\/span>\n\t\t\t\t\t\t\t\t\t\t\t<\/a>\n\t\t\t\t\n\t\t\t\t\t\t\t\t\t<a rel=\"noopener noreferrer nofollow\" href=\"https:\/\/x.com\/share?url=https:\/\/alepak.com\/category\/optimizacion-de-linea-de-empaque\/\" target=\"_blank\" class=\" wd-social-icon social-twitter\" aria-label=\"X social link\">\n\t\t\t\t\t\t<span class=\"wd-icon\"><\/span>\n\t\t\t\t\t\t\t\t\t\t\t<\/a>\n\t\t\t\t\n\t\t\t\t\n\t\t\t\t\n\t\t\t\t\n\t\t\t\t\t\t\t\t\t<a rel=\"noopener noreferrer nofollow\" href=\"https:\/\/pinterest.com\/pin\/create\/button\/?url=https:\/\/alepak.com\/category\/optimizacion-de-linea-de-empaque\/&media=https:\/\/alepak.com\/wp-content\/uploads\/Alepak_Cont_junio_blog_2.png&description=Geami+WrapPak%2C+un+embalaje+original+y+sostenible\" target=\"_blank\" class=\" wd-social-icon social-pinterest\" aria-label=\"Pinterest social link\">\n\t\t\t\t\t\t<span class=\"wd-icon\"><\/span>\n\t\t\t\t\t\t\t\t\t\t\t<\/a>\n\t\t\t\t\n\t\t\t\t\n\t\t\t\t\t\t\t\t\t<a rel=\"noopener noreferrer nofollow\" href=\"https:\/\/www.linkedin.com\/shareArticle?mini=true&url=https:\/\/alepak.com\/category\/optimizacion-de-linea-de-empaque\/\" target=\"_blank\" class=\" wd-social-icon social-linkedin\" aria-label=\"Linkedin social link\">\n\t\t\t\t\t\t<span class=\"wd-icon\"><\/span>\n\t\t\t\t\t\t\t\t\t\t\t<\/a>\n\t\t\t\t\n\t\t\t\t\n\t\t\t\t\n\t\t\t\t\n\t\t\t\t\n\t\t\t\t\n\t\t\t\t\n\t\t\t\t\n\t\t\t\t\n\t\t\t\t\n\t\t\t\t\t\t\t\t\n\t\t\t\t\t\t\t\t\n\t\t\t\t\n\t\t\t\t\n\t\t\t\t\t\t\t\t\t<a rel=\"noopener noreferrer nofollow\" href=\"https:\/\/telegram.me\/share\/url?url=https:\/\/alepak.com\/category\/optimizacion-de-linea-de-empaque\/\" target=\"_blank\" class=\" wd-social-icon social-tg\" aria-label=\"Telegram social link\">\n\t\t\t\t\t\t<span class=\"wd-icon\"><\/span>\n\t\t\t\t\t\t\t\t\t\t\t<\/a>\n\t\t\t\t\t\t\t\t\n\t\t\t\t\n\t\t\t<\/div>\n\n\t\t\t\t\t\t\t\t\t<\/div>\n\t\t\t\t\t\t<\/div>\n\t\t\t\t\t\t\t\t\t\t\t\t\n\t\t\t\t\t\t\t\n\t\t\t\t                    <div class=\"entry-content wd-entry-content\">\n\t\t\t\t\t\tEn el mundo del embalaje, la b\u00fasqueda de soluciones sostenibles y eficientes es una prioridad. Geami WrapPak es una opci...\n\t\t\t\t\t\t\t\t\t\t\t<\/div><!-- .entry-content -->\n\t\t\t\t\n\t\t\t\t\t\t\t\t\t\t\t\t\t\t<p class=\"read-more-section\">\n\t\t\t\t\t\t<a class=\"btn-read-more more-link\" href=\"https:\/\/alepak.com\/geami-wrappak-un-embalaje-original-y-sostenible\/\">Continue reading<\/a>\t\t\t\t\t<\/p>\n\t\t\t\t\t\t\t\t\t\t\t\n\t\t\t\n\t\t\t\t\t<\/div>\n\t<\/div>\n<\/article><!-- #post -->\n\n\n\t\t\t\t\t\t\t\t\t\t\t\n<article id=\"post-5771\" class=\"wd-post blog-design-masonry blog-post-loop blog-style-bg wd-add-shadow wd-col post-5771 post type-post status-publish format-standard has-post-thumbnail hentry category-blog category-embolsado-y-empaquetado category-materiales-ecologicos category-optimizacion-de-linea-de-empaque category-relleno-para-caja category-rellenos-ecologicos category-sin-categoria\">\n\t<div class=\"article-inner\">\n\t\t\t\t\t<header class=\"entry-header\">\n\t\t\t\t\t\t\t\t\t<figure id=\"carousel-194\" class=\"entry-thumbnail\">\n\t\t\t\t\t\t\n\t\t\t\t\t\t\t<div class=\"post-img-wrapp\">\n\t\t\t\t\t\t\t\t<a href=\"https:\/\/alepak.com\/10-innovaciones-de-embalaje-que-estan-marcando-tendencia\/\">\n\t\t\t\t\t\t\t\t\t<img width=\"1024\" height=\"538\" src=\"https:\/\/alepak.com\/wp-content\/uploads\/Alepak_Cont_junio_blog_1-20x10.png\" class=\"attachment-large size-large wd-lazy-load wd-lazy-fade\" alt=\"10-innovaciones-de-embalaje-que-estan-marcando-tendencia\" decoding=\"async\" loading=\"lazy\" srcset=\"\" sizes=\"auto, (max-width: 1024px) 100vw, 1024px\" data-wood-src=\"https:\/\/alepak.com\/wp-content\/uploads\/Alepak_Cont_junio_blog_1-1024x538.png\" data-srcset=\"https:\/\/alepak.com\/wp-content\/uploads\/Alepak_Cont_junio_blog_1-1024x538.png 1024w, https:\/\/alepak.com\/wp-content\/uploads\/Alepak_Cont_junio_blog_1-300x158.png 300w, https:\/\/alepak.com\/wp-content\/uploads\/Alepak_Cont_junio_blog_1-768x403.png 768w, https:\/\/alepak.com\/wp-content\/uploads\/Alepak_Cont_junio_blog_1-600x315.png 600w, https:\/\/alepak.com\/wp-content\/uploads\/Alepak_Cont_junio_blog_1-150x79.png 150w, https:\/\/alepak.com\/wp-content\/uploads\/Alepak_Cont_junio_blog_1.png 1200w\" \/>\t\t\t\t\t\t\t\t<\/a>\n\t\t\t\t\t\t\t<\/div>\n\t\t\t\t\t\t\t<div class=\"post-image-mask\">\n\t\t\t\t\t\t\t\t<span><\/span>\n\t\t\t\t\t\t\t<\/div>\n\n\t\t\t\t\t\t\n\t\t\t\t\t<\/figure>\n\t\t\t\t\n\t\t\t\t\t\t\t\t\t\t\t\t<div class=\"post-date wd-post-date wd-style-with-bg\">\n\t\t\t\t<span class=\"post-date-day\">\n\t\t\t\t\t14\t\t\t\t<\/span>\n\t\t\t\t<span class=\"post-date-month\">\n\t\t\t\t\tJun\t\t\t\t<\/span>\n\t\t\t<\/div>\n\t\t\t\t\t\t\n\t\t\t<\/header><!-- .entry-header -->\n\n\t\t<div class=\"article-body-container\">\n\t\t\t\n\t\t\t\t\t\t\t\t\t<div class=\"meta-categories-wrapp\"><div class=\"meta-post-categories wd-post-cat wd-style-with-bg\"><a href=\"https:\/\/alepak.com\/category\/blog\/\" rel=\"category tag\">Blog<\/a>, <a href=\"https:\/\/alepak.com\/category\/embolsado-y-empaquetado\/\" rel=\"category tag\">Embolsado y empaquetado<\/a>, <a href=\"https:\/\/alepak.com\/category\/materiales-ecologicos\/\" rel=\"category tag\">Materiales ecol\u00f3gicos<\/a>, <a href=\"https:\/\/alepak.com\/category\/optimizacion-de-linea-de-empaque\/\" rel=\"category tag\">Optimizaci\u00f3n de L\u00ednea de Empaque<\/a>, <a href=\"https:\/\/alepak.com\/category\/relleno-para-caja\/\" rel=\"category tag\">Relleno para caja<\/a>, <a href=\"https:\/\/alepak.com\/category\/rellenos-ecologicos\/\" rel=\"category tag\">rellenos ecol\u00f3gicos<\/a>, <a href=\"https:\/\/alepak.com\/category\/sin-categoria\/\" rel=\"category tag\">Sin categor\u00eda<\/a><\/div><\/div>\n\t\t\t\t\n\t\t\t\t\t\t\t\t\t<h3 class=\"wd-entities-title title post-title\">\n\t\t\t\t\t\t<a href=\"https:\/\/alepak.com\/10-innovaciones-de-embalaje-que-estan-marcando-tendencia\/\" rel=\"bookmark\">10 innovaciones de embalaje que est\u00e1n marcando tendencia<\/a>\n\t\t\t\t\t<\/h3>\n\t\t\t\t\n\t\t\t\t\t\t\t\t\t<div class=\"entry-meta wd-entry-meta\">\n\t\t\t\t\t\t\t\t\t<ul class=\"entry-meta-list\">\n\t\t\t\t\t\t\t\t\t<li class=\"modified-date\">\n\t\t\t\t\t\t\t\t<time class=\"updated\" datetime=\"2023-06-14T20:18:01-06:00\">\n\t\t\t14 de junio de 2023\t\t<\/time>\n\t\t\t\t\t\t\t<\/li>\n\n\t\t\t\t\t\n\t\t\t\t\t\t\t\t\t\t\t<li class=\"meta-author\">\n\t\t\t\t\t\t\t\t\t\t\t\t<span>By<\/span>\n\t\t\n\t\t\t\t\t<img alt='author-avatar' src=\"https:\/\/alepak.com\/wp-content\/themes\/woodmart\/images\/lazy.png\" data-wood-src='https:\/\/secure.gravatar.com\/avatar\/964beb613ce0ab3a5a350f262d6792fa1fbd1553f7a5b96614865583732f8c96?s=32&#038;d=mm&#038;r=g' srcset=\"\" data-srcset='https:\/\/secure.gravatar.com\/avatar\/964beb613ce0ab3a5a350f262d6792fa1fbd1553f7a5b96614865583732f8c96?s=64&#038;d=mm&#038;r=g 2x' class='wd-lazy-load wd-lazy-fade avatar avatar-32 photo' height='32' width='32' loading='lazy' decoding='async'\/>\t\t\n\t\t<a href=\"https:\/\/alepak.com\/author\/alepak-2-2-2-2-2-2-2-2-2-2-2-2-2-2-2-2-2-2-2-2-2-3\/\" rel=\"author\">\n\t\t\t<span class=\"vcard author author_name\">\n\t\t\t\t<span class=\"fn\">Alepak<\/span>\n\t\t\t<\/span>\n\t\t<\/a>\n\t\t\t\t\t\t\t\t<\/li>\n\t\t\t\t\t\n\t\t\t\t\t\n\t\t\t\t\t\t\t\t\t\t\t\t<\/ul>\n\t\t\t\t\t\t\t<\/div><!-- .entry-meta -->\n\t\t\t\t\t\t\t\t\t\t\t<div class=\"hovered-social-icons wd-tltp wd-tltp-top\">\n\t\t\t\t\t\t\t<div class=\"wd-tooltip-label\">\n\t\t\t\t\t\t\t\t\n\t\t\t<div class=\" wd-social-icons  icons-design-default icons-size-small color-scheme-light social-share social-form-circle text-center\">\n\n\t\t\t\t\n\t\t\t\t\t\t\t\t\t<a rel=\"noopener noreferrer nofollow\" href=\"https:\/\/www.facebook.com\/sharer\/sharer.php?u=https:\/\/alepak.com\/category\/optimizacion-de-linea-de-empaque\/\" target=\"_blank\" class=\" wd-social-icon social-facebook\" aria-label=\"Facebook social link\">\n\t\t\t\t\t\t<span class=\"wd-icon\"><\/span>\n\t\t\t\t\t\t\t\t\t\t\t<\/a>\n\t\t\t\t\n\t\t\t\t\t\t\t\t\t<a rel=\"noopener noreferrer nofollow\" href=\"https:\/\/x.com\/share?url=https:\/\/alepak.com\/category\/optimizacion-de-linea-de-empaque\/\" target=\"_blank\" class=\" wd-social-icon social-twitter\" aria-label=\"X social link\">\n\t\t\t\t\t\t<span class=\"wd-icon\"><\/span>\n\t\t\t\t\t\t\t\t\t\t\t<\/a>\n\t\t\t\t\n\t\t\t\t\n\t\t\t\t\n\t\t\t\t\n\t\t\t\t\t\t\t\t\t<a rel=\"noopener noreferrer nofollow\" href=\"https:\/\/pinterest.com\/pin\/create\/button\/?url=https:\/\/alepak.com\/category\/optimizacion-de-linea-de-empaque\/&media=https:\/\/alepak.com\/wp-content\/uploads\/Alepak_Cont_junio_blog_1.png&description=10+innovaciones+de+embalaje+que+est%C3%A1n+marcando+tendencia\" target=\"_blank\" class=\" wd-social-icon social-pinterest\" aria-label=\"Pinterest social link\">\n\t\t\t\t\t\t<span class=\"wd-icon\"><\/span>\n\t\t\t\t\t\t\t\t\t\t\t<\/a>\n\t\t\t\t\n\t\t\t\t\n\t\t\t\t\t\t\t\t\t<a rel=\"noopener noreferrer nofollow\" href=\"https:\/\/www.linkedin.com\/shareArticle?mini=true&url=https:\/\/alepak.com\/category\/optimizacion-de-linea-de-empaque\/\" target=\"_blank\" class=\" wd-social-icon social-linkedin\" aria-label=\"Linkedin social link\">\n\t\t\t\t\t\t<span class=\"wd-icon\"><\/span>\n\t\t\t\t\t\t\t\t\t\t\t<\/a>\n\t\t\t\t\n\t\t\t\t\n\t\t\t\t\n\t\t\t\t\n\t\t\t\t\n\t\t\t\t\n\t\t\t\t\n\t\t\t\t\n\t\t\t\t\n\t\t\t\t\n\t\t\t\t\t\t\t\t\n\t\t\t\t\t\t\t\t\n\t\t\t\t\n\t\t\t\t\n\t\t\t\t\t\t\t\t\t<a rel=\"noopener noreferrer nofollow\" href=\"https:\/\/telegram.me\/share\/url?url=https:\/\/alepak.com\/category\/optimizacion-de-linea-de-empaque\/\" target=\"_blank\" class=\" wd-social-icon social-tg\" aria-label=\"Telegram social link\">\n\t\t\t\t\t\t<span class=\"wd-icon\"><\/span>\n\t\t\t\t\t\t\t\t\t\t\t<\/a>\n\t\t\t\t\t\t\t\t\n\t\t\t\t\n\t\t\t<\/div>\n\n\t\t\t\t\t\t\t\t\t<\/div>\n\t\t\t\t\t\t<\/div>\n\t\t\t\t\t\t\t\t\t\t\t\t\n\t\t\t\t\t\t\t\n\t\t\t\t                    <div class=\"entry-content wd-entry-content\">\n\t\t\t\t\t\tA medida que avanzamos, la industria del embalaje contin\u00faa evolucionando y adoptando nuevas innovaciones que tienen como...\n\t\t\t\t\t\t\t\t\t\t\t<\/div><!-- .entry-content -->\n\t\t\t\t\n\t\t\t\t\t\t\t\t\t\t\t\t\t\t<p class=\"read-more-section\">\n\t\t\t\t\t\t<a class=\"btn-read-more more-link\" href=\"https:\/\/alepak.com\/10-innovaciones-de-embalaje-que-estan-marcando-tendencia\/\">Continue reading<\/a>\t\t\t\t\t<\/p>\n\t\t\t\t\t\t\t\t\t\t\t\n\t\t\t\n\t\t\t\t\t<\/div>\n\t<\/div>\n<\/article><!-- #post -->\n\n\n\t\t\t\t\t\t\t\t\t\t\t\n<article id=\"post-5714\" class=\"wd-post blog-design-masonry blog-post-loop blog-style-bg wd-add-shadow wd-col post-5714 post type-post status-publish format-standard has-post-thumbnail hentry category-blog category-embolsado-y-empaquetado category-materiales-ecologicos category-optimizacion-de-linea-de-empaque category-relleno-para-caja category-rellenos-ecologicos category-sin-categoria\">\n\t<div class=\"article-inner\">\n\t\t\t\t\t<header class=\"entry-header\">\n\t\t\t\t\t\t\t\t\t<figure id=\"carousel-158\" class=\"entry-thumbnail\">\n\t\t\t\t\t\t\n\t\t\t\t\t\t\t<div class=\"post-img-wrapp\">\n\t\t\t\t\t\t\t\t<a href=\"https:\/\/alepak.com\/7-errores-comunes-en-la-seleccion-de-maquinas-de-relleno-de-empaque\/\">\n\t\t\t\t\t\t\t\t\t<img width=\"1024\" height=\"538\" src=\"https:\/\/alepak.com\/wp-content\/uploads\/Alepak_Cont_May_blog_2-20x10.png\" class=\"attachment-large size-large wd-lazy-load wd-lazy-fade\" alt=\"\" decoding=\"async\" loading=\"lazy\" srcset=\"\" sizes=\"auto, (max-width: 1024px) 100vw, 1024px\" data-wood-src=\"https:\/\/alepak.com\/wp-content\/uploads\/Alepak_Cont_May_blog_2-1024x538.png\" data-srcset=\"https:\/\/alepak.com\/wp-content\/uploads\/Alepak_Cont_May_blog_2-1024x538.png 1024w, https:\/\/alepak.com\/wp-content\/uploads\/Alepak_Cont_May_blog_2-300x158.png 300w, https:\/\/alepak.com\/wp-content\/uploads\/Alepak_Cont_May_blog_2-768x403.png 768w, https:\/\/alepak.com\/wp-content\/uploads\/Alepak_Cont_May_blog_2-600x315.png 600w, https:\/\/alepak.com\/wp-content\/uploads\/Alepak_Cont_May_blog_2-150x79.png 150w, https:\/\/alepak.com\/wp-content\/uploads\/Alepak_Cont_May_blog_2.png 1200w\" \/>\t\t\t\t\t\t\t\t<\/a>\n\t\t\t\t\t\t\t<\/div>\n\t\t\t\t\t\t\t<div class=\"post-image-mask\">\n\t\t\t\t\t\t\t\t<span><\/span>\n\t\t\t\t\t\t\t<\/div>\n\n\t\t\t\t\t\t\n\t\t\t\t\t<\/figure>\n\t\t\t\t\n\t\t\t\t\t\t\t\t\t\t\t\t<div class=\"post-date wd-post-date wd-style-with-bg\">\n\t\t\t\t<span class=\"post-date-day\">\n\t\t\t\t\t15\t\t\t\t<\/span>\n\t\t\t\t<span class=\"post-date-month\">\n\t\t\t\t\tMay\t\t\t\t<\/span>\n\t\t\t<\/div>\n\t\t\t\t\t\t\n\t\t\t<\/header><!-- .entry-header -->\n\n\t\t<div class=\"article-body-container\">\n\t\t\t\n\t\t\t\t\t\t\t\t\t<div class=\"meta-categories-wrapp\"><div class=\"meta-post-categories wd-post-cat wd-style-with-bg\"><a href=\"https:\/\/alepak.com\/category\/blog\/\" rel=\"category tag\">Blog<\/a>, <a href=\"https:\/\/alepak.com\/category\/embolsado-y-empaquetado\/\" rel=\"category tag\">Embolsado y empaquetado<\/a>, <a href=\"https:\/\/alepak.com\/category\/materiales-ecologicos\/\" rel=\"category tag\">Materiales ecol\u00f3gicos<\/a>, <a href=\"https:\/\/alepak.com\/category\/optimizacion-de-linea-de-empaque\/\" rel=\"category tag\">Optimizaci\u00f3n de L\u00ednea de Empaque<\/a>, <a href=\"https:\/\/alepak.com\/category\/relleno-para-caja\/\" rel=\"category tag\">Relleno para caja<\/a>, <a href=\"https:\/\/alepak.com\/category\/rellenos-ecologicos\/\" rel=\"category tag\">rellenos ecol\u00f3gicos<\/a>, <a href=\"https:\/\/alepak.com\/category\/sin-categoria\/\" rel=\"category tag\">Sin categor\u00eda<\/a><\/div><\/div>\n\t\t\t\t\n\t\t\t\t\t\t\t\t\t<h3 class=\"wd-entities-title title post-title\">\n\t\t\t\t\t\t<a href=\"https:\/\/alepak.com\/7-errores-comunes-en-la-seleccion-de-maquinas-de-relleno-de-empaque\/\" rel=\"bookmark\">7 errores comunes en la selecci\u00f3n de m\u00e1quinas de relleno de empaque.<\/a>\n\t\t\t\t\t<\/h3>\n\t\t\t\t\n\t\t\t\t\t\t\t\t\t<div class=\"entry-meta wd-entry-meta\">\n\t\t\t\t\t\t\t\t\t<ul class=\"entry-meta-list\">\n\t\t\t\t\t\t\t\t\t<li class=\"modified-date\">\n\t\t\t\t\t\t\t\t<time class=\"updated\" datetime=\"2023-05-15T19:06:18-06:00\">\n\t\t\t15 de mayo de 2023\t\t<\/time>\n\t\t\t\t\t\t\t<\/li>\n\n\t\t\t\t\t\n\t\t\t\t\t\t\t\t\t\t\t<li class=\"meta-author\">\n\t\t\t\t\t\t\t\t\t\t\t\t<span>By<\/span>\n\t\t\n\t\t\t\t\t<img alt='author-avatar' src=\"https:\/\/alepak.com\/wp-content\/themes\/woodmart\/images\/lazy.png\" data-wood-src='https:\/\/secure.gravatar.com\/avatar\/964beb613ce0ab3a5a350f262d6792fa1fbd1553f7a5b96614865583732f8c96?s=32&#038;d=mm&#038;r=g' srcset=\"\" data-srcset='https:\/\/secure.gravatar.com\/avatar\/964beb613ce0ab3a5a350f262d6792fa1fbd1553f7a5b96614865583732f8c96?s=64&#038;d=mm&#038;r=g 2x' class='wd-lazy-load wd-lazy-fade avatar avatar-32 photo' height='32' width='32' loading='lazy' decoding='async'\/>\t\t\n\t\t<a href=\"https:\/\/alepak.com\/author\/alepak-2-2-2-2-2-2-2-2-2-2-2-2-2-2-2-2-2-2-2-2-2-3\/\" rel=\"author\">\n\t\t\t<span class=\"vcard author author_name\">\n\t\t\t\t<span class=\"fn\">Alepak<\/span>\n\t\t\t<\/span>\n\t\t<\/a>\n\t\t\t\t\t\t\t\t<\/li>\n\t\t\t\t\t\n\t\t\t\t\t\n\t\t\t\t\t\t\t\t\t\t\t\t<\/ul>\n\t\t\t\t\t\t\t<\/div><!-- .entry-meta -->\n\t\t\t\t\t\t\t\t\t\t\t<div class=\"hovered-social-icons wd-tltp wd-tltp-top\">\n\t\t\t\t\t\t\t<div class=\"wd-tooltip-label\">\n\t\t\t\t\t\t\t\t\n\t\t\t<div class=\" wd-social-icons  icons-design-default icons-size-small color-scheme-light social-share social-form-circle text-center\">\n\n\t\t\t\t\n\t\t\t\t\t\t\t\t\t<a rel=\"noopener noreferrer nofollow\" href=\"https:\/\/www.facebook.com\/sharer\/sharer.php?u=https:\/\/alepak.com\/category\/optimizacion-de-linea-de-empaque\/\" target=\"_blank\" class=\" wd-social-icon social-facebook\" aria-label=\"Facebook social link\">\n\t\t\t\t\t\t<span class=\"wd-icon\"><\/span>\n\t\t\t\t\t\t\t\t\t\t\t<\/a>\n\t\t\t\t\n\t\t\t\t\t\t\t\t\t<a rel=\"noopener noreferrer nofollow\" href=\"https:\/\/x.com\/share?url=https:\/\/alepak.com\/category\/optimizacion-de-linea-de-empaque\/\" target=\"_blank\" class=\" wd-social-icon social-twitter\" aria-label=\"X social link\">\n\t\t\t\t\t\t<span class=\"wd-icon\"><\/span>\n\t\t\t\t\t\t\t\t\t\t\t<\/a>\n\t\t\t\t\n\t\t\t\t\n\t\t\t\t\n\t\t\t\t\n\t\t\t\t\t\t\t\t\t<a rel=\"noopener noreferrer nofollow\" href=\"https:\/\/pinterest.com\/pin\/create\/button\/?url=https:\/\/alepak.com\/category\/optimizacion-de-linea-de-empaque\/&media=https:\/\/alepak.com\/wp-content\/uploads\/Alepak_Cont_May_blog_2.png&description=7+errores+comunes+en+la+selecci%C3%B3n+de+m%C3%A1quinas+de+relleno+de+empaque.\" target=\"_blank\" class=\" wd-social-icon social-pinterest\" aria-label=\"Pinterest social link\">\n\t\t\t\t\t\t<span class=\"wd-icon\"><\/span>\n\t\t\t\t\t\t\t\t\t\t\t<\/a>\n\t\t\t\t\n\t\t\t\t\n\t\t\t\t\t\t\t\t\t<a rel=\"noopener noreferrer nofollow\" href=\"https:\/\/www.linkedin.com\/shareArticle?mini=true&url=https:\/\/alepak.com\/category\/optimizacion-de-linea-de-empaque\/\" target=\"_blank\" class=\" wd-social-icon social-linkedin\" aria-label=\"Linkedin social link\">\n\t\t\t\t\t\t<span class=\"wd-icon\"><\/span>\n\t\t\t\t\t\t\t\t\t\t\t<\/a>\n\t\t\t\t\n\t\t\t\t\n\t\t\t\t\n\t\t\t\t\n\t\t\t\t\n\t\t\t\t\n\t\t\t\t\n\t\t\t\t\n\t\t\t\t\n\t\t\t\t\n\t\t\t\t\t\t\t\t\n\t\t\t\t\t\t\t\t\n\t\t\t\t\n\t\t\t\t\n\t\t\t\t\t\t\t\t\t<a rel=\"noopener noreferrer nofollow\" href=\"https:\/\/telegram.me\/share\/url?url=https:\/\/alepak.com\/category\/optimizacion-de-linea-de-empaque\/\" target=\"_blank\" class=\" wd-social-icon social-tg\" aria-label=\"Telegram social link\">\n\t\t\t\t\t\t<span class=\"wd-icon\"><\/span>\n\t\t\t\t\t\t\t\t\t\t\t<\/a>\n\t\t\t\t\t\t\t\t\n\t\t\t\t\n\t\t\t<\/div>\n\n\t\t\t\t\t\t\t\t\t<\/div>\n\t\t\t\t\t\t<\/div>\n\t\t\t\t\t\t\t\t\t\t\t\t\n\t\t\t\t\t\t\t\n\t\t\t\t                    <div class=\"entry-content wd-entry-content\">\n\t\t\t\t\t\tLa selecci\u00f3n de la maquinaria adecuada para el relleno de empaques puede ser crucial pues influye en nuestros costos ope...\n\t\t\t\t\t\t\t\t\t\t\t<\/div><!-- .entry-content -->\n\t\t\t\t\n\t\t\t\t\t\t\t\t\t\t\t\t\t\t<p class=\"read-more-section\">\n\t\t\t\t\t\t<a class=\"btn-read-more more-link\" href=\"https:\/\/alepak.com\/7-errores-comunes-en-la-seleccion-de-maquinas-de-relleno-de-empaque\/\">Continue reading<\/a>\t\t\t\t\t<\/p>\n\t\t\t\t\t\t\t\t\t\t\t\n\t\t\t\n\t\t\t\t\t<\/div>\n\t<\/div>\n<\/article><!-- #post -->\n\n\n\t\t\t\t\t\t\t\t\t\t\t\n<article id=\"post-5710\" class=\"wd-post blog-design-masonry blog-post-loop blog-style-bg wd-add-shadow wd-col post-5710 post type-post status-publish format-standard has-post-thumbnail hentry category-blog category-embolsado-y-empaquetado category-materiales-ecologicos category-optimizacion-de-linea-de-empaque category-relleno-para-caja category-rellenos-ecologicos category-sin-categoria\">\n\t<div class=\"article-inner\">\n\t\t\t\t\t<header class=\"entry-header\">\n\t\t\t\t\t\t\t\t\t<figure id=\"carousel-110\" class=\"entry-thumbnail\">\n\t\t\t\t\t\t\n\t\t\t\t\t\t\t<div class=\"post-img-wrapp\">\n\t\t\t\t\t\t\t\t<a href=\"https:\/\/alepak.com\/reduce-la-huella-de-carbono-de-tu-negocio-con-embalaje-sostenible\/\">\n\t\t\t\t\t\t\t\t\t<img width=\"1024\" height=\"538\" src=\"https:\/\/alepak.com\/wp-content\/uploads\/Alepak_Cont_May_blog_1-20x10.png\" class=\"attachment-large size-large wd-lazy-load wd-lazy-fade\" alt=\"\" decoding=\"async\" loading=\"lazy\" srcset=\"\" sizes=\"auto, (max-width: 1024px) 100vw, 1024px\" data-wood-src=\"https:\/\/alepak.com\/wp-content\/uploads\/Alepak_Cont_May_blog_1-1024x538.png\" data-srcset=\"https:\/\/alepak.com\/wp-content\/uploads\/Alepak_Cont_May_blog_1-1024x538.png 1024w, https:\/\/alepak.com\/wp-content\/uploads\/Alepak_Cont_May_blog_1-300x158.png 300w, https:\/\/alepak.com\/wp-content\/uploads\/Alepak_Cont_May_blog_1-768x403.png 768w, https:\/\/alepak.com\/wp-content\/uploads\/Alepak_Cont_May_blog_1-600x315.png 600w, https:\/\/alepak.com\/wp-content\/uploads\/Alepak_Cont_May_blog_1-150x79.png 150w, https:\/\/alepak.com\/wp-content\/uploads\/Alepak_Cont_May_blog_1.png 1200w\" \/>\t\t\t\t\t\t\t\t<\/a>\n\t\t\t\t\t\t\t<\/div>\n\t\t\t\t\t\t\t<div class=\"post-image-mask\">\n\t\t\t\t\t\t\t\t<span><\/span>\n\t\t\t\t\t\t\t<\/div>\n\n\t\t\t\t\t\t\n\t\t\t\t\t<\/figure>\n\t\t\t\t\n\t\t\t\t\t\t\t\t\t\t\t\t<div class=\"post-date wd-post-date wd-style-with-bg\">\n\t\t\t\t<span class=\"post-date-day\">\n\t\t\t\t\t14\t\t\t\t<\/span>\n\t\t\t\t<span class=\"post-date-month\">\n\t\t\t\t\tMay\t\t\t\t<\/span>\n\t\t\t<\/div>\n\t\t\t\t\t\t\n\t\t\t<\/header><!-- .entry-header -->\n\n\t\t<div class=\"article-body-container\">\n\t\t\t\n\t\t\t\t\t\t\t\t\t<div class=\"meta-categories-wrapp\"><div class=\"meta-post-categories wd-post-cat wd-style-with-bg\"><a href=\"https:\/\/alepak.com\/category\/blog\/\" rel=\"category tag\">Blog<\/a>, <a href=\"https:\/\/alepak.com\/category\/embolsado-y-empaquetado\/\" rel=\"category tag\">Embolsado y empaquetado<\/a>, <a href=\"https:\/\/alepak.com\/category\/materiales-ecologicos\/\" rel=\"category tag\">Materiales ecol\u00f3gicos<\/a>, <a href=\"https:\/\/alepak.com\/category\/optimizacion-de-linea-de-empaque\/\" rel=\"category tag\">Optimizaci\u00f3n de L\u00ednea de Empaque<\/a>, <a href=\"https:\/\/alepak.com\/category\/relleno-para-caja\/\" rel=\"category tag\">Relleno para caja<\/a>, <a href=\"https:\/\/alepak.com\/category\/rellenos-ecologicos\/\" rel=\"category tag\">rellenos ecol\u00f3gicos<\/a>, <a href=\"https:\/\/alepak.com\/category\/sin-categoria\/\" rel=\"category tag\">Sin categor\u00eda<\/a><\/div><\/div>\n\t\t\t\t\n\t\t\t\t\t\t\t\t\t<h3 class=\"wd-entities-title title post-title\">\n\t\t\t\t\t\t<a href=\"https:\/\/alepak.com\/reduce-la-huella-de-carbono-de-tu-negocio-con-embalaje-sostenible\/\" rel=\"bookmark\">Reduce la huella de carbono de tu negocio con embalaje sostenible<\/a>\n\t\t\t\t\t<\/h3>\n\t\t\t\t\n\t\t\t\t\t\t\t\t\t<div class=\"entry-meta wd-entry-meta\">\n\t\t\t\t\t\t\t\t\t<ul class=\"entry-meta-list\">\n\t\t\t\t\t\t\t\t\t<li class=\"modified-date\">\n\t\t\t\t\t\t\t\t<time class=\"updated\" datetime=\"2023-05-14T00:13:32-06:00\">\n\t\t\t14 de mayo de 2023\t\t<\/time>\n\t\t\t\t\t\t\t<\/li>\n\n\t\t\t\t\t\n\t\t\t\t\t\t\t\t\t\t\t<li class=\"meta-author\">\n\t\t\t\t\t\t\t\t\t\t\t\t<span>By<\/span>\n\t\t\n\t\t\t\t\t<img alt='author-avatar' src=\"https:\/\/alepak.com\/wp-content\/themes\/woodmart\/images\/lazy.png\" data-wood-src='https:\/\/secure.gravatar.com\/avatar\/964beb613ce0ab3a5a350f262d6792fa1fbd1553f7a5b96614865583732f8c96?s=32&#038;d=mm&#038;r=g' srcset=\"\" data-srcset='https:\/\/secure.gravatar.com\/avatar\/964beb613ce0ab3a5a350f262d6792fa1fbd1553f7a5b96614865583732f8c96?s=64&#038;d=mm&#038;r=g 2x' class='wd-lazy-load wd-lazy-fade avatar avatar-32 photo' height='32' width='32' loading='lazy' decoding='async'\/>\t\t\n\t\t<a href=\"https:\/\/alepak.com\/author\/alepak-2-2-2-2-2-2-2-2-2-2-2-2-2-2-2-2-2-2-2-2-2-3\/\" rel=\"author\">\n\t\t\t<span class=\"vcard author author_name\">\n\t\t\t\t<span class=\"fn\">Alepak<\/span>\n\t\t\t<\/span>\n\t\t<\/a>\n\t\t\t\t\t\t\t\t<\/li>\n\t\t\t\t\t\n\t\t\t\t\t\n\t\t\t\t\t\t\t\t\t\t\t\t<\/ul>\n\t\t\t\t\t\t\t<\/div><!-- .entry-meta -->\n\t\t\t\t\t\t\t\t\t\t\t<div class=\"hovered-social-icons wd-tltp wd-tltp-top\">\n\t\t\t\t\t\t\t<div class=\"wd-tooltip-label\">\n\t\t\t\t\t\t\t\t\n\t\t\t<div class=\" wd-social-icons  icons-design-default icons-size-small color-scheme-light social-share social-form-circle text-center\">\n\n\t\t\t\t\n\t\t\t\t\t\t\t\t\t<a rel=\"noopener noreferrer nofollow\" href=\"https:\/\/www.facebook.com\/sharer\/sharer.php?u=https:\/\/alepak.com\/category\/optimizacion-de-linea-de-empaque\/\" target=\"_blank\" class=\" wd-social-icon social-facebook\" aria-label=\"Facebook social link\">\n\t\t\t\t\t\t<span class=\"wd-icon\"><\/span>\n\t\t\t\t\t\t\t\t\t\t\t<\/a>\n\t\t\t\t\n\t\t\t\t\t\t\t\t\t<a rel=\"noopener noreferrer nofollow\" href=\"https:\/\/x.com\/share?url=https:\/\/alepak.com\/category\/optimizacion-de-linea-de-empaque\/\" target=\"_blank\" class=\" wd-social-icon social-twitter\" aria-label=\"X social link\">\n\t\t\t\t\t\t<span class=\"wd-icon\"><\/span>\n\t\t\t\t\t\t\t\t\t\t\t<\/a>\n\t\t\t\t\n\t\t\t\t\n\t\t\t\t\n\t\t\t\t\n\t\t\t\t\t\t\t\t\t<a rel=\"noopener noreferrer nofollow\" href=\"https:\/\/pinterest.com\/pin\/create\/button\/?url=https:\/\/alepak.com\/category\/optimizacion-de-linea-de-empaque\/&media=https:\/\/alepak.com\/wp-content\/uploads\/Alepak_Cont_May_blog_1.png&description=Reduce+la+huella+de+carbono+de+tu+negocio+con+embalaje+sostenible\" target=\"_blank\" class=\" wd-social-icon social-pinterest\" aria-label=\"Pinterest social link\">\n\t\t\t\t\t\t<span class=\"wd-icon\"><\/span>\n\t\t\t\t\t\t\t\t\t\t\t<\/a>\n\t\t\t\t\n\t\t\t\t\n\t\t\t\t\t\t\t\t\t<a rel=\"noopener noreferrer nofollow\" href=\"https:\/\/www.linkedin.com\/shareArticle?mini=true&url=https:\/\/alepak.com\/category\/optimizacion-de-linea-de-empaque\/\" target=\"_blank\" class=\" wd-social-icon social-linkedin\" aria-label=\"Linkedin social link\">\n\t\t\t\t\t\t<span class=\"wd-icon\"><\/span>\n\t\t\t\t\t\t\t\t\t\t\t<\/a>\n\t\t\t\t\n\t\t\t\t\n\t\t\t\t\n\t\t\t\t\n\t\t\t\t\n\t\t\t\t\n\t\t\t\t\n\t\t\t\t\n\t\t\t\t\n\t\t\t\t\n\t\t\t\t\t\t\t\t\n\t\t\t\t\t\t\t\t\n\t\t\t\t\n\t\t\t\t\n\t\t\t\t\t\t\t\t\t<a rel=\"noopener noreferrer nofollow\" href=\"https:\/\/telegram.me\/share\/url?url=https:\/\/alepak.com\/category\/optimizacion-de-linea-de-empaque\/\" target=\"_blank\" class=\" wd-social-icon social-tg\" aria-label=\"Telegram social link\">\n\t\t\t\t\t\t<span class=\"wd-icon\"><\/span>\n\t\t\t\t\t\t\t\t\t\t\t<\/a>\n\t\t\t\t\t\t\t\t\n\t\t\t\t\n\t\t\t<\/div>\n\n\t\t\t\t\t\t\t\t\t<\/div>\n\t\t\t\t\t\t<\/div>\n\t\t\t\t\t\t\t\t\t\t\t\t\n\t\t\t\t\t\t\t\n\t\t\t\t                    <div class=\"entry-content wd-entry-content\">\n\t\t\t\t\t\tLa sostenibilidad es un tema importante para cualquier empresa en la actualidad. Cada vez m\u00e1s, los consumidores quieren ...\n\t\t\t\t\t\t\t\t\t\t\t<\/div><!-- .entry-content -->\n\t\t\t\t\n\t\t\t\t\t\t\t\t\t\t\t\t\t\t<p class=\"read-more-section\">\n\t\t\t\t\t\t<a class=\"btn-read-more more-link\" href=\"https:\/\/alepak.com\/reduce-la-huella-de-carbono-de-tu-negocio-con-embalaje-sostenible\/\">Continue reading<\/a>\t\t\t\t\t<\/p>\n\t\t\t\t\t\t\t\t\t\t\t\n\t\t\t\n\t\t\t\t\t<\/div>\n\t<\/div>\n<\/article><!-- #post -->\n\n\n\t\t\t\t\t\n\t\t\t\t\t","status":"have-posts","nextPage":"https:\/\/alepak.com\/category\/optimizacion-de-linea-de-empaque\/page\/3\/?woo_ajax=1","currentPage":"https:\/\/alepak.com\/category\/optimizacion-de-linea-de-empaque\/page\/2"}