
			
				

					
				

			
		{"items":"\n\t\t\t\t\t\t\t\t\t\t\t\n<article id=\"post-9435\" class=\"wd-post blog-design-masonry blog-post-loop blog-style-bg wd-add-shadow wd-col post-9435 post type-post status-publish format-standard has-post-thumbnail hentry category-automatizacion-industrial category-automatizacion-logistica category-blog category-eficiencia-operativa category-embalaje category-embalaje-inteligente category-empaque-inteligente category-empaque-protector category-innovacion-y-tendencias-en-embalaje category-logistica category-materiales-de-empaque category-proteccion-dentro-de-caja category-soluciones-industriales-de-embalaje category-vci category-zerust-excor tag-alepak tag-anticorrosion tag-anticorrosivo tag-embalaje tag-embalaje-con-vci tag-embalaje-protector tag-embalaje-seguro tag-empaque-protector tag-empaque-seguro tag-innovacion-en-embalaje tag-logistica tag-logistica-industrial tag-prevencion-de-corrosion tag-proteccion-contra-la-corrosion tag-tecnologia-vci tag-vci tag-zerust-excor\">\n\t<div class=\"article-inner\">\n\t\t\t\t\t<header class=\"entry-header\">\n\t\t\t\t\t\t\t\t\t<figure id=\"carousel-762\" class=\"entry-thumbnail\">\n\t\t\t\t\t\t\n\t\t\t\t\t\t\t<div class=\"post-img-wrapp\">\n\t\t\t\t\t\t\t\t<a href=\"https:\/\/alepak.com\/integrar-vci-al-proceso-de-embalaje\/\">\n\t\t\t\t\t\t\t\t\t<img width=\"1024\" height=\"535\" src=\"https:\/\/alepak.com\/wp-content\/uploads\/Copia-de-Blogs-portadas-18-20x10.jpg\" class=\"attachment-large size-large wd-lazy-load wd-lazy-fade\" alt=\"\" decoding=\"async\" fetchpriority=\"high\" srcset=\"\" sizes=\"(max-width: 1024px) 100vw, 1024px\" data-wood-src=\"https:\/\/alepak.com\/wp-content\/uploads\/Copia-de-Blogs-portadas-18-1024x535.jpg\" data-srcset=\"https:\/\/alepak.com\/wp-content\/uploads\/Copia-de-Blogs-portadas-18-1024x535.jpg 1024w, https:\/\/alepak.com\/wp-content\/uploads\/Copia-de-Blogs-portadas-18-300x157.jpg 300w, https:\/\/alepak.com\/wp-content\/uploads\/Copia-de-Blogs-portadas-18-768x401.jpg 768w, https:\/\/alepak.com\/wp-content\/uploads\/Copia-de-Blogs-portadas-18-1536x802.jpg 1536w, https:\/\/alepak.com\/wp-content\/uploads\/Copia-de-Blogs-portadas-18-2048x1070.jpg 2048w, https:\/\/alepak.com\/wp-content\/uploads\/Copia-de-Blogs-portadas-18-600x313.jpg 600w, https:\/\/alepak.com\/wp-content\/uploads\/Copia-de-Blogs-portadas-18-150x78.jpg 150w\" \/>\t\t\t\t\t\t\t\t<\/a>\n\t\t\t\t\t\t\t<\/div>\n\t\t\t\t\t\t\t<div class=\"post-image-mask\">\n\t\t\t\t\t\t\t\t<span><\/span>\n\t\t\t\t\t\t\t<\/div>\n\n\t\t\t\t\t\t\n\t\t\t\t\t<\/figure>\n\t\t\t\t\n\t\t\t\t\t\t\t\t\t\t\t\t<div class=\"post-date wd-post-date wd-style-with-bg\">\n\t\t\t\t<span class=\"post-date-day\">\n\t\t\t\t\t05\t\t\t\t<\/span>\n\t\t\t\t<span class=\"post-date-month\">\n\t\t\t\t\tJun\t\t\t\t<\/span>\n\t\t\t<\/div>\n\t\t\t\t\t\t\n\t\t\t<\/header><!-- .entry-header -->\n\n\t\t<div class=\"article-body-container\">\n\t\t\t\n\t\t\t\t\t\t\t\t\t<div class=\"meta-categories-wrapp\"><div class=\"meta-post-categories wd-post-cat wd-style-with-bg\"><a href=\"https:\/\/alepak.com\/category\/automatizacion-industrial\/\" rel=\"category tag\">Automatizaci\u00f3n industrial<\/a>, <a href=\"https:\/\/alepak.com\/category\/automatizacion-logistica\/\" rel=\"category tag\">Automatizaci\u00f3n log\u00edstica<\/a>, <a href=\"https:\/\/alepak.com\/category\/blog\/\" rel=\"category tag\">Blog<\/a>, <a href=\"https:\/\/alepak.com\/category\/eficiencia-operativa\/\" rel=\"category tag\">Eficiencia operativa<\/a>, <a href=\"https:\/\/alepak.com\/category\/embalaje\/\" rel=\"category tag\">Embalaje<\/a>, <a href=\"https:\/\/alepak.com\/category\/embalaje-inteligente\/\" rel=\"category tag\">Embalaje inteligente<\/a>, <a href=\"https:\/\/alepak.com\/category\/empaque-inteligente\/\" rel=\"category tag\">Empaque inteligente<\/a>, <a href=\"https:\/\/alepak.com\/category\/empaque-protector\/\" rel=\"category tag\">Empaque protector<\/a>, <a href=\"https:\/\/alepak.com\/category\/innovacion-y-tendencias-en-embalaje\/\" rel=\"category tag\">Innovaci\u00f3n y tendencias en embalaje<\/a>, <a href=\"https:\/\/alepak.com\/category\/logistica\/\" rel=\"category tag\">Log\u00edstica<\/a>, <a href=\"https:\/\/alepak.com\/category\/materiales-de-empaque\/\" rel=\"category tag\">Materiales de empaque<\/a>, <a href=\"https:\/\/alepak.com\/category\/proteccion-dentro-de-caja\/\" rel=\"category tag\">Protecci\u00f3n dentro de caja<\/a>, <a href=\"https:\/\/alepak.com\/category\/soluciones-industriales-de-embalaje\/\" rel=\"category tag\">Soluciones industriales de embalaje<\/a>, <a href=\"https:\/\/alepak.com\/category\/vci\/\" rel=\"category tag\">VCI<\/a>, <a href=\"https:\/\/alepak.com\/category\/zerust-excor\/\" rel=\"category tag\">Zerust Excor<\/a><\/div><\/div>\n\t\t\t\t\n\t\t\t\t\t\t\t\t\t<h3 class=\"wd-entities-title title post-title\">\n\t\t\t\t\t\t<a href=\"https:\/\/alepak.com\/integrar-vci-al-proceso-de-embalaje\/\" rel=\"bookmark\">Integrar VCI al proceso de embalaje<\/a>\n\t\t\t\t\t<\/h3>\n\t\t\t\t\n\t\t\t\t\t\t\t\t\t<div class=\"entry-meta wd-entry-meta\">\n\t\t\t\t\t\t\t\t\t<ul class=\"entry-meta-list\">\n\t\t\t\t\t\t\t\t\t<li class=\"modified-date\">\n\t\t\t\t\t\t\t\t<time class=\"updated\" datetime=\"2026-06-05T15:24:06-06:00\">\n\t\t\t5 de junio de 2026\t\t<\/time>\n\t\t\t\t\t\t\t<\/li>\n\n\t\t\t\t\t\n\t\t\t\t\t\t\t\t\t\t\t<li class=\"meta-author\">\n\t\t\t\t\t\t\t\t\t\t\t\t<span>By<\/span>\n\t\t\n\t\t\t\t\t<img alt='author-avatar' src=\"https:\/\/alepak.com\/wp-content\/themes\/woodmart\/images\/lazy.png\" data-wood-src='https:\/\/secure.gravatar.com\/avatar\/964beb613ce0ab3a5a350f262d6792fa1fbd1553f7a5b96614865583732f8c96?s=32&#038;d=mm&#038;r=g' srcset=\"\" data-srcset='https:\/\/secure.gravatar.com\/avatar\/964beb613ce0ab3a5a350f262d6792fa1fbd1553f7a5b96614865583732f8c96?s=64&#038;d=mm&#038;r=g 2x' class='wd-lazy-load wd-lazy-fade avatar avatar-32 photo' height='32' width='32' decoding='async'\/>\t\t\n\t\t<a href=\"https:\/\/alepak.com\/author\/alepak-2-2-2-2-2-2-2-2-2-2-2-2-2-2-2-2-2-2-2-2-2-3\/\" rel=\"author\">\n\t\t\t<span class=\"vcard author author_name\">\n\t\t\t\t<span class=\"fn\">Alepak<\/span>\n\t\t\t<\/span>\n\t\t<\/a>\n\t\t\t\t\t\t\t\t<\/li>\n\t\t\t\t\t\n\t\t\t\t\t\n\t\t\t\t\t\t\t\t\t\t\t<li class=\"meta-reply\">\n\t\t\t\t\t\t\t<a href=\"https:\/\/alepak.com\/integrar-vci-al-proceso-de-embalaje\/#respond\"><span class=\"replies-count\">0<\/span> <span class=\"replies-count-label\">comments<\/span><\/a>\t\t\t\t\t\t<\/li>\n\t\t\t\t\t\t\t\t\t\t\t\t<\/ul>\n\t\t\t\t\t\t\t<\/div><!-- .entry-meta -->\n\t\t\t\t\t\t\t\t\t\t\t<div class=\"hovered-social-icons wd-tltp wd-tltp-top\">\n\t\t\t\t\t\t\t<div class=\"wd-tooltip-label\">\n\t\t\t\t\t\t\t\t\t\t\t<link rel=\"stylesheet\" id=\"wd-social-icons-css\" href=\"https:\/\/alepak.com\/wp-content\/themes\/woodmart\/css\/parts\/el-social-icons.min.css?ver=7.5.1\" type=\"text\/css\" media=\"all\" \/> \t\t\t\n\t\t\t<div class=\" wd-social-icons  icons-design-default icons-size-small color-scheme-light social-share social-form-circle text-center\">\n\n\t\t\t\t\n\t\t\t\t\t\t\t\t\t<a rel=\"noopener noreferrer nofollow\" href=\"https:\/\/www.facebook.com\/sharer\/sharer.php?u=https:\/\/alepak.com\/integrar-vci-al-proceso-de-embalaje\/\" target=\"_blank\" class=\" wd-social-icon social-facebook\" aria-label=\"Facebook social link\">\n\t\t\t\t\t\t<span class=\"wd-icon\"><\/span>\n\t\t\t\t\t\t\t\t\t\t\t<\/a>\n\t\t\t\t\n\t\t\t\t\t\t\t\t\t<a rel=\"noopener noreferrer nofollow\" href=\"https:\/\/x.com\/share?url=https:\/\/alepak.com\/integrar-vci-al-proceso-de-embalaje\/\" target=\"_blank\" class=\" wd-social-icon social-twitter\" aria-label=\"X social link\">\n\t\t\t\t\t\t<span class=\"wd-icon\"><\/span>\n\t\t\t\t\t\t\t\t\t\t\t<\/a>\n\t\t\t\t\n\t\t\t\t\n\t\t\t\t\n\t\t\t\t\n\t\t\t\t\t\t\t\t\t<a rel=\"noopener noreferrer nofollow\" href=\"https:\/\/pinterest.com\/pin\/create\/button\/?url=https:\/\/alepak.com\/integrar-vci-al-proceso-de-embalaje\/&media=https:\/\/alepak.com\/wp-content\/uploads\/Copia-de-Blogs-portadas-18.jpg&description=Integrar+VCI+al+proceso+de+embalaje\" target=\"_blank\" class=\" wd-social-icon social-pinterest\" aria-label=\"Pinterest social link\">\n\t\t\t\t\t\t<span class=\"wd-icon\"><\/span>\n\t\t\t\t\t\t\t\t\t\t\t<\/a>\n\t\t\t\t\n\t\t\t\t\n\t\t\t\t\t\t\t\t\t<a rel=\"noopener noreferrer nofollow\" href=\"https:\/\/www.linkedin.com\/shareArticle?mini=true&url=https:\/\/alepak.com\/integrar-vci-al-proceso-de-embalaje\/\" target=\"_blank\" class=\" wd-social-icon social-linkedin\" aria-label=\"Linkedin social link\">\n\t\t\t\t\t\t<span class=\"wd-icon\"><\/span>\n\t\t\t\t\t\t\t\t\t\t\t<\/a>\n\t\t\t\t\n\t\t\t\t\n\t\t\t\t\n\t\t\t\t\n\t\t\t\t\n\t\t\t\t\n\t\t\t\t\n\t\t\t\t\n\t\t\t\t\n\t\t\t\t\n\t\t\t\t\t\t\t\t\n\t\t\t\t\t\t\t\t\n\t\t\t\t\n\t\t\t\t\n\t\t\t\t\t\t\t\t\t<a rel=\"noopener noreferrer nofollow\" href=\"https:\/\/telegram.me\/share\/url?url=https:\/\/alepak.com\/integrar-vci-al-proceso-de-embalaje\/\" target=\"_blank\" class=\" wd-social-icon social-tg\" aria-label=\"Telegram social link\">\n\t\t\t\t\t\t<span class=\"wd-icon\"><\/span>\n\t\t\t\t\t\t\t\t\t\t\t<\/a>\n\t\t\t\t\t\t\t\t\n\t\t\t\t\n\t\t\t<\/div>\n\n\t\t\t\t\t\t\t\t\t<\/div>\n\t\t\t\t\t\t<\/div>\n\t\t\t\t\t\t\t\t\t\t\t\t\n\t\t\t\t\t\t\t\n\t\t\t\t                    <div class=\"entry-content wd-entry-content\">\n\t\t\t\t\t\tIntroducci\u00f3n\r\nLa corrosi\u00f3n rara vez hace ruido\u2026 pero s\u00ed hace factura. Aparece como \u201c\u00f3xido leve\u201d en inventario, como recl...\n\t\t\t\t\t\t\t\t\t\t\t<\/div><!-- .entry-content -->\n\t\t\t\t\n\t\t\t\t\t\t\t\t\t\t\t\t\t\t<p class=\"read-more-section\">\n\t\t\t\t\t\t<a class=\"btn-read-more more-link\" href=\"https:\/\/alepak.com\/integrar-vci-al-proceso-de-embalaje\/\">Continue reading<\/a>\t\t\t\t\t<\/p>\n\t\t\t\t\t\t\t\t\t\t\t\n\t\t\t\n\t\t\t\t\t<\/div>\n\t<\/div>\n<\/article><!-- #post -->\n\n\n\t\t\t\t\t\t\t\t\t\t\t\n<article id=\"post-9430\" class=\"wd-post blog-design-masonry blog-post-loop blog-style-bg wd-add-shadow wd-col post-9430 post type-post status-publish format-standard has-post-thumbnail hentry category-automatizacion-industrial category-automatizacion-logistica category-blog category-eficiencia-operativa category-embalaje category-embalaje-inteligente category-empaque-inteligente category-empaque-protector category-innovacion-y-tendencias-en-embalaje category-logistica category-materiales-de-empaque category-proteccion-dentro-de-caja category-soluciones-industriales-de-embalaje category-vci category-zerust-excor tag-alepak tag-anticorrosion tag-anticorrosivo tag-embalaje tag-embalaje-protector tag-embalaje-seguro tag-empaque-protector tag-empaque-seguro tag-innovacion-en-embalaje tag-logistica tag-logistica-y-transporte tag-proteccion-contra-la-corrosion tag-proteccion-de-producto tag-soluciones-de-empaque tag-tecnologia-vci tag-zerust-excor\">\n\t<div class=\"article-inner\">\n\t\t\t\t\t<header class=\"entry-header\">\n\t\t\t\t\t\t\t\t\t<figure id=\"carousel-417\" class=\"entry-thumbnail\">\n\t\t\t\t\t\t\n\t\t\t\t\t\t\t<div class=\"post-img-wrapp\">\n\t\t\t\t\t\t\t\t<a href=\"https:\/\/alepak.com\/como-integrar-anticorrosivo-al-embalaje\/\">\n\t\t\t\t\t\t\t\t\t<img width=\"1024\" height=\"535\" src=\"https:\/\/alepak.com\/wp-content\/uploads\/Copia-de-Blogs-portadas-17-20x10.jpg\" class=\"attachment-large size-large wd-lazy-load wd-lazy-fade\" alt=\"\" decoding=\"async\" srcset=\"\" sizes=\"(max-width: 1024px) 100vw, 1024px\" data-wood-src=\"https:\/\/alepak.com\/wp-content\/uploads\/Copia-de-Blogs-portadas-17-1024x535.jpg\" data-srcset=\"https:\/\/alepak.com\/wp-content\/uploads\/Copia-de-Blogs-portadas-17-1024x535.jpg 1024w, https:\/\/alepak.com\/wp-content\/uploads\/Copia-de-Blogs-portadas-17-300x157.jpg 300w, https:\/\/alepak.com\/wp-content\/uploads\/Copia-de-Blogs-portadas-17-768x401.jpg 768w, https:\/\/alepak.com\/wp-content\/uploads\/Copia-de-Blogs-portadas-17-1536x802.jpg 1536w, https:\/\/alepak.com\/wp-content\/uploads\/Copia-de-Blogs-portadas-17-2048x1070.jpg 2048w, https:\/\/alepak.com\/wp-content\/uploads\/Copia-de-Blogs-portadas-17-600x313.jpg 600w, https:\/\/alepak.com\/wp-content\/uploads\/Copia-de-Blogs-portadas-17-150x78.jpg 150w\" \/>\t\t\t\t\t\t\t\t<\/a>\n\t\t\t\t\t\t\t<\/div>\n\t\t\t\t\t\t\t<div class=\"post-image-mask\">\n\t\t\t\t\t\t\t\t<span><\/span>\n\t\t\t\t\t\t\t<\/div>\n\n\t\t\t\t\t\t\n\t\t\t\t\t<\/figure>\n\t\t\t\t\n\t\t\t\t\t\t\t\t\t\t\t\t<div class=\"post-date wd-post-date wd-style-with-bg\">\n\t\t\t\t<span class=\"post-date-day\">\n\t\t\t\t\t29\t\t\t\t<\/span>\n\t\t\t\t<span class=\"post-date-month\">\n\t\t\t\t\tMay\t\t\t\t<\/span>\n\t\t\t<\/div>\n\t\t\t\t\t\t\n\t\t\t<\/header><!-- .entry-header -->\n\n\t\t<div class=\"article-body-container\">\n\t\t\t\n\t\t\t\t\t\t\t\t\t<div class=\"meta-categories-wrapp\"><div class=\"meta-post-categories wd-post-cat wd-style-with-bg\"><a href=\"https:\/\/alepak.com\/category\/automatizacion-industrial\/\" rel=\"category tag\">Automatizaci\u00f3n industrial<\/a>, <a href=\"https:\/\/alepak.com\/category\/automatizacion-logistica\/\" rel=\"category tag\">Automatizaci\u00f3n log\u00edstica<\/a>, <a href=\"https:\/\/alepak.com\/category\/blog\/\" rel=\"category tag\">Blog<\/a>, <a href=\"https:\/\/alepak.com\/category\/eficiencia-operativa\/\" rel=\"category tag\">Eficiencia operativa<\/a>, <a href=\"https:\/\/alepak.com\/category\/embalaje\/\" rel=\"category tag\">Embalaje<\/a>, <a href=\"https:\/\/alepak.com\/category\/embalaje-inteligente\/\" rel=\"category tag\">Embalaje inteligente<\/a>, <a href=\"https:\/\/alepak.com\/category\/empaque-inteligente\/\" rel=\"category tag\">Empaque inteligente<\/a>, <a href=\"https:\/\/alepak.com\/category\/empaque-protector\/\" rel=\"category tag\">Empaque protector<\/a>, <a href=\"https:\/\/alepak.com\/category\/innovacion-y-tendencias-en-embalaje\/\" rel=\"category tag\">Innovaci\u00f3n y tendencias en embalaje<\/a>, <a href=\"https:\/\/alepak.com\/category\/logistica\/\" rel=\"category tag\">Log\u00edstica<\/a>, <a href=\"https:\/\/alepak.com\/category\/materiales-de-empaque\/\" rel=\"category tag\">Materiales de empaque<\/a>, <a href=\"https:\/\/alepak.com\/category\/proteccion-dentro-de-caja\/\" rel=\"category tag\">Protecci\u00f3n dentro de caja<\/a>, <a href=\"https:\/\/alepak.com\/category\/soluciones-industriales-de-embalaje\/\" rel=\"category tag\">Soluciones industriales de embalaje<\/a>, <a href=\"https:\/\/alepak.com\/category\/vci\/\" rel=\"category tag\">VCI<\/a>, <a href=\"https:\/\/alepak.com\/category\/zerust-excor\/\" rel=\"category tag\">Zerust Excor<\/a><\/div><\/div>\n\t\t\t\t\n\t\t\t\t\t\t\t\t\t<h3 class=\"wd-entities-title title post-title\">\n\t\t\t\t\t\t<a href=\"https:\/\/alepak.com\/como-integrar-anticorrosivo-al-embalaje\/\" rel=\"bookmark\">\u00bfC\u00f3mo integrar anticorrosivo al embalaje?<\/a>\n\t\t\t\t\t<\/h3>\n\t\t\t\t\n\t\t\t\t\t\t\t\t\t<div class=\"entry-meta wd-entry-meta\">\n\t\t\t\t\t\t\t\t\t<ul class=\"entry-meta-list\">\n\t\t\t\t\t\t\t\t\t<li class=\"modified-date\">\n\t\t\t\t\t\t\t\t<time class=\"updated\" datetime=\"2026-05-29T15:56:05-06:00\">\n\t\t\t29 de mayo de 2026\t\t<\/time>\n\t\t\t\t\t\t\t<\/li>\n\n\t\t\t\t\t\n\t\t\t\t\t\t\t\t\t\t\t<li class=\"meta-author\">\n\t\t\t\t\t\t\t\t\t\t\t\t<span>By<\/span>\n\t\t\n\t\t\t\t\t<img alt='author-avatar' src=\"https:\/\/alepak.com\/wp-content\/themes\/woodmart\/images\/lazy.png\" data-wood-src='https:\/\/secure.gravatar.com\/avatar\/964beb613ce0ab3a5a350f262d6792fa1fbd1553f7a5b96614865583732f8c96?s=32&#038;d=mm&#038;r=g' srcset=\"\" data-srcset='https:\/\/secure.gravatar.com\/avatar\/964beb613ce0ab3a5a350f262d6792fa1fbd1553f7a5b96614865583732f8c96?s=64&#038;d=mm&#038;r=g 2x' class='wd-lazy-load wd-lazy-fade avatar avatar-32 photo' height='32' width='32' loading='lazy' decoding='async'\/>\t\t\n\t\t<a href=\"https:\/\/alepak.com\/author\/alepak-2-2-2-2-2-2-2-2-2-2-2-2-2-2-2-2-2-2-2-2-2-3\/\" rel=\"author\">\n\t\t\t<span class=\"vcard author author_name\">\n\t\t\t\t<span class=\"fn\">Alepak<\/span>\n\t\t\t<\/span>\n\t\t<\/a>\n\t\t\t\t\t\t\t\t<\/li>\n\t\t\t\t\t\n\t\t\t\t\t\n\t\t\t\t\t\t\t\t\t\t\t<li class=\"meta-reply\">\n\t\t\t\t\t\t\t<a href=\"https:\/\/alepak.com\/como-integrar-anticorrosivo-al-embalaje\/#respond\"><span class=\"replies-count\">0<\/span> <span class=\"replies-count-label\">comments<\/span><\/a>\t\t\t\t\t\t<\/li>\n\t\t\t\t\t\t\t\t\t\t\t\t<\/ul>\n\t\t\t\t\t\t\t<\/div><!-- .entry-meta -->\n\t\t\t\t\t\t\t\t\t\t\t<div class=\"hovered-social-icons wd-tltp wd-tltp-top\">\n\t\t\t\t\t\t\t<div class=\"wd-tooltip-label\">\n\t\t\t\t\t\t\t\t\n\t\t\t<div class=\" wd-social-icons  icons-design-default icons-size-small color-scheme-light social-share social-form-circle text-center\">\n\n\t\t\t\t\n\t\t\t\t\t\t\t\t\t<a rel=\"noopener noreferrer nofollow\" href=\"https:\/\/www.facebook.com\/sharer\/sharer.php?u=https:\/\/alepak.com\/como-integrar-anticorrosivo-al-embalaje\/\" target=\"_blank\" class=\" wd-social-icon social-facebook\" aria-label=\"Facebook social link\">\n\t\t\t\t\t\t<span class=\"wd-icon\"><\/span>\n\t\t\t\t\t\t\t\t\t\t\t<\/a>\n\t\t\t\t\n\t\t\t\t\t\t\t\t\t<a rel=\"noopener noreferrer nofollow\" href=\"https:\/\/x.com\/share?url=https:\/\/alepak.com\/como-integrar-anticorrosivo-al-embalaje\/\" target=\"_blank\" class=\" wd-social-icon social-twitter\" aria-label=\"X social link\">\n\t\t\t\t\t\t<span class=\"wd-icon\"><\/span>\n\t\t\t\t\t\t\t\t\t\t\t<\/a>\n\t\t\t\t\n\t\t\t\t\n\t\t\t\t\n\t\t\t\t\n\t\t\t\t\t\t\t\t\t<a rel=\"noopener noreferrer nofollow\" href=\"https:\/\/pinterest.com\/pin\/create\/button\/?url=https:\/\/alepak.com\/como-integrar-anticorrosivo-al-embalaje\/&media=https:\/\/alepak.com\/wp-content\/uploads\/Copia-de-Blogs-portadas-17.jpg&description=%C2%BFC%C3%B3mo+integrar+anticorrosivo+al+embalaje%3F\" target=\"_blank\" class=\" wd-social-icon social-pinterest\" aria-label=\"Pinterest social link\">\n\t\t\t\t\t\t<span class=\"wd-icon\"><\/span>\n\t\t\t\t\t\t\t\t\t\t\t<\/a>\n\t\t\t\t\n\t\t\t\t\n\t\t\t\t\t\t\t\t\t<a rel=\"noopener noreferrer nofollow\" href=\"https:\/\/www.linkedin.com\/shareArticle?mini=true&url=https:\/\/alepak.com\/como-integrar-anticorrosivo-al-embalaje\/\" target=\"_blank\" class=\" wd-social-icon social-linkedin\" aria-label=\"Linkedin social link\">\n\t\t\t\t\t\t<span class=\"wd-icon\"><\/span>\n\t\t\t\t\t\t\t\t\t\t\t<\/a>\n\t\t\t\t\n\t\t\t\t\n\t\t\t\t\n\t\t\t\t\n\t\t\t\t\n\t\t\t\t\n\t\t\t\t\n\t\t\t\t\n\t\t\t\t\n\t\t\t\t\n\t\t\t\t\t\t\t\t\n\t\t\t\t\t\t\t\t\n\t\t\t\t\n\t\t\t\t\n\t\t\t\t\t\t\t\t\t<a rel=\"noopener noreferrer nofollow\" href=\"https:\/\/telegram.me\/share\/url?url=https:\/\/alepak.com\/como-integrar-anticorrosivo-al-embalaje\/\" target=\"_blank\" class=\" wd-social-icon social-tg\" aria-label=\"Telegram social link\">\n\t\t\t\t\t\t<span class=\"wd-icon\"><\/span>\n\t\t\t\t\t\t\t\t\t\t\t<\/a>\n\t\t\t\t\t\t\t\t\n\t\t\t\t\n\t\t\t<\/div>\n\n\t\t\t\t\t\t\t\t\t<\/div>\n\t\t\t\t\t\t<\/div>\n\t\t\t\t\t\t\t\t\t\t\t\t\n\t\t\t\t\t\t\t\n\t\t\t\t                    <div class=\"entry-content wd-entry-content\">\n\t\t\t\t\t\tIntroducci\u00f3n\r\nLa corrosi\u00f3n es el t\u00edpico problema que \u201cno se ve\u201d hasta que ya cost\u00f3: una pieza manchada, un lote rechazad...\n\t\t\t\t\t\t\t\t\t\t\t<\/div><!-- .entry-content -->\n\t\t\t\t\n\t\t\t\t\t\t\t\t\t\t\t\t\t\t<p class=\"read-more-section\">\n\t\t\t\t\t\t<a class=\"btn-read-more more-link\" href=\"https:\/\/alepak.com\/como-integrar-anticorrosivo-al-embalaje\/\">Continue reading<\/a>\t\t\t\t\t<\/p>\n\t\t\t\t\t\t\t\t\t\t\t\n\t\t\t\n\t\t\t\t\t<\/div>\n\t<\/div>\n<\/article><!-- #post -->\n\n\n\t\t\t\t\t\t\t\t\t\t\t\n<article id=\"post-9426\" class=\"wd-post blog-design-masonry blog-post-loop blog-style-bg wd-add-shadow wd-col post-9426 post type-post status-publish format-standard has-post-thumbnail hentry category-automatizacion-industrial category-automatizacion-logistica category-blog category-eficiencia-operativa category-embalaje category-embalaje-inteligente category-empaque-inteligente category-empaque-protector category-innovacion-y-tendencias-en-embalaje category-logistica category-materiales-de-empaque category-proteccion-dentro-de-caja category-soluciones-industriales-de-embalaje category-vci category-zerust-excor tag-alepak tag-anticorrosion tag-embalaje tag-embalaje-protector tag-embalaje-seguro tag-empaque tag-empaque-protector tag-empaque-seguro tag-empaquetado tag-innovacion-en-embalaje tag-logistica tag-logistica-y-transporte tag-proteccion-contra-la-corrosion tag-proteccion-de-producto tag-soluciones-de-empaque tag-tecnologia-vci tag-zerust-excor\">\n\t<div class=\"article-inner\">\n\t\t\t\t\t<header class=\"entry-header\">\n\t\t\t\t\t\t\t\t\t<figure id=\"carousel-803\" class=\"entry-thumbnail\">\n\t\t\t\t\t\t\n\t\t\t\t\t\t\t<div class=\"post-img-wrapp\">\n\t\t\t\t\t\t\t\t<a href=\"https:\/\/alepak.com\/tecnologia-vci-como-funciona-y-cuando-aplicarla\/\">\n\t\t\t\t\t\t\t\t\t<img width=\"1024\" height=\"535\" src=\"https:\/\/alepak.com\/wp-content\/uploads\/Copia-de-Blogs-portadas-16-20x10.jpg\" class=\"attachment-large size-large wd-lazy-load wd-lazy-fade\" alt=\"\" decoding=\"async\" loading=\"lazy\" srcset=\"\" sizes=\"auto, (max-width: 1024px) 100vw, 1024px\" data-wood-src=\"https:\/\/alepak.com\/wp-content\/uploads\/Copia-de-Blogs-portadas-16-1024x535.jpg\" data-srcset=\"https:\/\/alepak.com\/wp-content\/uploads\/Copia-de-Blogs-portadas-16-1024x535.jpg 1024w, https:\/\/alepak.com\/wp-content\/uploads\/Copia-de-Blogs-portadas-16-300x157.jpg 300w, https:\/\/alepak.com\/wp-content\/uploads\/Copia-de-Blogs-portadas-16-768x401.jpg 768w, https:\/\/alepak.com\/wp-content\/uploads\/Copia-de-Blogs-portadas-16-1536x802.jpg 1536w, https:\/\/alepak.com\/wp-content\/uploads\/Copia-de-Blogs-portadas-16-2048x1070.jpg 2048w, https:\/\/alepak.com\/wp-content\/uploads\/Copia-de-Blogs-portadas-16-600x313.jpg 600w, https:\/\/alepak.com\/wp-content\/uploads\/Copia-de-Blogs-portadas-16-150x78.jpg 150w\" \/>\t\t\t\t\t\t\t\t<\/a>\n\t\t\t\t\t\t\t<\/div>\n\t\t\t\t\t\t\t<div class=\"post-image-mask\">\n\t\t\t\t\t\t\t\t<span><\/span>\n\t\t\t\t\t\t\t<\/div>\n\n\t\t\t\t\t\t\n\t\t\t\t\t<\/figure>\n\t\t\t\t\n\t\t\t\t\t\t\t\t\t\t\t\t<div class=\"post-date wd-post-date wd-style-with-bg\">\n\t\t\t\t<span class=\"post-date-day\">\n\t\t\t\t\t22\t\t\t\t<\/span>\n\t\t\t\t<span class=\"post-date-month\">\n\t\t\t\t\tMay\t\t\t\t<\/span>\n\t\t\t<\/div>\n\t\t\t\t\t\t\n\t\t\t<\/header><!-- .entry-header -->\n\n\t\t<div class=\"article-body-container\">\n\t\t\t\n\t\t\t\t\t\t\t\t\t<div class=\"meta-categories-wrapp\"><div class=\"meta-post-categories wd-post-cat wd-style-with-bg\"><a href=\"https:\/\/alepak.com\/category\/automatizacion-industrial\/\" rel=\"category tag\">Automatizaci\u00f3n industrial<\/a>, <a href=\"https:\/\/alepak.com\/category\/automatizacion-logistica\/\" rel=\"category tag\">Automatizaci\u00f3n log\u00edstica<\/a>, <a href=\"https:\/\/alepak.com\/category\/blog\/\" rel=\"category tag\">Blog<\/a>, <a href=\"https:\/\/alepak.com\/category\/eficiencia-operativa\/\" rel=\"category tag\">Eficiencia operativa<\/a>, <a href=\"https:\/\/alepak.com\/category\/embalaje\/\" rel=\"category tag\">Embalaje<\/a>, <a href=\"https:\/\/alepak.com\/category\/embalaje-inteligente\/\" rel=\"category tag\">Embalaje inteligente<\/a>, <a href=\"https:\/\/alepak.com\/category\/empaque-inteligente\/\" rel=\"category tag\">Empaque inteligente<\/a>, <a href=\"https:\/\/alepak.com\/category\/empaque-protector\/\" rel=\"category tag\">Empaque protector<\/a>, <a href=\"https:\/\/alepak.com\/category\/innovacion-y-tendencias-en-embalaje\/\" rel=\"category tag\">Innovaci\u00f3n y tendencias en embalaje<\/a>, <a href=\"https:\/\/alepak.com\/category\/logistica\/\" rel=\"category tag\">Log\u00edstica<\/a>, <a href=\"https:\/\/alepak.com\/category\/materiales-de-empaque\/\" rel=\"category tag\">Materiales de empaque<\/a>, <a href=\"https:\/\/alepak.com\/category\/proteccion-dentro-de-caja\/\" rel=\"category tag\">Protecci\u00f3n dentro de caja<\/a>, <a href=\"https:\/\/alepak.com\/category\/soluciones-industriales-de-embalaje\/\" rel=\"category tag\">Soluciones industriales de embalaje<\/a>, <a href=\"https:\/\/alepak.com\/category\/vci\/\" rel=\"category tag\">VCI<\/a>, <a href=\"https:\/\/alepak.com\/category\/zerust-excor\/\" rel=\"category tag\">Zerust Excor<\/a><\/div><\/div>\n\t\t\t\t\n\t\t\t\t\t\t\t\t\t<h3 class=\"wd-entities-title title post-title\">\n\t\t\t\t\t\t<a href=\"https:\/\/alepak.com\/tecnologia-vci-como-funciona-y-cuando-aplicarla\/\" rel=\"bookmark\">Tecnolog\u00eda VCI: c\u00f3mo funciona y cu\u00e1ndo aplicarla<\/a>\n\t\t\t\t\t<\/h3>\n\t\t\t\t\n\t\t\t\t\t\t\t\t\t<div class=\"entry-meta wd-entry-meta\">\n\t\t\t\t\t\t\t\t\t<ul class=\"entry-meta-list\">\n\t\t\t\t\t\t\t\t\t<li class=\"modified-date\">\n\t\t\t\t\t\t\t\t<time class=\"updated\" datetime=\"2026-05-22T16:45:24-06:00\">\n\t\t\t22 de mayo de 2026\t\t<\/time>\n\t\t\t\t\t\t\t<\/li>\n\n\t\t\t\t\t\n\t\t\t\t\t\t\t\t\t\t\t<li class=\"meta-author\">\n\t\t\t\t\t\t\t\t\t\t\t\t<span>By<\/span>\n\t\t\n\t\t\t\t\t<img alt='author-avatar' src=\"https:\/\/alepak.com\/wp-content\/themes\/woodmart\/images\/lazy.png\" data-wood-src='https:\/\/secure.gravatar.com\/avatar\/964beb613ce0ab3a5a350f262d6792fa1fbd1553f7a5b96614865583732f8c96?s=32&#038;d=mm&#038;r=g' srcset=\"\" data-srcset='https:\/\/secure.gravatar.com\/avatar\/964beb613ce0ab3a5a350f262d6792fa1fbd1553f7a5b96614865583732f8c96?s=64&#038;d=mm&#038;r=g 2x' class='wd-lazy-load wd-lazy-fade avatar avatar-32 photo' height='32' width='32' loading='lazy' decoding='async'\/>\t\t\n\t\t<a href=\"https:\/\/alepak.com\/author\/alepak-2-2-2-2-2-2-2-2-2-2-2-2-2-2-2-2-2-2-2-2-2-3\/\" rel=\"author\">\n\t\t\t<span class=\"vcard author author_name\">\n\t\t\t\t<span class=\"fn\">Alepak<\/span>\n\t\t\t<\/span>\n\t\t<\/a>\n\t\t\t\t\t\t\t\t<\/li>\n\t\t\t\t\t\n\t\t\t\t\t\n\t\t\t\t\t\t\t\t\t\t\t<li class=\"meta-reply\">\n\t\t\t\t\t\t\t<a href=\"https:\/\/alepak.com\/tecnologia-vci-como-funciona-y-cuando-aplicarla\/#respond\"><span class=\"replies-count\">0<\/span> <span class=\"replies-count-label\">comments<\/span><\/a>\t\t\t\t\t\t<\/li>\n\t\t\t\t\t\t\t\t\t\t\t\t<\/ul>\n\t\t\t\t\t\t\t<\/div><!-- .entry-meta -->\n\t\t\t\t\t\t\t\t\t\t\t<div class=\"hovered-social-icons wd-tltp wd-tltp-top\">\n\t\t\t\t\t\t\t<div class=\"wd-tooltip-label\">\n\t\t\t\t\t\t\t\t\n\t\t\t<div class=\" wd-social-icons  icons-design-default icons-size-small color-scheme-light social-share social-form-circle text-center\">\n\n\t\t\t\t\n\t\t\t\t\t\t\t\t\t<a rel=\"noopener noreferrer nofollow\" href=\"https:\/\/www.facebook.com\/sharer\/sharer.php?u=https:\/\/alepak.com\/tecnologia-vci-como-funciona-y-cuando-aplicarla\/\" target=\"_blank\" class=\" wd-social-icon social-facebook\" aria-label=\"Facebook social link\">\n\t\t\t\t\t\t<span class=\"wd-icon\"><\/span>\n\t\t\t\t\t\t\t\t\t\t\t<\/a>\n\t\t\t\t\n\t\t\t\t\t\t\t\t\t<a rel=\"noopener noreferrer nofollow\" href=\"https:\/\/x.com\/share?url=https:\/\/alepak.com\/tecnologia-vci-como-funciona-y-cuando-aplicarla\/\" target=\"_blank\" class=\" wd-social-icon social-twitter\" aria-label=\"X social link\">\n\t\t\t\t\t\t<span class=\"wd-icon\"><\/span>\n\t\t\t\t\t\t\t\t\t\t\t<\/a>\n\t\t\t\t\n\t\t\t\t\n\t\t\t\t\n\t\t\t\t\n\t\t\t\t\t\t\t\t\t<a rel=\"noopener noreferrer nofollow\" href=\"https:\/\/pinterest.com\/pin\/create\/button\/?url=https:\/\/alepak.com\/tecnologia-vci-como-funciona-y-cuando-aplicarla\/&media=https:\/\/alepak.com\/wp-content\/uploads\/Copia-de-Blogs-portadas-16.jpg&description=Tecnolog%C3%ADa+VCI%3A+c%C3%B3mo+funciona+y+cu%C3%A1ndo+aplicarla\" target=\"_blank\" class=\" wd-social-icon social-pinterest\" aria-label=\"Pinterest social link\">\n\t\t\t\t\t\t<span class=\"wd-icon\"><\/span>\n\t\t\t\t\t\t\t\t\t\t\t<\/a>\n\t\t\t\t\n\t\t\t\t\n\t\t\t\t\t\t\t\t\t<a rel=\"noopener noreferrer nofollow\" href=\"https:\/\/www.linkedin.com\/shareArticle?mini=true&url=https:\/\/alepak.com\/tecnologia-vci-como-funciona-y-cuando-aplicarla\/\" target=\"_blank\" class=\" wd-social-icon social-linkedin\" aria-label=\"Linkedin social link\">\n\t\t\t\t\t\t<span class=\"wd-icon\"><\/span>\n\t\t\t\t\t\t\t\t\t\t\t<\/a>\n\t\t\t\t\n\t\t\t\t\n\t\t\t\t\n\t\t\t\t\n\t\t\t\t\n\t\t\t\t\n\t\t\t\t\n\t\t\t\t\n\t\t\t\t\n\t\t\t\t\n\t\t\t\t\t\t\t\t\n\t\t\t\t\t\t\t\t\n\t\t\t\t\n\t\t\t\t\n\t\t\t\t\t\t\t\t\t<a rel=\"noopener noreferrer nofollow\" href=\"https:\/\/telegram.me\/share\/url?url=https:\/\/alepak.com\/tecnologia-vci-como-funciona-y-cuando-aplicarla\/\" target=\"_blank\" class=\" wd-social-icon social-tg\" aria-label=\"Telegram social link\">\n\t\t\t\t\t\t<span class=\"wd-icon\"><\/span>\n\t\t\t\t\t\t\t\t\t\t\t<\/a>\n\t\t\t\t\t\t\t\t\n\t\t\t\t\n\t\t\t<\/div>\n\n\t\t\t\t\t\t\t\t\t<\/div>\n\t\t\t\t\t\t<\/div>\n\t\t\t\t\t\t\t\t\t\t\t\t\n\t\t\t\t\t\t\t\n\t\t\t\t                    <div class=\"entry-content wd-entry-content\">\n\t\t\t\t\t\tIntroducci\u00f3n: La corrosi\u00f3n no suele \"avisar\"\r\nUna pieza puede salir perfecta de producci\u00f3n y, semanas despu\u00e9s, aparecer ...\n\t\t\t\t\t\t\t\t\t\t\t<\/div><!-- .entry-content -->\n\t\t\t\t\n\t\t\t\t\t\t\t\t\t\t\t\t\t\t<p class=\"read-more-section\">\n\t\t\t\t\t\t<a class=\"btn-read-more more-link\" href=\"https:\/\/alepak.com\/tecnologia-vci-como-funciona-y-cuando-aplicarla\/\">Continue reading<\/a>\t\t\t\t\t<\/p>\n\t\t\t\t\t\t\t\t\t\t\t\n\t\t\t\n\t\t\t\t\t<\/div>\n\t<\/div>\n<\/article><!-- #post -->\n\n\n\t\t\t\t\t\t\t\t\t\t\t\n<article id=\"post-9384\" class=\"wd-post blog-design-masonry blog-post-loop blog-style-bg wd-add-shadow wd-col post-9384 post type-post status-publish format-standard hentry category-blog category-cinta-engomada category-cintas category-embalaje category-embalaje-inteligente category-empaque-inteligente category-empaque-protector category-innovacion-y-tendencias-en-embalaje category-logistica category-materiales-de-empaque category-materiales-ecologicos category-materiales-sostenibles category-proteccion-dentro-de-caja category-soluciones-industriales-de-embalaje tag-alepak tag-apertura-de-cajas tag-caso-de-exito tag-cinta-engomada tag-embalaje tag-embalaje-protector tag-embalaje-seguro tag-empaque tag-empaque-protector tag-empaque-seguro tag-empaquetado tag-innovacion-en-embalaje tag-logistica tag-logistica-y-transporte tag-proteccion-de-producto tag-reduccion-de-danos tag-sellado-de-cajas tag-soluciones-de-empaque\">\n\t<div class=\"article-inner\">\n\t\t\t\t\t<header class=\"entry-header\">\n\t\t\t\t\n\t\t\t\t\t\t\t\t\t\t\t\t<div class=\"post-date wd-post-date wd-style-with-bg\">\n\t\t\t\t<span class=\"post-date-day\">\n\t\t\t\t\t15\t\t\t\t<\/span>\n\t\t\t\t<span class=\"post-date-month\">\n\t\t\t\t\tMay\t\t\t\t<\/span>\n\t\t\t<\/div>\n\t\t\t\t\t\t\n\t\t\t<\/header><!-- .entry-header -->\n\n\t\t<div class=\"article-body-container\">\n\t\t\t\n\t\t\t\t\t\t\t\t\t<div class=\"meta-categories-wrapp\"><div class=\"meta-post-categories wd-post-cat wd-style-with-bg\"><a href=\"https:\/\/alepak.com\/category\/blog\/\" rel=\"category tag\">Blog<\/a>, <a href=\"https:\/\/alepak.com\/category\/cinta-engomada\/\" rel=\"category tag\">Cinta engomada<\/a>, <a href=\"https:\/\/alepak.com\/category\/cintas\/\" rel=\"category tag\">Cintas<\/a>, <a href=\"https:\/\/alepak.com\/category\/embalaje\/\" rel=\"category tag\">Embalaje<\/a>, <a href=\"https:\/\/alepak.com\/category\/embalaje-inteligente\/\" rel=\"category tag\">Embalaje inteligente<\/a>, <a href=\"https:\/\/alepak.com\/category\/empaque-inteligente\/\" rel=\"category tag\">Empaque inteligente<\/a>, <a href=\"https:\/\/alepak.com\/category\/empaque-protector\/\" rel=\"category tag\">Empaque protector<\/a>, <a href=\"https:\/\/alepak.com\/category\/innovacion-y-tendencias-en-embalaje\/\" rel=\"category tag\">Innovaci\u00f3n y tendencias en embalaje<\/a>, <a href=\"https:\/\/alepak.com\/category\/logistica\/\" rel=\"category tag\">Log\u00edstica<\/a>, <a href=\"https:\/\/alepak.com\/category\/materiales-de-empaque\/\" rel=\"category tag\">Materiales de empaque<\/a>, <a href=\"https:\/\/alepak.com\/category\/materiales-ecologicos\/\" rel=\"category tag\">Materiales ecol\u00f3gicos<\/a>, <a href=\"https:\/\/alepak.com\/category\/materiales-sostenibles\/\" rel=\"category tag\">Materiales sostenibles<\/a>, <a href=\"https:\/\/alepak.com\/category\/proteccion-dentro-de-caja\/\" rel=\"category tag\">Protecci\u00f3n dentro de caja<\/a>, <a href=\"https:\/\/alepak.com\/category\/soluciones-industriales-de-embalaje\/\" rel=\"category tag\">Soluciones industriales de embalaje<\/a><\/div><\/div>\n\t\t\t\t\n\t\t\t\t\t\t\t\t\t<h3 class=\"wd-entities-title title post-title\">\n\t\t\t\t\t\t<a href=\"https:\/\/alepak.com\/caso-de-exito-empresa-que-tuvo-exito-con-la-cinta\/\" rel=\"bookmark\">Caso de \u00e9xito: empresa que tuvo \u00e9xito con la cinta<\/a>\n\t\t\t\t\t<\/h3>\n\t\t\t\t\n\t\t\t\t\t\t\t\t\t<div class=\"entry-meta wd-entry-meta\">\n\t\t\t\t\t\t\t\t\t<ul class=\"entry-meta-list\">\n\t\t\t\t\t\t\t\t\t<li class=\"modified-date\">\n\t\t\t\t\t\t\t\t<time class=\"updated\" datetime=\"2026-05-15T11:42:51-06:00\">\n\t\t\t15 de mayo de 2026\t\t<\/time>\n\t\t\t\t\t\t\t<\/li>\n\n\t\t\t\t\t\n\t\t\t\t\t\t\t\t\t\t\t<li class=\"meta-author\">\n\t\t\t\t\t\t\t\t\t\t\t\t<span>By<\/span>\n\t\t\n\t\t\t\t\t<img alt='author-avatar' src=\"https:\/\/alepak.com\/wp-content\/themes\/woodmart\/images\/lazy.png\" data-wood-src='https:\/\/secure.gravatar.com\/avatar\/964beb613ce0ab3a5a350f262d6792fa1fbd1553f7a5b96614865583732f8c96?s=32&#038;d=mm&#038;r=g' srcset=\"\" data-srcset='https:\/\/secure.gravatar.com\/avatar\/964beb613ce0ab3a5a350f262d6792fa1fbd1553f7a5b96614865583732f8c96?s=64&#038;d=mm&#038;r=g 2x' class='wd-lazy-load wd-lazy-fade avatar avatar-32 photo' height='32' width='32' loading='lazy' decoding='async'\/>\t\t\n\t\t<a href=\"https:\/\/alepak.com\/author\/alepak-2-2-2-2-2-2-2-2-2-2-2-2-2-2-2-2-2-2-2-2-2-3\/\" rel=\"author\">\n\t\t\t<span class=\"vcard author author_name\">\n\t\t\t\t<span class=\"fn\">Alepak<\/span>\n\t\t\t<\/span>\n\t\t<\/a>\n\t\t\t\t\t\t\t\t<\/li>\n\t\t\t\t\t\n\t\t\t\t\t\n\t\t\t\t\t\t\t\t\t\t\t<li class=\"meta-reply\">\n\t\t\t\t\t\t\t<a href=\"https:\/\/alepak.com\/caso-de-exito-empresa-que-tuvo-exito-con-la-cinta\/#respond\"><span class=\"replies-count\">0<\/span> <span class=\"replies-count-label\">comments<\/span><\/a>\t\t\t\t\t\t<\/li>\n\t\t\t\t\t\t\t\t\t\t\t\t<\/ul>\n\t\t\t\t\t\t\t<\/div><!-- .entry-meta -->\n\t\t\t\t\t\t\t\t\t\t\t<div class=\"hovered-social-icons wd-tltp wd-tltp-top\">\n\t\t\t\t\t\t\t<div class=\"wd-tooltip-label\">\n\t\t\t\t\t\t\t\t\n\t\t\t<div class=\" wd-social-icons  icons-design-default icons-size-small color-scheme-light social-share social-form-circle text-center\">\n\n\t\t\t\t\n\t\t\t\t\t\t\t\t\t<a rel=\"noopener noreferrer nofollow\" href=\"https:\/\/www.facebook.com\/sharer\/sharer.php?u=https:\/\/alepak.com\/caso-de-exito-empresa-que-tuvo-exito-con-la-cinta\/\" target=\"_blank\" class=\" wd-social-icon social-facebook\" aria-label=\"Facebook social link\">\n\t\t\t\t\t\t<span class=\"wd-icon\"><\/span>\n\t\t\t\t\t\t\t\t\t\t\t<\/a>\n\t\t\t\t\n\t\t\t\t\t\t\t\t\t<a rel=\"noopener noreferrer nofollow\" href=\"https:\/\/x.com\/share?url=https:\/\/alepak.com\/caso-de-exito-empresa-que-tuvo-exito-con-la-cinta\/\" target=\"_blank\" class=\" wd-social-icon social-twitter\" aria-label=\"X social link\">\n\t\t\t\t\t\t<span class=\"wd-icon\"><\/span>\n\t\t\t\t\t\t\t\t\t\t\t<\/a>\n\t\t\t\t\n\t\t\t\t\n\t\t\t\t\n\t\t\t\t\n\t\t\t\t\t\t\t\t\t<a rel=\"noopener noreferrer nofollow\" href=\"https:\/\/pinterest.com\/pin\/create\/button\/?url=https:\/\/alepak.com\/caso-de-exito-empresa-que-tuvo-exito-con-la-cinta\/&media=https:\/\/alepak.com\/wp-includes\/images\/media\/default.svg&description=Caso+de+%C3%A9xito%3A+empresa+que+tuvo+%C3%A9xito+con+la+cinta\" target=\"_blank\" class=\" wd-social-icon social-pinterest\" aria-label=\"Pinterest social link\">\n\t\t\t\t\t\t<span class=\"wd-icon\"><\/span>\n\t\t\t\t\t\t\t\t\t\t\t<\/a>\n\t\t\t\t\n\t\t\t\t\n\t\t\t\t\t\t\t\t\t<a rel=\"noopener noreferrer nofollow\" href=\"https:\/\/www.linkedin.com\/shareArticle?mini=true&url=https:\/\/alepak.com\/caso-de-exito-empresa-que-tuvo-exito-con-la-cinta\/\" target=\"_blank\" class=\" wd-social-icon social-linkedin\" aria-label=\"Linkedin social link\">\n\t\t\t\t\t\t<span class=\"wd-icon\"><\/span>\n\t\t\t\t\t\t\t\t\t\t\t<\/a>\n\t\t\t\t\n\t\t\t\t\n\t\t\t\t\n\t\t\t\t\n\t\t\t\t\n\t\t\t\t\n\t\t\t\t\n\t\t\t\t\n\t\t\t\t\n\t\t\t\t\n\t\t\t\t\t\t\t\t\n\t\t\t\t\t\t\t\t\n\t\t\t\t\n\t\t\t\t\n\t\t\t\t\t\t\t\t\t<a rel=\"noopener noreferrer nofollow\" href=\"https:\/\/telegram.me\/share\/url?url=https:\/\/alepak.com\/caso-de-exito-empresa-que-tuvo-exito-con-la-cinta\/\" target=\"_blank\" class=\" wd-social-icon social-tg\" aria-label=\"Telegram social link\">\n\t\t\t\t\t\t<span class=\"wd-icon\"><\/span>\n\t\t\t\t\t\t\t\t\t\t\t<\/a>\n\t\t\t\t\t\t\t\t\n\t\t\t\t\n\t\t\t<\/div>\n\n\t\t\t\t\t\t\t\t\t<\/div>\n\t\t\t\t\t\t<\/div>\n\t\t\t\t\t\t\t\t\t\t\t\t\n\t\t\t\t\t\t\t\n\t\t\t\t                    <div class=\"entry-content wd-entry-content\">\n\t\t\t\t\t\tIntroducci\u00f3n\r\nNada genera m\u00e1s frustraci\u00f3n que recibir un paquete da\u00f1ado o abierto. De acuerdo con Packaging Digest (2026...\n\t\t\t\t\t\t\t\t\t\t\t<\/div><!-- .entry-content -->\n\t\t\t\t\n\t\t\t\t\t\t\t\t\t\t\t\t\t\t<p class=\"read-more-section\">\n\t\t\t\t\t\t<a class=\"btn-read-more more-link\" href=\"https:\/\/alepak.com\/caso-de-exito-empresa-que-tuvo-exito-con-la-cinta\/\">Continue reading<\/a>\t\t\t\t\t<\/p>\n\t\t\t\t\t\t\t\t\t\t\t\n\t\t\t\n\t\t\t\t\t<\/div>\n\t<\/div>\n<\/article><!-- #post -->\n\n\n\t\t\t\t\t\t\t\t\t\t\t\n<article id=\"post-9385\" class=\"wd-post blog-design-masonry blog-post-loop blog-style-bg wd-add-shadow wd-col post-9385 post type-post status-publish format-standard has-post-thumbnail hentry category-blog category-cintas category-embalaje category-embalaje-inteligente category-empaque-inteligente category-empaque-protector category-innovacion-y-tendencias-en-embalaje category-logistica category-materiales-de-empaque category-materiales-ecologicos category-materiales-sostenibles category-soluciones-industriales-de-embalaje tag-adhesion-al-carton tag-alepak tag-cajas-de-carton tag-cinta-activada-por-agua tag-cinta-engomada tag-cinta-reforzada tag-embalaje tag-embalaje-industrial tag-embalaje-protector tag-empaque tag-empaque-protector tag-empaque-seguro tag-empaquetado tag-innovacion-en-embalaje tag-logistica tag-logistica-y-transporte tag-proteccion-de-producto\">\n\t<div class=\"article-inner\">\n\t\t\t\t\t<header class=\"entry-header\">\n\t\t\t\t\t\t\t\t\t<figure id=\"carousel-354\" class=\"entry-thumbnail\">\n\t\t\t\t\t\t\n\t\t\t\t\t\t\t<div class=\"post-img-wrapp\">\n\t\t\t\t\t\t\t\t<a href=\"https:\/\/alepak.com\/adhesion-al-carton-como-trabaja-la-cinta-engomada\/\">\n\t\t\t\t\t\t\t\t\t<img width=\"1024\" height=\"535\" src=\"https:\/\/alepak.com\/wp-content\/uploads\/Copia-de-Blogs-portadas-11-20x10.jpg\" class=\"attachment-large size-large wd-lazy-load wd-lazy-fade\" alt=\"\" decoding=\"async\" loading=\"lazy\" srcset=\"\" sizes=\"auto, (max-width: 1024px) 100vw, 1024px\" data-wood-src=\"https:\/\/alepak.com\/wp-content\/uploads\/Copia-de-Blogs-portadas-11-1024x535.jpg\" data-srcset=\"https:\/\/alepak.com\/wp-content\/uploads\/Copia-de-Blogs-portadas-11-1024x535.jpg 1024w, https:\/\/alepak.com\/wp-content\/uploads\/Copia-de-Blogs-portadas-11-300x157.jpg 300w, https:\/\/alepak.com\/wp-content\/uploads\/Copia-de-Blogs-portadas-11-768x401.jpg 768w, https:\/\/alepak.com\/wp-content\/uploads\/Copia-de-Blogs-portadas-11-1536x802.jpg 1536w, https:\/\/alepak.com\/wp-content\/uploads\/Copia-de-Blogs-portadas-11-2048x1070.jpg 2048w, https:\/\/alepak.com\/wp-content\/uploads\/Copia-de-Blogs-portadas-11-600x313.jpg 600w, https:\/\/alepak.com\/wp-content\/uploads\/Copia-de-Blogs-portadas-11-150x78.jpg 150w\" \/>\t\t\t\t\t\t\t\t<\/a>\n\t\t\t\t\t\t\t<\/div>\n\t\t\t\t\t\t\t<div class=\"post-image-mask\">\n\t\t\t\t\t\t\t\t<span><\/span>\n\t\t\t\t\t\t\t<\/div>\n\n\t\t\t\t\t\t\n\t\t\t\t\t<\/figure>\n\t\t\t\t\n\t\t\t\t\t\t\t\t\t\t\t\t<div class=\"post-date wd-post-date wd-style-with-bg\">\n\t\t\t\t<span class=\"post-date-day\">\n\t\t\t\t\t30\t\t\t\t<\/span>\n\t\t\t\t<span class=\"post-date-month\">\n\t\t\t\t\tAbr\t\t\t\t<\/span>\n\t\t\t<\/div>\n\t\t\t\t\t\t\n\t\t\t<\/header><!-- .entry-header -->\n\n\t\t<div class=\"article-body-container\">\n\t\t\t\n\t\t\t\t\t\t\t\t\t<div class=\"meta-categories-wrapp\"><div class=\"meta-post-categories wd-post-cat wd-style-with-bg\"><a href=\"https:\/\/alepak.com\/category\/blog\/\" rel=\"category tag\">Blog<\/a>, <a href=\"https:\/\/alepak.com\/category\/cintas\/\" rel=\"category tag\">Cintas<\/a>, <a href=\"https:\/\/alepak.com\/category\/embalaje\/\" rel=\"category tag\">Embalaje<\/a>, <a href=\"https:\/\/alepak.com\/category\/embalaje-inteligente\/\" rel=\"category tag\">Embalaje inteligente<\/a>, <a href=\"https:\/\/alepak.com\/category\/empaque-inteligente\/\" rel=\"category tag\">Empaque inteligente<\/a>, <a href=\"https:\/\/alepak.com\/category\/empaque-protector\/\" rel=\"category tag\">Empaque protector<\/a>, <a href=\"https:\/\/alepak.com\/category\/innovacion-y-tendencias-en-embalaje\/\" rel=\"category tag\">Innovaci\u00f3n y tendencias en embalaje<\/a>, <a href=\"https:\/\/alepak.com\/category\/logistica\/\" rel=\"category tag\">Log\u00edstica<\/a>, <a href=\"https:\/\/alepak.com\/category\/materiales-de-empaque\/\" rel=\"category tag\">Materiales de empaque<\/a>, <a href=\"https:\/\/alepak.com\/category\/materiales-ecologicos\/\" rel=\"category tag\">Materiales ecol\u00f3gicos<\/a>, <a href=\"https:\/\/alepak.com\/category\/materiales-sostenibles\/\" rel=\"category tag\">Materiales sostenibles<\/a>, <a href=\"https:\/\/alepak.com\/category\/soluciones-industriales-de-embalaje\/\" rel=\"category tag\">Soluciones industriales de embalaje<\/a><\/div><\/div>\n\t\t\t\t\n\t\t\t\t\t\t\t\t\t<h3 class=\"wd-entities-title title post-title\">\n\t\t\t\t\t\t<a href=\"https:\/\/alepak.com\/adhesion-al-carton-como-trabaja-la-cinta-engomada\/\" rel=\"bookmark\">Adhesi\u00f3n al cart\u00f3n: c\u00f3mo trabaja la cinta engomada<\/a>\n\t\t\t\t\t<\/h3>\n\t\t\t\t\n\t\t\t\t\t\t\t\t\t<div class=\"entry-meta wd-entry-meta\">\n\t\t\t\t\t\t\t\t\t<ul class=\"entry-meta-list\">\n\t\t\t\t\t\t\t\t\t<li class=\"modified-date\">\n\t\t\t\t\t\t\t\t<time class=\"updated\" datetime=\"2026-04-30T12:23:27-06:00\">\n\t\t\t30 de abril de 2026\t\t<\/time>\n\t\t\t\t\t\t\t<\/li>\n\n\t\t\t\t\t\n\t\t\t\t\t\t\t\t\t\t\t<li class=\"meta-author\">\n\t\t\t\t\t\t\t\t\t\t\t\t<span>By<\/span>\n\t\t\n\t\t\t\t\t<img alt='author-avatar' src=\"https:\/\/alepak.com\/wp-content\/themes\/woodmart\/images\/lazy.png\" data-wood-src='https:\/\/secure.gravatar.com\/avatar\/964beb613ce0ab3a5a350f262d6792fa1fbd1553f7a5b96614865583732f8c96?s=32&#038;d=mm&#038;r=g' srcset=\"\" data-srcset='https:\/\/secure.gravatar.com\/avatar\/964beb613ce0ab3a5a350f262d6792fa1fbd1553f7a5b96614865583732f8c96?s=64&#038;d=mm&#038;r=g 2x' class='wd-lazy-load wd-lazy-fade avatar avatar-32 photo' height='32' width='32' loading='lazy' decoding='async'\/>\t\t\n\t\t<a href=\"https:\/\/alepak.com\/author\/alepak-2-2-2-2-2-2-2-2-2-2-2-2-2-2-2-2-2-2-2-2-2-3\/\" rel=\"author\">\n\t\t\t<span class=\"vcard author author_name\">\n\t\t\t\t<span class=\"fn\">Alepak<\/span>\n\t\t\t<\/span>\n\t\t<\/a>\n\t\t\t\t\t\t\t\t<\/li>\n\t\t\t\t\t\n\t\t\t\t\t\n\t\t\t\t\t\t\t\t\t\t\t<li class=\"meta-reply\">\n\t\t\t\t\t\t\t<a href=\"https:\/\/alepak.com\/adhesion-al-carton-como-trabaja-la-cinta-engomada\/#respond\"><span class=\"replies-count\">0<\/span> <span class=\"replies-count-label\">comments<\/span><\/a>\t\t\t\t\t\t<\/li>\n\t\t\t\t\t\t\t\t\t\t\t\t<\/ul>\n\t\t\t\t\t\t\t<\/div><!-- .entry-meta -->\n\t\t\t\t\t\t\t\t\t\t\t<div class=\"hovered-social-icons wd-tltp wd-tltp-top\">\n\t\t\t\t\t\t\t<div class=\"wd-tooltip-label\">\n\t\t\t\t\t\t\t\t\n\t\t\t<div class=\" wd-social-icons  icons-design-default icons-size-small color-scheme-light social-share social-form-circle text-center\">\n\n\t\t\t\t\n\t\t\t\t\t\t\t\t\t<a rel=\"noopener noreferrer nofollow\" href=\"https:\/\/www.facebook.com\/sharer\/sharer.php?u=https:\/\/alepak.com\/adhesion-al-carton-como-trabaja-la-cinta-engomada\/\" target=\"_blank\" class=\" wd-social-icon social-facebook\" aria-label=\"Facebook social link\">\n\t\t\t\t\t\t<span class=\"wd-icon\"><\/span>\n\t\t\t\t\t\t\t\t\t\t\t<\/a>\n\t\t\t\t\n\t\t\t\t\t\t\t\t\t<a rel=\"noopener noreferrer nofollow\" href=\"https:\/\/x.com\/share?url=https:\/\/alepak.com\/adhesion-al-carton-como-trabaja-la-cinta-engomada\/\" target=\"_blank\" class=\" wd-social-icon social-twitter\" aria-label=\"X social link\">\n\t\t\t\t\t\t<span class=\"wd-icon\"><\/span>\n\t\t\t\t\t\t\t\t\t\t\t<\/a>\n\t\t\t\t\n\t\t\t\t\n\t\t\t\t\n\t\t\t\t\n\t\t\t\t\t\t\t\t\t<a rel=\"noopener noreferrer nofollow\" href=\"https:\/\/pinterest.com\/pin\/create\/button\/?url=https:\/\/alepak.com\/adhesion-al-carton-como-trabaja-la-cinta-engomada\/&media=https:\/\/alepak.com\/wp-content\/uploads\/Copia-de-Blogs-portadas-11.jpg&description=Adhesi%C3%B3n+al+cart%C3%B3n%3A+c%C3%B3mo+trabaja+la+cinta+engomada\" target=\"_blank\" class=\" wd-social-icon social-pinterest\" aria-label=\"Pinterest social link\">\n\t\t\t\t\t\t<span class=\"wd-icon\"><\/span>\n\t\t\t\t\t\t\t\t\t\t\t<\/a>\n\t\t\t\t\n\t\t\t\t\n\t\t\t\t\t\t\t\t\t<a rel=\"noopener noreferrer nofollow\" href=\"https:\/\/www.linkedin.com\/shareArticle?mini=true&url=https:\/\/alepak.com\/adhesion-al-carton-como-trabaja-la-cinta-engomada\/\" target=\"_blank\" class=\" wd-social-icon social-linkedin\" aria-label=\"Linkedin social link\">\n\t\t\t\t\t\t<span class=\"wd-icon\"><\/span>\n\t\t\t\t\t\t\t\t\t\t\t<\/a>\n\t\t\t\t\n\t\t\t\t\n\t\t\t\t\n\t\t\t\t\n\t\t\t\t\n\t\t\t\t\n\t\t\t\t\n\t\t\t\t\n\t\t\t\t\n\t\t\t\t\n\t\t\t\t\t\t\t\t\n\t\t\t\t\t\t\t\t\n\t\t\t\t\n\t\t\t\t\n\t\t\t\t\t\t\t\t\t<a rel=\"noopener noreferrer nofollow\" href=\"https:\/\/telegram.me\/share\/url?url=https:\/\/alepak.com\/adhesion-al-carton-como-trabaja-la-cinta-engomada\/\" target=\"_blank\" class=\" wd-social-icon social-tg\" aria-label=\"Telegram social link\">\n\t\t\t\t\t\t<span class=\"wd-icon\"><\/span>\n\t\t\t\t\t\t\t\t\t\t\t<\/a>\n\t\t\t\t\t\t\t\t\n\t\t\t\t\n\t\t\t<\/div>\n\n\t\t\t\t\t\t\t\t\t<\/div>\n\t\t\t\t\t\t<\/div>\n\t\t\t\t\t\t\t\t\t\t\t\t\n\t\t\t\t\t\t\t\n\t\t\t\t                    <div class=\"entry-content wd-entry-content\">\n\t\t\t\t\t\tIntroducci\u00f3n\r\nSellar una caja es un punto cr\u00edtico que a menudo se pasa por alto: un cierre d\u00e9bil puede desatar una caden...\n\t\t\t\t\t\t\t\t\t\t\t<\/div><!-- .entry-content -->\n\t\t\t\t\n\t\t\t\t\t\t\t\t\t\t\t\t\t\t<p class=\"read-more-section\">\n\t\t\t\t\t\t<a class=\"btn-read-more more-link\" href=\"https:\/\/alepak.com\/adhesion-al-carton-como-trabaja-la-cinta-engomada\/\">Continue reading<\/a>\t\t\t\t\t<\/p>\n\t\t\t\t\t\t\t\t\t\t\t\n\t\t\t\n\t\t\t\t\t<\/div>\n\t<\/div>\n<\/article><!-- #post -->\n\n\n\t\t\t\t\t\t\t\t\t\t\t\n<article id=\"post-9373\" class=\"wd-post blog-design-masonry blog-post-loop blog-style-bg wd-add-shadow wd-col post-9373 post type-post status-publish format-standard has-post-thumbnail hentry category-blog category-cintas category-embalaje category-embalaje-inteligente category-empaque-inteligente category-empaque-protector category-innovacion-y-tendencias-en-embalaje category-logistica category-materiales-de-empaque category-materiales-ecologicos category-materiales-sostenibles category-soluciones-industriales-de-embalaje tag-alepak tag-cinta-engomada tag-embalaje tag-embalaje-industrial tag-embalaje-protector tag-empaque tag-empaque-protector tag-empaque-seguro tag-empaquetado tag-innovacion-en-embalaje tag-logistica tag-logistica-y-transporte tag-proteccion-de-producto\">\n\t<div class=\"article-inner\">\n\t\t\t\t\t<header class=\"entry-header\">\n\t\t\t\t\t\t\t\t\t<figure id=\"carousel-138\" class=\"entry-thumbnail\">\n\t\t\t\t\t\t\n\t\t\t\t\t\t\t<div class=\"post-img-wrapp\">\n\t\t\t\t\t\t\t\t<a href=\"https:\/\/alepak.com\/que-es-la-cinta-engomada-y-por-que-protege-mejor\/\">\n\t\t\t\t\t\t\t\t\t<img width=\"1024\" height=\"535\" src=\"https:\/\/alepak.com\/wp-content\/uploads\/Copia-de-Blogs-portadas-5-20x10.jpg\" class=\"attachment-large size-large wd-lazy-load wd-lazy-fade\" alt=\"\" decoding=\"async\" loading=\"lazy\" data-wood-src=\"https:\/\/alepak.com\/wp-content\/uploads\/Copia-de-Blogs-portadas-5.jpg\" srcset=\"\" \/>\t\t\t\t\t\t\t\t<\/a>\n\t\t\t\t\t\t\t<\/div>\n\t\t\t\t\t\t\t<div class=\"post-image-mask\">\n\t\t\t\t\t\t\t\t<span><\/span>\n\t\t\t\t\t\t\t<\/div>\n\n\t\t\t\t\t\t\n\t\t\t\t\t<\/figure>\n\t\t\t\t\n\t\t\t\t\t\t\t\t\t\t\t\t<div class=\"post-date wd-post-date wd-style-with-bg\">\n\t\t\t\t<span class=\"post-date-day\">\n\t\t\t\t\t01\t\t\t\t<\/span>\n\t\t\t\t<span class=\"post-date-month\">\n\t\t\t\t\tAbr\t\t\t\t<\/span>\n\t\t\t<\/div>\n\t\t\t\t\t\t\n\t\t\t<\/header><!-- .entry-header -->\n\n\t\t<div class=\"article-body-container\">\n\t\t\t\n\t\t\t\t\t\t\t\t\t<div class=\"meta-categories-wrapp\"><div class=\"meta-post-categories wd-post-cat wd-style-with-bg\"><a href=\"https:\/\/alepak.com\/category\/blog\/\" rel=\"category tag\">Blog<\/a>, <a href=\"https:\/\/alepak.com\/category\/cintas\/\" rel=\"category tag\">Cintas<\/a>, <a href=\"https:\/\/alepak.com\/category\/embalaje\/\" rel=\"category tag\">Embalaje<\/a>, <a href=\"https:\/\/alepak.com\/category\/embalaje-inteligente\/\" rel=\"category tag\">Embalaje inteligente<\/a>, <a href=\"https:\/\/alepak.com\/category\/empaque-inteligente\/\" rel=\"category tag\">Empaque inteligente<\/a>, <a href=\"https:\/\/alepak.com\/category\/empaque-protector\/\" rel=\"category tag\">Empaque protector<\/a>, <a href=\"https:\/\/alepak.com\/category\/innovacion-y-tendencias-en-embalaje\/\" rel=\"category tag\">Innovaci\u00f3n y tendencias en embalaje<\/a>, <a href=\"https:\/\/alepak.com\/category\/logistica\/\" rel=\"category tag\">Log\u00edstica<\/a>, <a href=\"https:\/\/alepak.com\/category\/materiales-de-empaque\/\" rel=\"category tag\">Materiales de empaque<\/a>, <a href=\"https:\/\/alepak.com\/category\/materiales-ecologicos\/\" rel=\"category tag\">Materiales ecol\u00f3gicos<\/a>, <a href=\"https:\/\/alepak.com\/category\/materiales-sostenibles\/\" rel=\"category tag\">Materiales sostenibles<\/a>, <a href=\"https:\/\/alepak.com\/category\/soluciones-industriales-de-embalaje\/\" rel=\"category tag\">Soluciones industriales de embalaje<\/a><\/div><\/div>\n\t\t\t\t\n\t\t\t\t\t\t\t\t\t<h3 class=\"wd-entities-title title post-title\">\n\t\t\t\t\t\t<a href=\"https:\/\/alepak.com\/que-es-la-cinta-engomada-y-por-que-protege-mejor\/\" rel=\"bookmark\">\u00bfQu\u00e9 es la cinta engomada y por qu\u00e9 protege mejor?<\/a>\n\t\t\t\t\t<\/h3>\n\t\t\t\t\n\t\t\t\t\t\t\t\t\t<div class=\"entry-meta wd-entry-meta\">\n\t\t\t\t\t\t\t\t\t<ul class=\"entry-meta-list\">\n\t\t\t\t\t\t\t\t\t<li class=\"modified-date\">\n\t\t\t\t\t\t\t\t<time class=\"updated\" datetime=\"2026-04-01T11:12:39-06:00\">\n\t\t\t1 de abril de 2026\t\t<\/time>\n\t\t\t\t\t\t\t<\/li>\n\n\t\t\t\t\t\n\t\t\t\t\t\t\t\t\t\t\t<li class=\"meta-author\">\n\t\t\t\t\t\t\t\t\t\t\t\t<span>By<\/span>\n\t\t\n\t\t\t\t\t<img alt='author-avatar' src=\"https:\/\/alepak.com\/wp-content\/themes\/woodmart\/images\/lazy.png\" data-wood-src='https:\/\/secure.gravatar.com\/avatar\/964beb613ce0ab3a5a350f262d6792fa1fbd1553f7a5b96614865583732f8c96?s=32&#038;d=mm&#038;r=g' srcset=\"\" data-srcset='https:\/\/secure.gravatar.com\/avatar\/964beb613ce0ab3a5a350f262d6792fa1fbd1553f7a5b96614865583732f8c96?s=64&#038;d=mm&#038;r=g 2x' class='wd-lazy-load wd-lazy-fade avatar avatar-32 photo' height='32' width='32' loading='lazy' decoding='async'\/>\t\t\n\t\t<a href=\"https:\/\/alepak.com\/author\/alepak-2-2-2-2-2-2-2-2-2-2-2-2-2-2-2-2-2-2-2-2-2-3\/\" rel=\"author\">\n\t\t\t<span class=\"vcard author author_name\">\n\t\t\t\t<span class=\"fn\">Alepak<\/span>\n\t\t\t<\/span>\n\t\t<\/a>\n\t\t\t\t\t\t\t\t<\/li>\n\t\t\t\t\t\n\t\t\t\t\t\n\t\t\t\t\t\t\t\t\t\t\t<li class=\"meta-reply\">\n\t\t\t\t\t\t\t<a href=\"https:\/\/alepak.com\/que-es-la-cinta-engomada-y-por-que-protege-mejor\/#respond\"><span class=\"replies-count\">0<\/span> <span class=\"replies-count-label\">comments<\/span><\/a>\t\t\t\t\t\t<\/li>\n\t\t\t\t\t\t\t\t\t\t\t\t<\/ul>\n\t\t\t\t\t\t\t<\/div><!-- .entry-meta -->\n\t\t\t\t\t\t\t\t\t\t\t<div class=\"hovered-social-icons wd-tltp wd-tltp-top\">\n\t\t\t\t\t\t\t<div class=\"wd-tooltip-label\">\n\t\t\t\t\t\t\t\t\n\t\t\t<div class=\" wd-social-icons  icons-design-default icons-size-small color-scheme-light social-share social-form-circle text-center\">\n\n\t\t\t\t\n\t\t\t\t\t\t\t\t\t<a rel=\"noopener noreferrer nofollow\" href=\"https:\/\/www.facebook.com\/sharer\/sharer.php?u=https:\/\/alepak.com\/que-es-la-cinta-engomada-y-por-que-protege-mejor\/\" target=\"_blank\" class=\" wd-social-icon social-facebook\" aria-label=\"Facebook social link\">\n\t\t\t\t\t\t<span class=\"wd-icon\"><\/span>\n\t\t\t\t\t\t\t\t\t\t\t<\/a>\n\t\t\t\t\n\t\t\t\t\t\t\t\t\t<a rel=\"noopener noreferrer nofollow\" href=\"https:\/\/x.com\/share?url=https:\/\/alepak.com\/que-es-la-cinta-engomada-y-por-que-protege-mejor\/\" target=\"_blank\" class=\" wd-social-icon social-twitter\" aria-label=\"X social link\">\n\t\t\t\t\t\t<span class=\"wd-icon\"><\/span>\n\t\t\t\t\t\t\t\t\t\t\t<\/a>\n\t\t\t\t\n\t\t\t\t\n\t\t\t\t\n\t\t\t\t\n\t\t\t\t\t\t\t\t\t<a rel=\"noopener noreferrer nofollow\" href=\"https:\/\/pinterest.com\/pin\/create\/button\/?url=https:\/\/alepak.com\/que-es-la-cinta-engomada-y-por-que-protege-mejor\/&media=https:\/\/alepak.com\/wp-content\/uploads\/Copia-de-Blogs-portadas-5.jpg&description=%C2%BFQu%C3%A9+es+la+cinta+engomada+y+por+qu%C3%A9+protege+mejor%3F\" target=\"_blank\" class=\" wd-social-icon social-pinterest\" aria-label=\"Pinterest social link\">\n\t\t\t\t\t\t<span class=\"wd-icon\"><\/span>\n\t\t\t\t\t\t\t\t\t\t\t<\/a>\n\t\t\t\t\n\t\t\t\t\n\t\t\t\t\t\t\t\t\t<a rel=\"noopener noreferrer nofollow\" href=\"https:\/\/www.linkedin.com\/shareArticle?mini=true&url=https:\/\/alepak.com\/que-es-la-cinta-engomada-y-por-que-protege-mejor\/\" target=\"_blank\" class=\" wd-social-icon social-linkedin\" aria-label=\"Linkedin social link\">\n\t\t\t\t\t\t<span class=\"wd-icon\"><\/span>\n\t\t\t\t\t\t\t\t\t\t\t<\/a>\n\t\t\t\t\n\t\t\t\t\n\t\t\t\t\n\t\t\t\t\n\t\t\t\t\n\t\t\t\t\n\t\t\t\t\n\t\t\t\t\n\t\t\t\t\n\t\t\t\t\n\t\t\t\t\t\t\t\t\n\t\t\t\t\t\t\t\t\n\t\t\t\t\n\t\t\t\t\n\t\t\t\t\t\t\t\t\t<a rel=\"noopener noreferrer nofollow\" href=\"https:\/\/telegram.me\/share\/url?url=https:\/\/alepak.com\/que-es-la-cinta-engomada-y-por-que-protege-mejor\/\" target=\"_blank\" class=\" wd-social-icon social-tg\" aria-label=\"Telegram social link\">\n\t\t\t\t\t\t<span class=\"wd-icon\"><\/span>\n\t\t\t\t\t\t\t\t\t\t\t<\/a>\n\t\t\t\t\t\t\t\t\n\t\t\t\t\n\t\t\t<\/div>\n\n\t\t\t\t\t\t\t\t\t<\/div>\n\t\t\t\t\t\t<\/div>\n\t\t\t\t\t\t\t\t\t\t\t\t\n\t\t\t\t\t\t\t\n\t\t\t\t                    <div class=\"entry-content wd-entry-content\">\n\t\t\t\t\t\tIntroducci\u00f3n\r\nLa cinta engomada (water\u2011activated tape) se activa con agua y est\u00e1 dise\u00f1ada para un sellado m\u00e1s seguro en ...\n\t\t\t\t\t\t\t\t\t\t\t<\/div><!-- .entry-content -->\n\t\t\t\t\n\t\t\t\t\t\t\t\t\t\t\t\t\t\t<p class=\"read-more-section\">\n\t\t\t\t\t\t<a class=\"btn-read-more more-link\" href=\"https:\/\/alepak.com\/que-es-la-cinta-engomada-y-por-que-protege-mejor\/\">Continue reading<\/a>\t\t\t\t\t<\/p>\n\t\t\t\t\t\t\t\t\t\t\t\n\t\t\t\n\t\t\t\t\t<\/div>\n\t<\/div>\n<\/article><!-- #post -->\n\n\n\t\t\t\t\t\t\t\t\t\t\t\n<article id=\"post-9369\" class=\"wd-post blog-design-masonry blog-post-loop blog-style-bg wd-add-shadow wd-col post-9369 post type-post status-publish format-standard has-post-thumbnail hentry category-automatizacion-logistica category-blog category-eficiencia-operativa category-empaque-protector category-flejado category-flejado-automatico category-innovacion-en-embalaje category-logistica category-materiales-de-empaque category-poliolefina category-reduccion category-soluciones-de-fin-de-linea category-soluciones-industriales-de-embalaje category-sostenibilidad-y-eficiencia-de-materiales tag-alepak tag-economia-circular tag-embalaje-protector tag-empaque tag-empaque-flexible tag-empaque-protector tag-innovacion-en-embalaje tag-logistica tag-pelicula-estirable tag-pelicula-termoencogible tag-poliolefina tag-proteccion-de-producto tag-tendencias-en-empaque\">\n\t<div class=\"article-inner\">\n\t\t\t\t\t<header class=\"entry-header\">\n\t\t\t\t\t\t\t\t\t<figure id=\"carousel-498\" class=\"entry-thumbnail\">\n\t\t\t\t\t\t\n\t\t\t\t\t\t\t<div class=\"post-img-wrapp\">\n\t\t\t\t\t\t\t\t<a href=\"https:\/\/alepak.com\/que-es-poliolefina-y-por-que-esta-reemplazando\/\">\n\t\t\t\t\t\t\t\t\t<img width=\"1024\" height=\"535\" src=\"https:\/\/alepak.com\/wp-content\/uploads\/Copia-de-Blogs-portadas-4-20x10.jpg\" class=\"attachment-large size-large wd-lazy-load wd-lazy-fade\" alt=\"\" decoding=\"async\" loading=\"lazy\" srcset=\"\" sizes=\"auto, (max-width: 1024px) 100vw, 1024px\" data-wood-src=\"https:\/\/alepak.com\/wp-content\/uploads\/Copia-de-Blogs-portadas-4-1024x535.jpg\" data-srcset=\"https:\/\/alepak.com\/wp-content\/uploads\/Copia-de-Blogs-portadas-4-1024x535.jpg 1024w, https:\/\/alepak.com\/wp-content\/uploads\/Copia-de-Blogs-portadas-4-300x157.jpg 300w, https:\/\/alepak.com\/wp-content\/uploads\/Copia-de-Blogs-portadas-4-768x401.jpg 768w, https:\/\/alepak.com\/wp-content\/uploads\/Copia-de-Blogs-portadas-4-1536x802.jpg 1536w, https:\/\/alepak.com\/wp-content\/uploads\/Copia-de-Blogs-portadas-4-2048x1070.jpg 2048w, https:\/\/alepak.com\/wp-content\/uploads\/Copia-de-Blogs-portadas-4-600x313.jpg 600w, https:\/\/alepak.com\/wp-content\/uploads\/Copia-de-Blogs-portadas-4-150x78.jpg 150w\" \/>\t\t\t\t\t\t\t\t<\/a>\n\t\t\t\t\t\t\t<\/div>\n\t\t\t\t\t\t\t<div class=\"post-image-mask\">\n\t\t\t\t\t\t\t\t<span><\/span>\n\t\t\t\t\t\t\t<\/div>\n\n\t\t\t\t\t\t\n\t\t\t\t\t<\/figure>\n\t\t\t\t\n\t\t\t\t\t\t\t\t\t\t\t\t<div class=\"post-date wd-post-date wd-style-with-bg\">\n\t\t\t\t<span class=\"post-date-day\">\n\t\t\t\t\t27\t\t\t\t<\/span>\n\t\t\t\t<span class=\"post-date-month\">\n\t\t\t\t\tMar\t\t\t\t<\/span>\n\t\t\t<\/div>\n\t\t\t\t\t\t\n\t\t\t<\/header><!-- .entry-header -->\n\n\t\t<div class=\"article-body-container\">\n\t\t\t\n\t\t\t\t\t\t\t\t\t<div class=\"meta-categories-wrapp\"><div class=\"meta-post-categories wd-post-cat wd-style-with-bg\"><a href=\"https:\/\/alepak.com\/category\/automatizacion-logistica\/\" rel=\"category tag\">Automatizaci\u00f3n log\u00edstica<\/a>, <a href=\"https:\/\/alepak.com\/category\/blog\/\" rel=\"category tag\">Blog<\/a>, <a href=\"https:\/\/alepak.com\/category\/eficiencia-operativa\/\" rel=\"category tag\">Eficiencia operativa<\/a>, <a href=\"https:\/\/alepak.com\/category\/empaque-protector\/\" rel=\"category tag\">Empaque protector<\/a>, <a href=\"https:\/\/alepak.com\/category\/flejado\/\" rel=\"category tag\">Flejado<\/a>, <a href=\"https:\/\/alepak.com\/category\/flejado-automatico\/\" rel=\"category tag\">flejado autom\u00e1tico<\/a>, <a href=\"https:\/\/alepak.com\/category\/innovacion-en-embalaje\/\" rel=\"category tag\">Innovaci\u00f3n en embalaje<\/a>, <a href=\"https:\/\/alepak.com\/category\/logistica\/\" rel=\"category tag\">Log\u00edstica<\/a>, <a href=\"https:\/\/alepak.com\/category\/materiales-de-empaque\/\" rel=\"category tag\">Materiales de empaque<\/a>, <a href=\"https:\/\/alepak.com\/category\/poliolefina\/\" rel=\"category tag\">Poliolefina<\/a>, <a href=\"https:\/\/alepak.com\/category\/transporte\/reduccion\/\" rel=\"category tag\">Reducci\u00f3n<\/a>, <a href=\"https:\/\/alepak.com\/category\/soluciones-de-fin-de-linea\/\" rel=\"category tag\">Soluciones de Fin de L\u00ednea<\/a>, <a href=\"https:\/\/alepak.com\/category\/soluciones-industriales-de-embalaje\/\" rel=\"category tag\">Soluciones industriales de embalaje<\/a>, <a href=\"https:\/\/alepak.com\/category\/sostenibilidad-y-eficiencia-de-materiales\/\" rel=\"category tag\">Sostenibilidad y Eficiencia de Materiales<\/a><\/div><\/div>\n\t\t\t\t\n\t\t\t\t\t\t\t\t\t<h3 class=\"wd-entities-title title post-title\">\n\t\t\t\t\t\t<a href=\"https:\/\/alepak.com\/que-es-poliolefina-y-por-que-esta-reemplazando\/\" rel=\"bookmark\">\u00bfQu\u00e9 es poliolefina y por qu\u00e9 est\u00e1 reemplazando?<\/a>\n\t\t\t\t\t<\/h3>\n\t\t\t\t\n\t\t\t\t\t\t\t\t\t<div class=\"entry-meta wd-entry-meta\">\n\t\t\t\t\t\t\t\t\t<ul class=\"entry-meta-list\">\n\t\t\t\t\t\t\t\t\t<li class=\"modified-date\">\n\t\t\t\t\t\t\t\t<time class=\"updated\" datetime=\"2026-03-27T11:27:18-06:00\">\n\t\t\t27 de marzo de 2026\t\t<\/time>\n\t\t\t\t\t\t\t<\/li>\n\n\t\t\t\t\t\n\t\t\t\t\t\t\t\t\t\t\t<li class=\"meta-author\">\n\t\t\t\t\t\t\t\t\t\t\t\t<span>By<\/span>\n\t\t\n\t\t\t\t\t<img alt='author-avatar' src=\"https:\/\/alepak.com\/wp-content\/themes\/woodmart\/images\/lazy.png\" data-wood-src='https:\/\/secure.gravatar.com\/avatar\/964beb613ce0ab3a5a350f262d6792fa1fbd1553f7a5b96614865583732f8c96?s=32&#038;d=mm&#038;r=g' srcset=\"\" data-srcset='https:\/\/secure.gravatar.com\/avatar\/964beb613ce0ab3a5a350f262d6792fa1fbd1553f7a5b96614865583732f8c96?s=64&#038;d=mm&#038;r=g 2x' class='wd-lazy-load wd-lazy-fade avatar avatar-32 photo' height='32' width='32' loading='lazy' decoding='async'\/>\t\t\n\t\t<a href=\"https:\/\/alepak.com\/author\/alepak-2-2-2-2-2-2-2-2-2-2-2-2-2-2-2-2-2-2-2-2-2-3\/\" rel=\"author\">\n\t\t\t<span class=\"vcard author author_name\">\n\t\t\t\t<span class=\"fn\">Alepak<\/span>\n\t\t\t<\/span>\n\t\t<\/a>\n\t\t\t\t\t\t\t\t<\/li>\n\t\t\t\t\t\n\t\t\t\t\t\n\t\t\t\t\t\t\t\t\t\t\t<li class=\"meta-reply\">\n\t\t\t\t\t\t\t<a href=\"https:\/\/alepak.com\/que-es-poliolefina-y-por-que-esta-reemplazando\/#respond\"><span class=\"replies-count\">0<\/span> <span class=\"replies-count-label\">comments<\/span><\/a>\t\t\t\t\t\t<\/li>\n\t\t\t\t\t\t\t\t\t\t\t\t<\/ul>\n\t\t\t\t\t\t\t<\/div><!-- .entry-meta -->\n\t\t\t\t\t\t\t\t\t\t\t<div class=\"hovered-social-icons wd-tltp wd-tltp-top\">\n\t\t\t\t\t\t\t<div class=\"wd-tooltip-label\">\n\t\t\t\t\t\t\t\t\n\t\t\t<div class=\" wd-social-icons  icons-design-default icons-size-small color-scheme-light social-share social-form-circle text-center\">\n\n\t\t\t\t\n\t\t\t\t\t\t\t\t\t<a rel=\"noopener noreferrer nofollow\" href=\"https:\/\/www.facebook.com\/sharer\/sharer.php?u=https:\/\/alepak.com\/que-es-poliolefina-y-por-que-esta-reemplazando\/\" target=\"_blank\" class=\" wd-social-icon social-facebook\" aria-label=\"Facebook social link\">\n\t\t\t\t\t\t<span class=\"wd-icon\"><\/span>\n\t\t\t\t\t\t\t\t\t\t\t<\/a>\n\t\t\t\t\n\t\t\t\t\t\t\t\t\t<a rel=\"noopener noreferrer nofollow\" href=\"https:\/\/x.com\/share?url=https:\/\/alepak.com\/que-es-poliolefina-y-por-que-esta-reemplazando\/\" target=\"_blank\" class=\" wd-social-icon social-twitter\" aria-label=\"X social link\">\n\t\t\t\t\t\t<span class=\"wd-icon\"><\/span>\n\t\t\t\t\t\t\t\t\t\t\t<\/a>\n\t\t\t\t\n\t\t\t\t\n\t\t\t\t\n\t\t\t\t\n\t\t\t\t\t\t\t\t\t<a rel=\"noopener noreferrer nofollow\" href=\"https:\/\/pinterest.com\/pin\/create\/button\/?url=https:\/\/alepak.com\/que-es-poliolefina-y-por-que-esta-reemplazando\/&media=https:\/\/alepak.com\/wp-content\/uploads\/Copia-de-Blogs-portadas-4.jpg&description=%C2%BFQu%C3%A9+es+poliolefina+y+por+qu%C3%A9+est%C3%A1+reemplazando%3F\" target=\"_blank\" class=\" wd-social-icon social-pinterest\" aria-label=\"Pinterest social link\">\n\t\t\t\t\t\t<span class=\"wd-icon\"><\/span>\n\t\t\t\t\t\t\t\t\t\t\t<\/a>\n\t\t\t\t\n\t\t\t\t\n\t\t\t\t\t\t\t\t\t<a rel=\"noopener noreferrer nofollow\" href=\"https:\/\/www.linkedin.com\/shareArticle?mini=true&url=https:\/\/alepak.com\/que-es-poliolefina-y-por-que-esta-reemplazando\/\" target=\"_blank\" class=\" wd-social-icon social-linkedin\" aria-label=\"Linkedin social link\">\n\t\t\t\t\t\t<span class=\"wd-icon\"><\/span>\n\t\t\t\t\t\t\t\t\t\t\t<\/a>\n\t\t\t\t\n\t\t\t\t\n\t\t\t\t\n\t\t\t\t\n\t\t\t\t\n\t\t\t\t\n\t\t\t\t\n\t\t\t\t\n\t\t\t\t\n\t\t\t\t\n\t\t\t\t\t\t\t\t\n\t\t\t\t\t\t\t\t\n\t\t\t\t\n\t\t\t\t\n\t\t\t\t\t\t\t\t\t<a rel=\"noopener noreferrer nofollow\" href=\"https:\/\/telegram.me\/share\/url?url=https:\/\/alepak.com\/que-es-poliolefina-y-por-que-esta-reemplazando\/\" target=\"_blank\" class=\" wd-social-icon social-tg\" aria-label=\"Telegram social link\">\n\t\t\t\t\t\t<span class=\"wd-icon\"><\/span>\n\t\t\t\t\t\t\t\t\t\t\t<\/a>\n\t\t\t\t\t\t\t\t\n\t\t\t\t\n\t\t\t<\/div>\n\n\t\t\t\t\t\t\t\t\t<\/div>\n\t\t\t\t\t\t<\/div>\n\t\t\t\t\t\t\t\t\t\t\t\t\n\t\t\t\t\t\t\t\n\t\t\t\t                    <div class=\"entry-content wd-entry-content\">\n\t\t\t\t\t\tIntroducci\u00f3n: el material de empaque que est\u00e1 reemplazando a casi todos los dem\u00e1s\r\nLa poliolefina se ha vuelto protagoni...\n\t\t\t\t\t\t\t\t\t\t\t<\/div><!-- .entry-content -->\n\t\t\t\t\n\t\t\t\t\t\t\t\t\t\t\t\t\t\t<p class=\"read-more-section\">\n\t\t\t\t\t\t<a class=\"btn-read-more more-link\" href=\"https:\/\/alepak.com\/que-es-poliolefina-y-por-que-esta-reemplazando\/\">Continue reading<\/a>\t\t\t\t\t<\/p>\n\t\t\t\t\t\t\t\t\t\t\t\n\t\t\t\n\t\t\t\t\t<\/div>\n\t<\/div>\n<\/article><!-- #post -->\n\n\n\t\t\t\t\t\t\t\t\t\t\t\n<article id=\"post-9359\" class=\"wd-post blog-design-masonry blog-post-loop blog-style-bg wd-add-shadow wd-col post-9359 post type-post status-publish format-standard has-post-thumbnail hentry category-automatizacion category-automatizacion-industrial category-blog category-casos-de-exito category-e-commerce category-empaque-protector category-mejores-practicas-de-empaque category-optimizacion category-optimizacion-de-linea-de-empaque category-proteccion-dentro-de-caja category-soluciones-de-fin-de-linea category-sostenibilidad-y-eficiencia-de-materiales tag-alepak tag-automatizacion-en-embalaje tag-bloqueo-y-sujecion tag-consultoria-en-embalaje tag-cushioning tag-eficiencia-logistica tag-eficiencia-operativa tag-embalaje-logistico tag-embalaje-protector tag-empaque-protector tag-flejado tag-logistica-industrial tag-packaging-industrial tag-proteccion-de-producto tag-proteccion-interna tag-sistema-de-proteccion-dentro-de-caja\">\n\t<div class=\"article-inner\">\n\t\t\t\t\t<header class=\"entry-header\">\n\t\t\t\t\t\t\t\t\t<figure id=\"carousel-578\" class=\"entry-thumbnail\">\n\t\t\t\t\t\t\n\t\t\t\t\t\t\t<div class=\"post-img-wrapp\">\n\t\t\t\t\t\t\t\t<a href=\"https:\/\/alepak.com\/caso-de-exito-reduccion-de-mermas-en-e-commerce\/\">\n\t\t\t\t\t\t\t\t\t<img width=\"1024\" height=\"535\" src=\"https:\/\/alepak.com\/wp-content\/uploads\/Copia-de-Blogs-portadas-2-20x10.jpg\" class=\"attachment-large size-large wd-lazy-load wd-lazy-fade\" alt=\"\" decoding=\"async\" loading=\"lazy\" srcset=\"\" sizes=\"auto, (max-width: 1024px) 100vw, 1024px\" data-wood-src=\"https:\/\/alepak.com\/wp-content\/uploads\/Copia-de-Blogs-portadas-2-1024x535.jpg\" data-srcset=\"https:\/\/alepak.com\/wp-content\/uploads\/Copia-de-Blogs-portadas-2-1024x535.jpg 1024w, https:\/\/alepak.com\/wp-content\/uploads\/Copia-de-Blogs-portadas-2-300x157.jpg 300w, https:\/\/alepak.com\/wp-content\/uploads\/Copia-de-Blogs-portadas-2-768x401.jpg 768w, https:\/\/alepak.com\/wp-content\/uploads\/Copia-de-Blogs-portadas-2-1536x802.jpg 1536w, https:\/\/alepak.com\/wp-content\/uploads\/Copia-de-Blogs-portadas-2-2048x1070.jpg 2048w, https:\/\/alepak.com\/wp-content\/uploads\/Copia-de-Blogs-portadas-2-600x313.jpg 600w, https:\/\/alepak.com\/wp-content\/uploads\/Copia-de-Blogs-portadas-2-150x78.jpg 150w\" \/>\t\t\t\t\t\t\t\t<\/a>\n\t\t\t\t\t\t\t<\/div>\n\t\t\t\t\t\t\t<div class=\"post-image-mask\">\n\t\t\t\t\t\t\t\t<span><\/span>\n\t\t\t\t\t\t\t<\/div>\n\n\t\t\t\t\t\t\n\t\t\t\t\t<\/figure>\n\t\t\t\t\n\t\t\t\t\t\t\t\t\t\t\t\t<div class=\"post-date wd-post-date wd-style-with-bg\">\n\t\t\t\t<span class=\"post-date-day\">\n\t\t\t\t\t20\t\t\t\t<\/span>\n\t\t\t\t<span class=\"post-date-month\">\n\t\t\t\t\tMar\t\t\t\t<\/span>\n\t\t\t<\/div>\n\t\t\t\t\t\t\n\t\t\t<\/header><!-- .entry-header -->\n\n\t\t<div class=\"article-body-container\">\n\t\t\t\n\t\t\t\t\t\t\t\t\t<div class=\"meta-categories-wrapp\"><div class=\"meta-post-categories wd-post-cat wd-style-with-bg\"><a href=\"https:\/\/alepak.com\/category\/automatizacion\/\" rel=\"category tag\">Automatizaci\u00f3n<\/a>, <a href=\"https:\/\/alepak.com\/category\/automatizacion-industrial\/\" rel=\"category tag\">Automatizaci\u00f3n industrial<\/a>, <a href=\"https:\/\/alepak.com\/category\/blog\/\" rel=\"category tag\">Blog<\/a>, <a href=\"https:\/\/alepak.com\/category\/casos-de-exito\/\" rel=\"category tag\">Casos de \u00e9xito<\/a>, <a href=\"https:\/\/alepak.com\/category\/e-commerce\/\" rel=\"category tag\">E-Commerce<\/a>, <a href=\"https:\/\/alepak.com\/category\/empaque-protector\/\" rel=\"category tag\">Empaque protector<\/a>, <a href=\"https:\/\/alepak.com\/category\/mejores-practicas-de-empaque\/\" rel=\"category tag\">Mejores pr\u00e1cticas de Empaque<\/a>, <a href=\"https:\/\/alepak.com\/category\/optimizacion\/\" rel=\"category tag\">Optimizaci\u00f3n<\/a>, <a href=\"https:\/\/alepak.com\/category\/optimizacion-de-linea-de-empaque\/\" rel=\"category tag\">Optimizaci\u00f3n de L\u00ednea de Empaque<\/a>, <a href=\"https:\/\/alepak.com\/category\/proteccion-dentro-de-caja\/\" rel=\"category tag\">Protecci\u00f3n dentro de caja<\/a>, <a href=\"https:\/\/alepak.com\/category\/soluciones-de-fin-de-linea\/\" rel=\"category tag\">Soluciones de Fin de L\u00ednea<\/a>, <a href=\"https:\/\/alepak.com\/category\/sostenibilidad-y-eficiencia-de-materiales\/\" rel=\"category tag\">Sostenibilidad y Eficiencia de Materiales<\/a><\/div><\/div>\n\t\t\t\t\n\t\t\t\t\t\t\t\t\t<h3 class=\"wd-entities-title title post-title\">\n\t\t\t\t\t\t<a href=\"https:\/\/alepak.com\/caso-de-exito-reduccion-de-mermas-en-e-commerce\/\" rel=\"bookmark\">Caso de \u00e9xito: reducci\u00f3n de mermas en e-commerce<\/a>\n\t\t\t\t\t<\/h3>\n\t\t\t\t\n\t\t\t\t\t\t\t\t\t<div class=\"entry-meta wd-entry-meta\">\n\t\t\t\t\t\t\t\t\t<ul class=\"entry-meta-list\">\n\t\t\t\t\t\t\t\t\t<li class=\"modified-date\">\n\t\t\t\t\t\t\t\t<time class=\"updated\" datetime=\"2026-03-20T10:30:24-06:00\">\n\t\t\t20 de marzo de 2026\t\t<\/time>\n\t\t\t\t\t\t\t<\/li>\n\n\t\t\t\t\t\n\t\t\t\t\t\t\t\t\t\t\t<li class=\"meta-author\">\n\t\t\t\t\t\t\t\t\t\t\t\t<span>By<\/span>\n\t\t\n\t\t\t\t\t<img alt='author-avatar' src=\"https:\/\/alepak.com\/wp-content\/themes\/woodmart\/images\/lazy.png\" data-wood-src='https:\/\/secure.gravatar.com\/avatar\/964beb613ce0ab3a5a350f262d6792fa1fbd1553f7a5b96614865583732f8c96?s=32&#038;d=mm&#038;r=g' srcset=\"\" data-srcset='https:\/\/secure.gravatar.com\/avatar\/964beb613ce0ab3a5a350f262d6792fa1fbd1553f7a5b96614865583732f8c96?s=64&#038;d=mm&#038;r=g 2x' class='wd-lazy-load wd-lazy-fade avatar avatar-32 photo' height='32' width='32' loading='lazy' decoding='async'\/>\t\t\n\t\t<a href=\"https:\/\/alepak.com\/author\/alepak-2-2-2-2-2-2-2-2-2-2-2-2-2-2-2-2-2-2-2-2-2-3\/\" rel=\"author\">\n\t\t\t<span class=\"vcard author author_name\">\n\t\t\t\t<span class=\"fn\">Alepak<\/span>\n\t\t\t<\/span>\n\t\t<\/a>\n\t\t\t\t\t\t\t\t<\/li>\n\t\t\t\t\t\n\t\t\t\t\t\n\t\t\t\t\t\t\t\t\t\t\t<li class=\"meta-reply\">\n\t\t\t\t\t\t\t<a href=\"https:\/\/alepak.com\/caso-de-exito-reduccion-de-mermas-en-e-commerce\/#respond\"><span class=\"replies-count\">0<\/span> <span class=\"replies-count-label\">comments<\/span><\/a>\t\t\t\t\t\t<\/li>\n\t\t\t\t\t\t\t\t\t\t\t\t<\/ul>\n\t\t\t\t\t\t\t<\/div><!-- .entry-meta -->\n\t\t\t\t\t\t\t\t\t\t\t<div class=\"hovered-social-icons wd-tltp wd-tltp-top\">\n\t\t\t\t\t\t\t<div class=\"wd-tooltip-label\">\n\t\t\t\t\t\t\t\t\n\t\t\t<div class=\" wd-social-icons  icons-design-default icons-size-small color-scheme-light social-share social-form-circle text-center\">\n\n\t\t\t\t\n\t\t\t\t\t\t\t\t\t<a rel=\"noopener noreferrer nofollow\" href=\"https:\/\/www.facebook.com\/sharer\/sharer.php?u=https:\/\/alepak.com\/caso-de-exito-reduccion-de-mermas-en-e-commerce\/\" target=\"_blank\" class=\" wd-social-icon social-facebook\" aria-label=\"Facebook social link\">\n\t\t\t\t\t\t<span class=\"wd-icon\"><\/span>\n\t\t\t\t\t\t\t\t\t\t\t<\/a>\n\t\t\t\t\n\t\t\t\t\t\t\t\t\t<a rel=\"noopener noreferrer nofollow\" href=\"https:\/\/x.com\/share?url=https:\/\/alepak.com\/caso-de-exito-reduccion-de-mermas-en-e-commerce\/\" target=\"_blank\" class=\" wd-social-icon social-twitter\" aria-label=\"X social link\">\n\t\t\t\t\t\t<span class=\"wd-icon\"><\/span>\n\t\t\t\t\t\t\t\t\t\t\t<\/a>\n\t\t\t\t\n\t\t\t\t\n\t\t\t\t\n\t\t\t\t\n\t\t\t\t\t\t\t\t\t<a rel=\"noopener noreferrer nofollow\" href=\"https:\/\/pinterest.com\/pin\/create\/button\/?url=https:\/\/alepak.com\/caso-de-exito-reduccion-de-mermas-en-e-commerce\/&media=https:\/\/alepak.com\/wp-content\/uploads\/Copia-de-Blogs-portadas-2.jpg&description=Caso+de+%C3%A9xito%3A+reducci%C3%B3n+de+mermas+en+e-commerce\" target=\"_blank\" class=\" wd-social-icon social-pinterest\" aria-label=\"Pinterest social link\">\n\t\t\t\t\t\t<span class=\"wd-icon\"><\/span>\n\t\t\t\t\t\t\t\t\t\t\t<\/a>\n\t\t\t\t\n\t\t\t\t\n\t\t\t\t\t\t\t\t\t<a rel=\"noopener noreferrer nofollow\" href=\"https:\/\/www.linkedin.com\/shareArticle?mini=true&url=https:\/\/alepak.com\/caso-de-exito-reduccion-de-mermas-en-e-commerce\/\" target=\"_blank\" class=\" wd-social-icon social-linkedin\" aria-label=\"Linkedin social link\">\n\t\t\t\t\t\t<span class=\"wd-icon\"><\/span>\n\t\t\t\t\t\t\t\t\t\t\t<\/a>\n\t\t\t\t\n\t\t\t\t\n\t\t\t\t\n\t\t\t\t\n\t\t\t\t\n\t\t\t\t\n\t\t\t\t\n\t\t\t\t\n\t\t\t\t\n\t\t\t\t\n\t\t\t\t\t\t\t\t\n\t\t\t\t\t\t\t\t\n\t\t\t\t\n\t\t\t\t\n\t\t\t\t\t\t\t\t\t<a rel=\"noopener noreferrer nofollow\" href=\"https:\/\/telegram.me\/share\/url?url=https:\/\/alepak.com\/caso-de-exito-reduccion-de-mermas-en-e-commerce\/\" target=\"_blank\" class=\" wd-social-icon social-tg\" aria-label=\"Telegram social link\">\n\t\t\t\t\t\t<span class=\"wd-icon\"><\/span>\n\t\t\t\t\t\t\t\t\t\t\t<\/a>\n\t\t\t\t\t\t\t\t\n\t\t\t\t\n\t\t\t<\/div>\n\n\t\t\t\t\t\t\t\t\t<\/div>\n\t\t\t\t\t\t<\/div>\n\t\t\t\t\t\t\t\t\t\t\t\t\n\t\t\t\t\t\t\t\n\t\t\t\t                    <div class=\"entry-content wd-entry-content\">\n\t\t\t\t\t\tIntroducci\u00f3n: En e-commerce, la merma no siempre se ve como \u201cmerma\u201d.\r\nMuchas veces se disfraza de devoluciones, reembols...\n\t\t\t\t\t\t\t\t\t\t\t<\/div><!-- .entry-content -->\n\t\t\t\t\n\t\t\t\t\t\t\t\t\t\t\t\t\t\t<p class=\"read-more-section\">\n\t\t\t\t\t\t<a class=\"btn-read-more more-link\" href=\"https:\/\/alepak.com\/caso-de-exito-reduccion-de-mermas-en-e-commerce\/\">Continue reading<\/a>\t\t\t\t\t<\/p>\n\t\t\t\t\t\t\t\t\t\t\t\n\t\t\t\n\t\t\t\t\t<\/div>\n\t<\/div>\n<\/article><!-- #post -->\n\n\n\t\t\t\t\t\t\t\t\t\t\t\n<article id=\"post-9353\" class=\"wd-post blog-design-masonry blog-post-loop blog-style-bg wd-add-shadow wd-col post-9353 post type-post status-publish format-standard has-post-thumbnail hentry category-automatizacion category-automatizacion-industrial category-blog category-logistica category-mejores-practicas-de-empaque category-optimizacion category-optimizacion-de-linea-de-empaque category-proteccion-dentro-de-caja category-soluciones-de-fin-de-linea category-sostenibilidad-y-eficiencia-de-materiales tag-alepak tag-automatizacion-en-embalaje tag-bloqueo-y-sujecion tag-cushioning tag-eficiencia-logistica tag-embalaje-logistico tag-embalaje-protector tag-empaque-protector tag-logistica-industrial tag-packaging-industrial tag-proteccion-de-producto tag-proteccion-interna tag-sistema-de-proteccion-dentro-de-caja\">\n\t<div class=\"article-inner\">\n\t\t\t\t\t<header class=\"entry-header\">\n\t\t\t\t\t\t\t\t\t<figure id=\"carousel-151\" class=\"entry-thumbnail\">\n\t\t\t\t\t\t\n\t\t\t\t\t\t\t<div class=\"post-img-wrapp\">\n\t\t\t\t\t\t\t\t<a href=\"https:\/\/alepak.com\/como-disenar-un-sistema-de-proteccion-en-la-caja\/\">\n\t\t\t\t\t\t\t\t\t<img width=\"1024\" height=\"535\" src=\"https:\/\/alepak.com\/wp-content\/uploads\/Copia-de-Blogs-portadas-1-20x10.png\" class=\"attachment-large size-large wd-lazy-load wd-lazy-fade\" alt=\"\" decoding=\"async\" loading=\"lazy\" srcset=\"\" sizes=\"auto, (max-width: 1024px) 100vw, 1024px\" data-wood-src=\"https:\/\/alepak.com\/wp-content\/uploads\/Copia-de-Blogs-portadas-1-1024x535.png\" data-srcset=\"https:\/\/alepak.com\/wp-content\/uploads\/Copia-de-Blogs-portadas-1-1024x535.png 1024w, https:\/\/alepak.com\/wp-content\/uploads\/Copia-de-Blogs-portadas-1-300x157.png 300w, https:\/\/alepak.com\/wp-content\/uploads\/Copia-de-Blogs-portadas-1-768x401.png 768w, https:\/\/alepak.com\/wp-content\/uploads\/Copia-de-Blogs-portadas-1-1536x802.png 1536w, https:\/\/alepak.com\/wp-content\/uploads\/Copia-de-Blogs-portadas-1-2048x1070.png 2048w, https:\/\/alepak.com\/wp-content\/uploads\/Copia-de-Blogs-portadas-1-600x313.png 600w, https:\/\/alepak.com\/wp-content\/uploads\/Copia-de-Blogs-portadas-1-150x78.png 150w\" \/>\t\t\t\t\t\t\t\t<\/a>\n\t\t\t\t\t\t\t<\/div>\n\t\t\t\t\t\t\t<div class=\"post-image-mask\">\n\t\t\t\t\t\t\t\t<span><\/span>\n\t\t\t\t\t\t\t<\/div>\n\n\t\t\t\t\t\t\n\t\t\t\t\t<\/figure>\n\t\t\t\t\n\t\t\t\t\t\t\t\t\t\t\t\t<div class=\"post-date wd-post-date wd-style-with-bg\">\n\t\t\t\t<span class=\"post-date-day\">\n\t\t\t\t\t13\t\t\t\t<\/span>\n\t\t\t\t<span class=\"post-date-month\">\n\t\t\t\t\tMar\t\t\t\t<\/span>\n\t\t\t<\/div>\n\t\t\t\t\t\t\n\t\t\t<\/header><!-- .entry-header -->\n\n\t\t<div class=\"article-body-container\">\n\t\t\t\n\t\t\t\t\t\t\t\t\t<div class=\"meta-categories-wrapp\"><div class=\"meta-post-categories wd-post-cat wd-style-with-bg\"><a href=\"https:\/\/alepak.com\/category\/automatizacion\/\" rel=\"category tag\">Automatizaci\u00f3n<\/a>, <a href=\"https:\/\/alepak.com\/category\/automatizacion-industrial\/\" rel=\"category tag\">Automatizaci\u00f3n industrial<\/a>, <a href=\"https:\/\/alepak.com\/category\/blog\/\" rel=\"category tag\">Blog<\/a>, <a href=\"https:\/\/alepak.com\/category\/logistica\/\" rel=\"category tag\">Log\u00edstica<\/a>, <a href=\"https:\/\/alepak.com\/category\/mejores-practicas-de-empaque\/\" rel=\"category tag\">Mejores pr\u00e1cticas de Empaque<\/a>, <a href=\"https:\/\/alepak.com\/category\/optimizacion\/\" rel=\"category tag\">Optimizaci\u00f3n<\/a>, <a href=\"https:\/\/alepak.com\/category\/optimizacion-de-linea-de-empaque\/\" rel=\"category tag\">Optimizaci\u00f3n de L\u00ednea de Empaque<\/a>, <a href=\"https:\/\/alepak.com\/category\/proteccion-dentro-de-caja\/\" rel=\"category tag\">Protecci\u00f3n dentro de caja<\/a>, <a href=\"https:\/\/alepak.com\/category\/soluciones-de-fin-de-linea\/\" rel=\"category tag\">Soluciones de Fin de L\u00ednea<\/a>, <a href=\"https:\/\/alepak.com\/category\/sostenibilidad-y-eficiencia-de-materiales\/\" rel=\"category tag\">Sostenibilidad y Eficiencia de Materiales<\/a><\/div><\/div>\n\t\t\t\t\n\t\t\t\t\t\t\t\t\t<h3 class=\"wd-entities-title title post-title\">\n\t\t\t\t\t\t<a href=\"https:\/\/alepak.com\/como-disenar-un-sistema-de-proteccion-en-la-caja\/\" rel=\"bookmark\">C\u00f3mo dise\u00f1ar un sistema de protecci\u00f3n en la caja<\/a>\n\t\t\t\t\t<\/h3>\n\t\t\t\t\n\t\t\t\t\t\t\t\t\t<div class=\"entry-meta wd-entry-meta\">\n\t\t\t\t\t\t\t\t\t<ul class=\"entry-meta-list\">\n\t\t\t\t\t\t\t\t\t<li class=\"modified-date\">\n\t\t\t\t\t\t\t\t<time class=\"updated\" datetime=\"2026-03-13T16:30:35-06:00\">\n\t\t\t13 de marzo de 2026\t\t<\/time>\n\t\t\t\t\t\t\t<\/li>\n\n\t\t\t\t\t\n\t\t\t\t\t\t\t\t\t\t\t<li class=\"meta-author\">\n\t\t\t\t\t\t\t\t\t\t\t\t<span>By<\/span>\n\t\t\n\t\t\t\t\t<img alt='author-avatar' src=\"https:\/\/alepak.com\/wp-content\/themes\/woodmart\/images\/lazy.png\" data-wood-src='https:\/\/secure.gravatar.com\/avatar\/964beb613ce0ab3a5a350f262d6792fa1fbd1553f7a5b96614865583732f8c96?s=32&#038;d=mm&#038;r=g' srcset=\"\" data-srcset='https:\/\/secure.gravatar.com\/avatar\/964beb613ce0ab3a5a350f262d6792fa1fbd1553f7a5b96614865583732f8c96?s=64&#038;d=mm&#038;r=g 2x' class='wd-lazy-load wd-lazy-fade avatar avatar-32 photo' height='32' width='32' loading='lazy' decoding='async'\/>\t\t\n\t\t<a href=\"https:\/\/alepak.com\/author\/alepak-2-2-2-2-2-2-2-2-2-2-2-2-2-2-2-2-2-2-2-2-2-3\/\" rel=\"author\">\n\t\t\t<span class=\"vcard author author_name\">\n\t\t\t\t<span class=\"fn\">Alepak<\/span>\n\t\t\t<\/span>\n\t\t<\/a>\n\t\t\t\t\t\t\t\t<\/li>\n\t\t\t\t\t\n\t\t\t\t\t\n\t\t\t\t\t\t\t\t\t\t\t<li class=\"meta-reply\">\n\t\t\t\t\t\t\t<a href=\"https:\/\/alepak.com\/como-disenar-un-sistema-de-proteccion-en-la-caja\/#respond\"><span class=\"replies-count\">0<\/span> <span class=\"replies-count-label\">comments<\/span><\/a>\t\t\t\t\t\t<\/li>\n\t\t\t\t\t\t\t\t\t\t\t\t<\/ul>\n\t\t\t\t\t\t\t<\/div><!-- .entry-meta -->\n\t\t\t\t\t\t\t\t\t\t\t<div class=\"hovered-social-icons wd-tltp wd-tltp-top\">\n\t\t\t\t\t\t\t<div class=\"wd-tooltip-label\">\n\t\t\t\t\t\t\t\t\n\t\t\t<div class=\" wd-social-icons  icons-design-default icons-size-small color-scheme-light social-share social-form-circle text-center\">\n\n\t\t\t\t\n\t\t\t\t\t\t\t\t\t<a rel=\"noopener noreferrer nofollow\" href=\"https:\/\/www.facebook.com\/sharer\/sharer.php?u=https:\/\/alepak.com\/como-disenar-un-sistema-de-proteccion-en-la-caja\/\" target=\"_blank\" class=\" wd-social-icon social-facebook\" aria-label=\"Facebook social link\">\n\t\t\t\t\t\t<span class=\"wd-icon\"><\/span>\n\t\t\t\t\t\t\t\t\t\t\t<\/a>\n\t\t\t\t\n\t\t\t\t\t\t\t\t\t<a rel=\"noopener noreferrer nofollow\" href=\"https:\/\/x.com\/share?url=https:\/\/alepak.com\/como-disenar-un-sistema-de-proteccion-en-la-caja\/\" target=\"_blank\" class=\" wd-social-icon social-twitter\" aria-label=\"X social link\">\n\t\t\t\t\t\t<span class=\"wd-icon\"><\/span>\n\t\t\t\t\t\t\t\t\t\t\t<\/a>\n\t\t\t\t\n\t\t\t\t\n\t\t\t\t\n\t\t\t\t\n\t\t\t\t\t\t\t\t\t<a rel=\"noopener noreferrer nofollow\" href=\"https:\/\/pinterest.com\/pin\/create\/button\/?url=https:\/\/alepak.com\/como-disenar-un-sistema-de-proteccion-en-la-caja\/&media=https:\/\/alepak.com\/wp-content\/uploads\/Copia-de-Blogs-portadas-1.png&description=C%C3%B3mo+dise%C3%B1ar+un+sistema+de+protecci%C3%B3n+en+la+caja\" target=\"_blank\" class=\" wd-social-icon social-pinterest\" aria-label=\"Pinterest social link\">\n\t\t\t\t\t\t<span class=\"wd-icon\"><\/span>\n\t\t\t\t\t\t\t\t\t\t\t<\/a>\n\t\t\t\t\n\t\t\t\t\n\t\t\t\t\t\t\t\t\t<a rel=\"noopener noreferrer nofollow\" href=\"https:\/\/www.linkedin.com\/shareArticle?mini=true&url=https:\/\/alepak.com\/como-disenar-un-sistema-de-proteccion-en-la-caja\/\" target=\"_blank\" class=\" wd-social-icon social-linkedin\" aria-label=\"Linkedin social link\">\n\t\t\t\t\t\t<span class=\"wd-icon\"><\/span>\n\t\t\t\t\t\t\t\t\t\t\t<\/a>\n\t\t\t\t\n\t\t\t\t\n\t\t\t\t\n\t\t\t\t\n\t\t\t\t\n\t\t\t\t\n\t\t\t\t\n\t\t\t\t\n\t\t\t\t\n\t\t\t\t\n\t\t\t\t\t\t\t\t\n\t\t\t\t\t\t\t\t\n\t\t\t\t\n\t\t\t\t\n\t\t\t\t\t\t\t\t\t<a rel=\"noopener noreferrer nofollow\" href=\"https:\/\/telegram.me\/share\/url?url=https:\/\/alepak.com\/como-disenar-un-sistema-de-proteccion-en-la-caja\/\" target=\"_blank\" class=\" wd-social-icon social-tg\" aria-label=\"Telegram social link\">\n\t\t\t\t\t\t<span class=\"wd-icon\"><\/span>\n\t\t\t\t\t\t\t\t\t\t\t<\/a>\n\t\t\t\t\t\t\t\t\n\t\t\t\t\n\t\t\t<\/div>\n\n\t\t\t\t\t\t\t\t\t<\/div>\n\t\t\t\t\t\t<\/div>\n\t\t\t\t\t\t\t\t\t\t\t\t\n\t\t\t\t\t\t\t\n\t\t\t\t                    <div class=\"entry-content wd-entry-content\">\n\t\t\t\t\t\tIntroducci\u00f3n: La mayor\u00eda de los da\u00f1os \u201cmisteriosos\u201d no pasan en producci\u00f3n.\r\nCuando ocurren da\u00f1os que son considerados c...\n\t\t\t\t\t\t\t\t\t\t\t<\/div><!-- .entry-content -->\n\t\t\t\t\n\t\t\t\t\t\t\t\t\t\t\t\t\t\t<p class=\"read-more-section\">\n\t\t\t\t\t\t<a class=\"btn-read-more more-link\" href=\"https:\/\/alepak.com\/como-disenar-un-sistema-de-proteccion-en-la-caja\/\">Continue reading<\/a>\t\t\t\t\t<\/p>\n\t\t\t\t\t\t\t\t\t\t\t\n\t\t\t\n\t\t\t\t\t<\/div>\n\t<\/div>\n<\/article><!-- #post -->\n\n\n\t\t\t\t\t\t\t\t\t\t\t\n<article id=\"post-9348\" class=\"wd-post blog-design-masonry blog-post-loop blog-style-bg wd-add-shadow wd-col post-9348 post type-post status-publish format-standard has-post-thumbnail hentry category-automatizacion-industrial category-biofill category-blog category-ergopack category-flejado category-mejores-practicas-de-empaque category-optimizacion category-optimizacion-de-linea-de-empaque category-orgapack category-poliolefina category-proteccion-dentro-de-caja category-ranpak category-soluciones-de-fin-de-linea category-sostenibilidad-y-eficiencia-de-materiales tag-alepak tag-automatizacion-en-embalaje tag-biofill tag-bloqueo-y-sujecion tag-cinta-engomada tag-cushioning tag-embalaje-protector tag-empaque-para-fragiles tag-empaque-protector tag-ergopack tag-estabilidad-de-tarimas tag-lock-pop tag-logistica-industrial tag-orgapack tag-papel-para-embalaje tag-papel-para-relleno tag-pelicula-estirable tag-poliolefina tag-proteccion-de-producto tag-proteccion-interna tag-ranpak tag-reduccion-de-danos tag-reduccion-de-danos-en-envios tag-relleno-protector tag-wulftec tag-zerust-excor\">\n\t<div class=\"article-inner\">\n\t\t\t\t\t<header class=\"entry-header\">\n\t\t\t\t\t\t\t\t\t<figure id=\"carousel-152\" class=\"entry-thumbnail\">\n\t\t\t\t\t\t\n\t\t\t\t\t\t\t<div class=\"post-img-wrapp\">\n\t\t\t\t\t\t\t\t<a href=\"https:\/\/alepak.com\/ranpak-y-biofill-cuando-usarlos-segun-el-producto\/\">\n\t\t\t\t\t\t\t\t\t<img width=\"1024\" height=\"535\" src=\"https:\/\/alepak.com\/wp-content\/uploads\/Copia-de-Blogs-portadas-20x10.png\" class=\"attachment-large size-large wd-lazy-load wd-lazy-fade\" alt=\"\" decoding=\"async\" loading=\"lazy\" srcset=\"\" sizes=\"auto, (max-width: 1024px) 100vw, 1024px\" data-wood-src=\"https:\/\/alepak.com\/wp-content\/uploads\/Copia-de-Blogs-portadas-1024x535.png\" data-srcset=\"https:\/\/alepak.com\/wp-content\/uploads\/Copia-de-Blogs-portadas-1024x535.png 1024w, https:\/\/alepak.com\/wp-content\/uploads\/Copia-de-Blogs-portadas-300x157.png 300w, https:\/\/alepak.com\/wp-content\/uploads\/Copia-de-Blogs-portadas-768x401.png 768w, https:\/\/alepak.com\/wp-content\/uploads\/Copia-de-Blogs-portadas-1536x802.png 1536w, https:\/\/alepak.com\/wp-content\/uploads\/Copia-de-Blogs-portadas-2048x1070.png 2048w, https:\/\/alepak.com\/wp-content\/uploads\/Copia-de-Blogs-portadas-600x313.png 600w, https:\/\/alepak.com\/wp-content\/uploads\/Copia-de-Blogs-portadas-150x78.png 150w\" \/>\t\t\t\t\t\t\t\t<\/a>\n\t\t\t\t\t\t\t<\/div>\n\t\t\t\t\t\t\t<div class=\"post-image-mask\">\n\t\t\t\t\t\t\t\t<span><\/span>\n\t\t\t\t\t\t\t<\/div>\n\n\t\t\t\t\t\t\n\t\t\t\t\t<\/figure>\n\t\t\t\t\n\t\t\t\t\t\t\t\t\t\t\t\t<div class=\"post-date wd-post-date wd-style-with-bg\">\n\t\t\t\t<span class=\"post-date-day\">\n\t\t\t\t\t06\t\t\t\t<\/span>\n\t\t\t\t<span class=\"post-date-month\">\n\t\t\t\t\tMar\t\t\t\t<\/span>\n\t\t\t<\/div>\n\t\t\t\t\t\t\n\t\t\t<\/header><!-- .entry-header -->\n\n\t\t<div class=\"article-body-container\">\n\t\t\t\n\t\t\t\t\t\t\t\t\t<div class=\"meta-categories-wrapp\"><div class=\"meta-post-categories wd-post-cat wd-style-with-bg\"><a href=\"https:\/\/alepak.com\/category\/automatizacion-industrial\/\" rel=\"category tag\">Automatizaci\u00f3n industrial<\/a>, <a href=\"https:\/\/alepak.com\/category\/biofill\/\" rel=\"category tag\">Biofill<\/a>, <a href=\"https:\/\/alepak.com\/category\/blog\/\" rel=\"category tag\">Blog<\/a>, <a href=\"https:\/\/alepak.com\/category\/ergopack\/\" rel=\"category tag\">Ergopack<\/a>, <a href=\"https:\/\/alepak.com\/category\/flejado\/\" rel=\"category tag\">Flejado<\/a>, <a href=\"https:\/\/alepak.com\/category\/mejores-practicas-de-empaque\/\" rel=\"category tag\">Mejores pr\u00e1cticas de Empaque<\/a>, <a href=\"https:\/\/alepak.com\/category\/optimizacion\/\" rel=\"category tag\">Optimizaci\u00f3n<\/a>, <a href=\"https:\/\/alepak.com\/category\/optimizacion-de-linea-de-empaque\/\" rel=\"category tag\">Optimizaci\u00f3n de L\u00ednea de Empaque<\/a>, <a href=\"https:\/\/alepak.com\/category\/orgapack\/\" rel=\"category tag\">Orgapack<\/a>, <a href=\"https:\/\/alepak.com\/category\/poliolefina\/\" rel=\"category tag\">Poliolefina<\/a>, <a href=\"https:\/\/alepak.com\/category\/proteccion-dentro-de-caja\/\" rel=\"category tag\">Protecci\u00f3n dentro de caja<\/a>, <a href=\"https:\/\/alepak.com\/category\/ranpak\/\" rel=\"category tag\">Ranpak<\/a>, <a href=\"https:\/\/alepak.com\/category\/soluciones-de-fin-de-linea\/\" rel=\"category tag\">Soluciones de Fin de L\u00ednea<\/a>, <a href=\"https:\/\/alepak.com\/category\/sostenibilidad-y-eficiencia-de-materiales\/\" rel=\"category tag\">Sostenibilidad y Eficiencia de Materiales<\/a><\/div><\/div>\n\t\t\t\t\n\t\t\t\t\t\t\t\t\t<h3 class=\"wd-entities-title title post-title\">\n\t\t\t\t\t\t<a href=\"https:\/\/alepak.com\/ranpak-y-biofill-cuando-usarlos-segun-el-producto\/\" rel=\"bookmark\">Ranpak y Biofill: cu\u00e1ndo usarlos seg\u00fan el producto<\/a>\n\t\t\t\t\t<\/h3>\n\t\t\t\t\n\t\t\t\t\t\t\t\t\t<div class=\"entry-meta wd-entry-meta\">\n\t\t\t\t\t\t\t\t\t<ul class=\"entry-meta-list\">\n\t\t\t\t\t\t\t\t\t<li class=\"modified-date\">\n\t\t\t\t\t\t\t\t<time class=\"updated\" datetime=\"2026-03-06T16:22:51-06:00\">\n\t\t\t6 de marzo de 2026\t\t<\/time>\n\t\t\t\t\t\t\t<\/li>\n\n\t\t\t\t\t\n\t\t\t\t\t\t\t\t\t\t\t<li class=\"meta-author\">\n\t\t\t\t\t\t\t\t\t\t\t\t<span>By<\/span>\n\t\t\n\t\t\t\t\t<img alt='author-avatar' src=\"https:\/\/alepak.com\/wp-content\/themes\/woodmart\/images\/lazy.png\" data-wood-src='https:\/\/secure.gravatar.com\/avatar\/964beb613ce0ab3a5a350f262d6792fa1fbd1553f7a5b96614865583732f8c96?s=32&#038;d=mm&#038;r=g' srcset=\"\" data-srcset='https:\/\/secure.gravatar.com\/avatar\/964beb613ce0ab3a5a350f262d6792fa1fbd1553f7a5b96614865583732f8c96?s=64&#038;d=mm&#038;r=g 2x' class='wd-lazy-load wd-lazy-fade avatar avatar-32 photo' height='32' width='32' loading='lazy' decoding='async'\/>\t\t\n\t\t<a href=\"https:\/\/alepak.com\/author\/alepak-2-2-2-2-2-2-2-2-2-2-2-2-2-2-2-2-2-2-2-2-2-3\/\" rel=\"author\">\n\t\t\t<span class=\"vcard author author_name\">\n\t\t\t\t<span class=\"fn\">Alepak<\/span>\n\t\t\t<\/span>\n\t\t<\/a>\n\t\t\t\t\t\t\t\t<\/li>\n\t\t\t\t\t\n\t\t\t\t\t\n\t\t\t\t\t\t\t\t\t\t\t<li class=\"meta-reply\">\n\t\t\t\t\t\t\t<a href=\"https:\/\/alepak.com\/ranpak-y-biofill-cuando-usarlos-segun-el-producto\/#respond\"><span class=\"replies-count\">0<\/span> <span class=\"replies-count-label\">comments<\/span><\/a>\t\t\t\t\t\t<\/li>\n\t\t\t\t\t\t\t\t\t\t\t\t<\/ul>\n\t\t\t\t\t\t\t<\/div><!-- .entry-meta -->\n\t\t\t\t\t\t\t\t\t\t\t<div class=\"hovered-social-icons wd-tltp wd-tltp-top\">\n\t\t\t\t\t\t\t<div class=\"wd-tooltip-label\">\n\t\t\t\t\t\t\t\t\n\t\t\t<div class=\" wd-social-icons  icons-design-default icons-size-small color-scheme-light social-share social-form-circle text-center\">\n\n\t\t\t\t\n\t\t\t\t\t\t\t\t\t<a rel=\"noopener noreferrer nofollow\" href=\"https:\/\/www.facebook.com\/sharer\/sharer.php?u=https:\/\/alepak.com\/ranpak-y-biofill-cuando-usarlos-segun-el-producto\/\" target=\"_blank\" class=\" wd-social-icon social-facebook\" aria-label=\"Facebook social link\">\n\t\t\t\t\t\t<span class=\"wd-icon\"><\/span>\n\t\t\t\t\t\t\t\t\t\t\t<\/a>\n\t\t\t\t\n\t\t\t\t\t\t\t\t\t<a rel=\"noopener noreferrer nofollow\" href=\"https:\/\/x.com\/share?url=https:\/\/alepak.com\/ranpak-y-biofill-cuando-usarlos-segun-el-producto\/\" target=\"_blank\" class=\" wd-social-icon social-twitter\" aria-label=\"X social link\">\n\t\t\t\t\t\t<span class=\"wd-icon\"><\/span>\n\t\t\t\t\t\t\t\t\t\t\t<\/a>\n\t\t\t\t\n\t\t\t\t\n\t\t\t\t\n\t\t\t\t\n\t\t\t\t\t\t\t\t\t<a rel=\"noopener noreferrer nofollow\" href=\"https:\/\/pinterest.com\/pin\/create\/button\/?url=https:\/\/alepak.com\/ranpak-y-biofill-cuando-usarlos-segun-el-producto\/&media=https:\/\/alepak.com\/wp-content\/uploads\/Copia-de-Blogs-portadas.png&description=Ranpak+y+Biofill%3A+cu%C3%A1ndo+usarlos+seg%C3%BAn+el+producto\" target=\"_blank\" class=\" wd-social-icon social-pinterest\" aria-label=\"Pinterest social link\">\n\t\t\t\t\t\t<span class=\"wd-icon\"><\/span>\n\t\t\t\t\t\t\t\t\t\t\t<\/a>\n\t\t\t\t\n\t\t\t\t\n\t\t\t\t\t\t\t\t\t<a rel=\"noopener noreferrer nofollow\" href=\"https:\/\/www.linkedin.com\/shareArticle?mini=true&url=https:\/\/alepak.com\/ranpak-y-biofill-cuando-usarlos-segun-el-producto\/\" target=\"_blank\" class=\" wd-social-icon social-linkedin\" aria-label=\"Linkedin social link\">\n\t\t\t\t\t\t<span class=\"wd-icon\"><\/span>\n\t\t\t\t\t\t\t\t\t\t\t<\/a>\n\t\t\t\t\n\t\t\t\t\n\t\t\t\t\n\t\t\t\t\n\t\t\t\t\n\t\t\t\t\n\t\t\t\t\n\t\t\t\t\n\t\t\t\t\n\t\t\t\t\n\t\t\t\t\t\t\t\t\n\t\t\t\t\t\t\t\t\n\t\t\t\t\n\t\t\t\t\n\t\t\t\t\t\t\t\t\t<a rel=\"noopener noreferrer nofollow\" href=\"https:\/\/telegram.me\/share\/url?url=https:\/\/alepak.com\/ranpak-y-biofill-cuando-usarlos-segun-el-producto\/\" target=\"_blank\" class=\" wd-social-icon social-tg\" aria-label=\"Telegram social link\">\n\t\t\t\t\t\t<span class=\"wd-icon\"><\/span>\n\t\t\t\t\t\t\t\t\t\t\t<\/a>\n\t\t\t\t\t\t\t\t\n\t\t\t\t\n\t\t\t<\/div>\n\n\t\t\t\t\t\t\t\t\t<\/div>\n\t\t\t\t\t\t<\/div>\n\t\t\t\t\t\t\t\t\t\t\t\t\n\t\t\t\t\t\t\t\n\t\t\t\t                    <div class=\"entry-content wd-entry-content\">\n\t\t\t\t\t\tIntroducci\u00f3n: Cuando se usa un mismo relleno para todo\r\nSi tu operaci\u00f3n usa \u201cel mismo relleno para todo\u201d, est\u00e1s pagando ...\n\t\t\t\t\t\t\t\t\t\t\t<\/div><!-- .entry-content -->\n\t\t\t\t\n\t\t\t\t\t\t\t\t\t\t\t\t\t\t<p class=\"read-more-section\">\n\t\t\t\t\t\t<a class=\"btn-read-more more-link\" href=\"https:\/\/alepak.com\/ranpak-y-biofill-cuando-usarlos-segun-el-producto\/\">Continue reading<\/a>\t\t\t\t\t<\/p>\n\t\t\t\t\t\t\t\t\t\t\t\n\t\t\t\n\t\t\t\t\t<\/div>\n\t<\/div>\n<\/article><!-- #post -->\n\n\n\t\t\t\t\t\n\t\t\t\t\t","status":"have-posts","nextPage":"https:\/\/alepak.com\/tag\/embalaje-protector\/page\/3\/?woo_ajax=1","currentPage":"https:\/\/alepak.com\/tag\/embalaje-protector\/page\/2"}