
			
				

					
				

			
		{"items":"\n\t\t\t\t\t\t\t\t\t\t\t\n<article id=\"post-9373\" class=\"wd-post blog-design-masonry blog-post-loop blog-style-bg wd-add-shadow wd-col post-9373 post type-post status-publish format-standard has-post-thumbnail hentry category-blog category-cintas category-embalaje category-embalaje-inteligente category-empaque-inteligente category-empaque-protector category-innovacion-y-tendencias-en-embalaje category-logistica category-materiales-de-empaque category-materiales-ecologicos category-materiales-sostenibles category-soluciones-industriales-de-embalaje tag-alepak tag-cinta-engomada tag-embalaje tag-embalaje-industrial tag-embalaje-protector tag-empaque tag-empaque-protector tag-empaque-seguro tag-empaquetado tag-innovacion-en-embalaje tag-logistica tag-logistica-y-transporte tag-proteccion-de-producto\">\n\t<div class=\"article-inner\">\n\t\t\t\t\t<header class=\"entry-header\">\n\t\t\t\t\t\t\t\t\t<figure id=\"carousel-216\" class=\"entry-thumbnail\">\n\t\t\t\t\t\t\n\t\t\t\t\t\t\t<div class=\"post-img-wrapp\">\n\t\t\t\t\t\t\t\t<a href=\"https:\/\/alepak.com\/que-es-la-cinta-engomada-y-por-que-protege-mejor\/\">\n\t\t\t\t\t\t\t\t\t<img width=\"1024\" height=\"535\" src=\"https:\/\/alepak.com\/wp-content\/uploads\/Copia-de-Blogs-portadas-5-20x10.jpg\" class=\"attachment-large size-large wd-lazy-load wd-lazy-fade\" alt=\"\" decoding=\"async\" fetchpriority=\"high\" data-wood-src=\"https:\/\/alepak.com\/wp-content\/uploads\/Copia-de-Blogs-portadas-5.jpg\" srcset=\"\" \/>\t\t\t\t\t\t\t\t<\/a>\n\t\t\t\t\t\t\t<\/div>\n\t\t\t\t\t\t\t<div class=\"post-image-mask\">\n\t\t\t\t\t\t\t\t<span><\/span>\n\t\t\t\t\t\t\t<\/div>\n\n\t\t\t\t\t\t\n\t\t\t\t\t<\/figure>\n\t\t\t\t\n\t\t\t\t\t\t\t\t\t\t\t\t<div class=\"post-date wd-post-date wd-style-with-bg\">\n\t\t\t\t<span class=\"post-date-day\">\n\t\t\t\t\t01\t\t\t\t<\/span>\n\t\t\t\t<span class=\"post-date-month\">\n\t\t\t\t\tAbr\t\t\t\t<\/span>\n\t\t\t<\/div>\n\t\t\t\t\t\t\n\t\t\t<\/header><!-- .entry-header -->\n\n\t\t<div class=\"article-body-container\">\n\t\t\t\n\t\t\t\t\t\t\t\t\t<div class=\"meta-categories-wrapp\"><div class=\"meta-post-categories wd-post-cat wd-style-with-bg\"><a href=\"https:\/\/alepak.com\/category\/blog\/\" rel=\"category tag\">Blog<\/a>, <a href=\"https:\/\/alepak.com\/category\/cintas\/\" rel=\"category tag\">Cintas<\/a>, <a href=\"https:\/\/alepak.com\/category\/embalaje\/\" rel=\"category tag\">Embalaje<\/a>, <a href=\"https:\/\/alepak.com\/category\/embalaje-inteligente\/\" rel=\"category tag\">Embalaje inteligente<\/a>, <a href=\"https:\/\/alepak.com\/category\/empaque-inteligente\/\" rel=\"category tag\">Empaque inteligente<\/a>, <a href=\"https:\/\/alepak.com\/category\/empaque-protector\/\" rel=\"category tag\">Empaque protector<\/a>, <a href=\"https:\/\/alepak.com\/category\/innovacion-y-tendencias-en-embalaje\/\" rel=\"category tag\">Innovaci\u00f3n y tendencias en embalaje<\/a>, <a href=\"https:\/\/alepak.com\/category\/logistica\/\" rel=\"category tag\">Log\u00edstica<\/a>, <a href=\"https:\/\/alepak.com\/category\/materiales-de-empaque\/\" rel=\"category tag\">Materiales de empaque<\/a>, <a href=\"https:\/\/alepak.com\/category\/materiales-ecologicos\/\" rel=\"category tag\">Materiales ecol\u00f3gicos<\/a>, <a href=\"https:\/\/alepak.com\/category\/materiales-sostenibles\/\" rel=\"category tag\">Materiales sostenibles<\/a>, <a href=\"https:\/\/alepak.com\/category\/soluciones-industriales-de-embalaje\/\" rel=\"category tag\">Soluciones industriales de embalaje<\/a><\/div><\/div>\n\t\t\t\t\n\t\t\t\t\t\t\t\t\t<h3 class=\"wd-entities-title title post-title\">\n\t\t\t\t\t\t<a href=\"https:\/\/alepak.com\/que-es-la-cinta-engomada-y-por-que-protege-mejor\/\" rel=\"bookmark\">\u00bfQu\u00e9 es la cinta engomada y por qu\u00e9 protege mejor?<\/a>\n\t\t\t\t\t<\/h3>\n\t\t\t\t\n\t\t\t\t\t\t\t\t\t<div class=\"entry-meta wd-entry-meta\">\n\t\t\t\t\t\t\t\t\t<ul class=\"entry-meta-list\">\n\t\t\t\t\t\t\t\t\t<li class=\"modified-date\">\n\t\t\t\t\t\t\t\t<time class=\"updated\" datetime=\"2026-04-01T11:12:39-06:00\">\n\t\t\t1 de abril de 2026\t\t<\/time>\n\t\t\t\t\t\t\t<\/li>\n\n\t\t\t\t\t\n\t\t\t\t\t\t\t\t\t\t\t<li class=\"meta-author\">\n\t\t\t\t\t\t\t\t\t\t\t\t<span>By<\/span>\n\t\t\n\t\t\t\t\t<img alt='author-avatar' src=\"https:\/\/alepak.com\/wp-content\/themes\/woodmart\/images\/lazy.png\" data-wood-src='https:\/\/secure.gravatar.com\/avatar\/964beb613ce0ab3a5a350f262d6792fa1fbd1553f7a5b96614865583732f8c96?s=32&#038;d=mm&#038;r=g' srcset=\"\" data-srcset='https:\/\/secure.gravatar.com\/avatar\/964beb613ce0ab3a5a350f262d6792fa1fbd1553f7a5b96614865583732f8c96?s=64&#038;d=mm&#038;r=g 2x' class='wd-lazy-load wd-lazy-fade avatar avatar-32 photo' height='32' width='32' decoding='async'\/>\t\t\n\t\t<a href=\"https:\/\/alepak.com\/author\/alepak-2-2-2-2-2-2-2-2-2-2-2-2-2-2-2-2-2-2-2-2-2-3\/\" rel=\"author\">\n\t\t\t<span class=\"vcard author author_name\">\n\t\t\t\t<span class=\"fn\">Alepak<\/span>\n\t\t\t<\/span>\n\t\t<\/a>\n\t\t\t\t\t\t\t\t<\/li>\n\t\t\t\t\t\n\t\t\t\t\t\n\t\t\t\t\t\t\t\t\t\t\t<li class=\"meta-reply\">\n\t\t\t\t\t\t\t<a href=\"https:\/\/alepak.com\/que-es-la-cinta-engomada-y-por-que-protege-mejor\/#respond\"><span class=\"replies-count\">0<\/span> <span class=\"replies-count-label\">comments<\/span><\/a>\t\t\t\t\t\t<\/li>\n\t\t\t\t\t\t\t\t\t\t\t\t<\/ul>\n\t\t\t\t\t\t\t<\/div><!-- .entry-meta -->\n\t\t\t\t\t\t\t\t\t\t\t<div class=\"hovered-social-icons wd-tltp wd-tltp-top\">\n\t\t\t\t\t\t\t<div class=\"wd-tooltip-label\">\n\t\t\t\t\t\t\t\t\t\t\t<link rel=\"stylesheet\" id=\"wd-social-icons-css\" href=\"https:\/\/alepak.com\/wp-content\/themes\/woodmart\/css\/parts\/el-social-icons.min.css?ver=7.5.1\" type=\"text\/css\" media=\"all\" \/> \t\t\t\n\t\t\t<div class=\" wd-social-icons  icons-design-default icons-size-small color-scheme-light social-share social-form-circle text-center\">\n\n\t\t\t\t\n\t\t\t\t\t\t\t\t\t<a rel=\"noopener noreferrer nofollow\" href=\"https:\/\/www.facebook.com\/sharer\/sharer.php?u=https:\/\/alepak.com\/que-es-la-cinta-engomada-y-por-que-protege-mejor\/\" target=\"_blank\" class=\" wd-social-icon social-facebook\" aria-label=\"Facebook social link\">\n\t\t\t\t\t\t<span class=\"wd-icon\"><\/span>\n\t\t\t\t\t\t\t\t\t\t\t<\/a>\n\t\t\t\t\n\t\t\t\t\t\t\t\t\t<a rel=\"noopener noreferrer nofollow\" href=\"https:\/\/x.com\/share?url=https:\/\/alepak.com\/que-es-la-cinta-engomada-y-por-que-protege-mejor\/\" target=\"_blank\" class=\" wd-social-icon social-twitter\" aria-label=\"X social link\">\n\t\t\t\t\t\t<span class=\"wd-icon\"><\/span>\n\t\t\t\t\t\t\t\t\t\t\t<\/a>\n\t\t\t\t\n\t\t\t\t\n\t\t\t\t\n\t\t\t\t\n\t\t\t\t\t\t\t\t\t<a rel=\"noopener noreferrer nofollow\" href=\"https:\/\/pinterest.com\/pin\/create\/button\/?url=https:\/\/alepak.com\/que-es-la-cinta-engomada-y-por-que-protege-mejor\/&media=https:\/\/alepak.com\/wp-content\/uploads\/Copia-de-Blogs-portadas-5.jpg&description=%C2%BFQu%C3%A9+es+la+cinta+engomada+y+por+qu%C3%A9+protege+mejor%3F\" target=\"_blank\" class=\" wd-social-icon social-pinterest\" aria-label=\"Pinterest social link\">\n\t\t\t\t\t\t<span class=\"wd-icon\"><\/span>\n\t\t\t\t\t\t\t\t\t\t\t<\/a>\n\t\t\t\t\n\t\t\t\t\n\t\t\t\t\t\t\t\t\t<a rel=\"noopener noreferrer nofollow\" href=\"https:\/\/www.linkedin.com\/shareArticle?mini=true&url=https:\/\/alepak.com\/que-es-la-cinta-engomada-y-por-que-protege-mejor\/\" target=\"_blank\" class=\" wd-social-icon social-linkedin\" aria-label=\"Linkedin social link\">\n\t\t\t\t\t\t<span class=\"wd-icon\"><\/span>\n\t\t\t\t\t\t\t\t\t\t\t<\/a>\n\t\t\t\t\n\t\t\t\t\n\t\t\t\t\n\t\t\t\t\n\t\t\t\t\n\t\t\t\t\n\t\t\t\t\n\t\t\t\t\n\t\t\t\t\n\t\t\t\t\n\t\t\t\t\t\t\t\t\n\t\t\t\t\t\t\t\t\n\t\t\t\t\n\t\t\t\t\n\t\t\t\t\t\t\t\t\t<a rel=\"noopener noreferrer nofollow\" href=\"https:\/\/telegram.me\/share\/url?url=https:\/\/alepak.com\/que-es-la-cinta-engomada-y-por-que-protege-mejor\/\" target=\"_blank\" class=\" wd-social-icon social-tg\" aria-label=\"Telegram social link\">\n\t\t\t\t\t\t<span class=\"wd-icon\"><\/span>\n\t\t\t\t\t\t\t\t\t\t\t<\/a>\n\t\t\t\t\t\t\t\t\n\t\t\t\t\n\t\t\t<\/div>\n\n\t\t\t\t\t\t\t\t\t<\/div>\n\t\t\t\t\t\t<\/div>\n\t\t\t\t\t\t\t\t\t\t\t\t\n\t\t\t\t\t\t\t\n\t\t\t\t                    <div class=\"entry-content wd-entry-content\">\n\t\t\t\t\t\tIntroducci\u00f3n\r\nLa cinta engomada (water\u2011activated tape) se activa con agua y est\u00e1 dise\u00f1ada para un sellado m\u00e1s seguro en ...\n\t\t\t\t\t\t\t\t\t\t\t<\/div><!-- .entry-content -->\n\t\t\t\t\n\t\t\t\t\t\t\t\t\t\t\t\t\t\t<p class=\"read-more-section\">\n\t\t\t\t\t\t<a class=\"btn-read-more more-link\" href=\"https:\/\/alepak.com\/que-es-la-cinta-engomada-y-por-que-protege-mejor\/\">Continue reading<\/a>\t\t\t\t\t<\/p>\n\t\t\t\t\t\t\t\t\t\t\t\n\t\t\t\n\t\t\t\t\t<\/div>\n\t<\/div>\n<\/article><!-- #post -->\n\n\n\t\t\t\t\t\t\t\t\t\t\t\n<article id=\"post-8990\" class=\"wd-post blog-design-masonry blog-post-loop blog-style-bg wd-add-shadow wd-col post-8990 post type-post status-publish format-standard has-post-thumbnail hentry category-automatizacion category-automatizacion-industrial category-automatizacion-logistica category-blog category-soluciones-industriales-de-embalaje category-zerust-excor tag-alepak tag-automatizacion-en-embalaje tag-biofill tag-casos-de-exito tag-embalaje tag-ergopack tag-innovacion-industrial tag-lock-pop tag-ranpak tag-tecnologias-avanzadas tag-wulftec tag-zerust-excor\">\n\t<div class=\"article-inner\">\n\t\t\t\t\t<header class=\"entry-header\">\n\t\t\t\t\t\t\t\t\t<figure id=\"carousel-639\" class=\"entry-thumbnail\">\n\t\t\t\t\t\t\n\t\t\t\t\t\t\t<div class=\"post-img-wrapp\">\n\t\t\t\t\t\t\t\t<a href=\"https:\/\/alepak.com\/casos-de-exito-en-tecnologias-avanzadas-de-embalaje\/\">\n\t\t\t\t\t\t\t\t\t<img width=\"1024\" height=\"535\" src=\"https:\/\/alepak.com\/wp-content\/uploads\/Casos-de-exito-en-la-implementacion-de-tecnologias-avanzadas-en-embalaje-20x10.png\" class=\"attachment-large size-large wd-lazy-load wd-lazy-fade\" alt=\"\" decoding=\"async\" srcset=\"\" sizes=\"(max-width: 1024px) 100vw, 1024px\" data-wood-src=\"https:\/\/alepak.com\/wp-content\/uploads\/Casos-de-exito-en-la-implementacion-de-tecnologias-avanzadas-en-embalaje-1024x535.png\" data-srcset=\"https:\/\/alepak.com\/wp-content\/uploads\/Casos-de-exito-en-la-implementacion-de-tecnologias-avanzadas-en-embalaje-1024x535.png 1024w, https:\/\/alepak.com\/wp-content\/uploads\/Casos-de-exito-en-la-implementacion-de-tecnologias-avanzadas-en-embalaje-300x157.png 300w, https:\/\/alepak.com\/wp-content\/uploads\/Casos-de-exito-en-la-implementacion-de-tecnologias-avanzadas-en-embalaje-768x401.png 768w, https:\/\/alepak.com\/wp-content\/uploads\/Casos-de-exito-en-la-implementacion-de-tecnologias-avanzadas-en-embalaje-1536x802.png 1536w, https:\/\/alepak.com\/wp-content\/uploads\/Casos-de-exito-en-la-implementacion-de-tecnologias-avanzadas-en-embalaje-2048x1070.png 2048w, https:\/\/alepak.com\/wp-content\/uploads\/Casos-de-exito-en-la-implementacion-de-tecnologias-avanzadas-en-embalaje-600x313.png 600w, https:\/\/alepak.com\/wp-content\/uploads\/Casos-de-exito-en-la-implementacion-de-tecnologias-avanzadas-en-embalaje-150x78.png 150w\" \/>\t\t\t\t\t\t\t\t<\/a>\n\t\t\t\t\t\t\t<\/div>\n\t\t\t\t\t\t\t<div class=\"post-image-mask\">\n\t\t\t\t\t\t\t\t<span><\/span>\n\t\t\t\t\t\t\t<\/div>\n\n\t\t\t\t\t\t\n\t\t\t\t\t<\/figure>\n\t\t\t\t\n\t\t\t\t\t\t\t\t\t\t\t\t<div class=\"post-date wd-post-date wd-style-with-bg\">\n\t\t\t\t<span class=\"post-date-day\">\n\t\t\t\t\t14\t\t\t\t<\/span>\n\t\t\t\t<span class=\"post-date-month\">\n\t\t\t\t\tNov\t\t\t\t<\/span>\n\t\t\t<\/div>\n\t\t\t\t\t\t\n\t\t\t<\/header><!-- .entry-header -->\n\n\t\t<div class=\"article-body-container\">\n\t\t\t\n\t\t\t\t\t\t\t\t\t<div class=\"meta-categories-wrapp\"><div class=\"meta-post-categories wd-post-cat wd-style-with-bg\"><a href=\"https:\/\/alepak.com\/category\/automatizacion\/\" rel=\"category tag\">Automatizaci\u00f3n<\/a>, <a href=\"https:\/\/alepak.com\/category\/automatizacion-industrial\/\" rel=\"category tag\">Automatizaci\u00f3n industrial<\/a>, <a href=\"https:\/\/alepak.com\/category\/automatizacion-logistica\/\" rel=\"category tag\">Automatizaci\u00f3n log\u00edstica<\/a>, <a href=\"https:\/\/alepak.com\/category\/blog\/\" rel=\"category tag\">Blog<\/a>, <a href=\"https:\/\/alepak.com\/category\/soluciones-industriales-de-embalaje\/\" rel=\"category tag\">Soluciones industriales de embalaje<\/a>, <a href=\"https:\/\/alepak.com\/category\/zerust-excor\/\" rel=\"category tag\">Zerust Excor<\/a><\/div><\/div>\n\t\t\t\t\n\t\t\t\t\t\t\t\t\t<h3 class=\"wd-entities-title title post-title\">\n\t\t\t\t\t\t<a href=\"https:\/\/alepak.com\/casos-de-exito-en-tecnologias-avanzadas-de-embalaje\/\" rel=\"bookmark\">Casos de \u00e9xito en tecnolog\u00edas avanzadas de embalaje<\/a>\n\t\t\t\t\t<\/h3>\n\t\t\t\t\n\t\t\t\t\t\t\t\t\t<div class=\"entry-meta wd-entry-meta\">\n\t\t\t\t\t\t\t\t\t<ul class=\"entry-meta-list\">\n\t\t\t\t\t\t\t\t\t<li class=\"modified-date\">\n\t\t\t\t\t\t\t\t<time class=\"updated\" datetime=\"2025-11-14T14:00:04-06:00\">\n\t\t\t14 de noviembre de 2025\t\t<\/time>\n\t\t\t\t\t\t\t<\/li>\n\n\t\t\t\t\t\n\t\t\t\t\t\t\t\t\t\t\t<li class=\"meta-author\">\n\t\t\t\t\t\t\t\t\t\t\t\t<span>By<\/span>\n\t\t\n\t\t\t\t\t<img alt='author-avatar' src=\"https:\/\/alepak.com\/wp-content\/themes\/woodmart\/images\/lazy.png\" data-wood-src='https:\/\/secure.gravatar.com\/avatar\/964beb613ce0ab3a5a350f262d6792fa1fbd1553f7a5b96614865583732f8c96?s=32&#038;d=mm&#038;r=g' srcset=\"\" data-srcset='https:\/\/secure.gravatar.com\/avatar\/964beb613ce0ab3a5a350f262d6792fa1fbd1553f7a5b96614865583732f8c96?s=64&#038;d=mm&#038;r=g 2x' class='wd-lazy-load wd-lazy-fade avatar avatar-32 photo' height='32' width='32' loading='lazy' decoding='async'\/>\t\t\n\t\t<a href=\"https:\/\/alepak.com\/author\/alepak-2-2-2-2-2-2-2-2-2-2-2-2-2-2-2-2-2-2-2-2-2-3\/\" rel=\"author\">\n\t\t\t<span class=\"vcard author author_name\">\n\t\t\t\t<span class=\"fn\">Alepak<\/span>\n\t\t\t<\/span>\n\t\t<\/a>\n\t\t\t\t\t\t\t\t<\/li>\n\t\t\t\t\t\n\t\t\t\t\t\n\t\t\t\t\t\t\t\t\t\t\t<li class=\"meta-reply\">\n\t\t\t\t\t\t\t<a href=\"https:\/\/alepak.com\/casos-de-exito-en-tecnologias-avanzadas-de-embalaje\/#respond\"><span class=\"replies-count\">0<\/span> <span class=\"replies-count-label\">comments<\/span><\/a>\t\t\t\t\t\t<\/li>\n\t\t\t\t\t\t\t\t\t\t\t\t<\/ul>\n\t\t\t\t\t\t\t<\/div><!-- .entry-meta -->\n\t\t\t\t\t\t\t\t\t\t\t<div class=\"hovered-social-icons wd-tltp wd-tltp-top\">\n\t\t\t\t\t\t\t<div class=\"wd-tooltip-label\">\n\t\t\t\t\t\t\t\t\n\t\t\t<div class=\" wd-social-icons  icons-design-default icons-size-small color-scheme-light social-share social-form-circle text-center\">\n\n\t\t\t\t\n\t\t\t\t\t\t\t\t\t<a rel=\"noopener noreferrer nofollow\" href=\"https:\/\/www.facebook.com\/sharer\/sharer.php?u=https:\/\/alepak.com\/casos-de-exito-en-tecnologias-avanzadas-de-embalaje\/\" target=\"_blank\" class=\" wd-social-icon social-facebook\" aria-label=\"Facebook social link\">\n\t\t\t\t\t\t<span class=\"wd-icon\"><\/span>\n\t\t\t\t\t\t\t\t\t\t\t<\/a>\n\t\t\t\t\n\t\t\t\t\t\t\t\t\t<a rel=\"noopener noreferrer nofollow\" href=\"https:\/\/x.com\/share?url=https:\/\/alepak.com\/casos-de-exito-en-tecnologias-avanzadas-de-embalaje\/\" target=\"_blank\" class=\" wd-social-icon social-twitter\" aria-label=\"X social link\">\n\t\t\t\t\t\t<span class=\"wd-icon\"><\/span>\n\t\t\t\t\t\t\t\t\t\t\t<\/a>\n\t\t\t\t\n\t\t\t\t\n\t\t\t\t\n\t\t\t\t\n\t\t\t\t\t\t\t\t\t<a rel=\"noopener noreferrer nofollow\" href=\"https:\/\/pinterest.com\/pin\/create\/button\/?url=https:\/\/alepak.com\/casos-de-exito-en-tecnologias-avanzadas-de-embalaje\/&media=https:\/\/alepak.com\/wp-content\/uploads\/Casos-de-exito-en-la-implementacion-de-tecnologias-avanzadas-en-embalaje.png&description=Casos+de+%C3%A9xito+en+tecnolog%C3%ADas+avanzadas+de+embalaje\" target=\"_blank\" class=\" wd-social-icon social-pinterest\" aria-label=\"Pinterest social link\">\n\t\t\t\t\t\t<span class=\"wd-icon\"><\/span>\n\t\t\t\t\t\t\t\t\t\t\t<\/a>\n\t\t\t\t\n\t\t\t\t\n\t\t\t\t\t\t\t\t\t<a rel=\"noopener noreferrer nofollow\" href=\"https:\/\/www.linkedin.com\/shareArticle?mini=true&url=https:\/\/alepak.com\/casos-de-exito-en-tecnologias-avanzadas-de-embalaje\/\" target=\"_blank\" class=\" wd-social-icon social-linkedin\" aria-label=\"Linkedin social link\">\n\t\t\t\t\t\t<span class=\"wd-icon\"><\/span>\n\t\t\t\t\t\t\t\t\t\t\t<\/a>\n\t\t\t\t\n\t\t\t\t\n\t\t\t\t\n\t\t\t\t\n\t\t\t\t\n\t\t\t\t\n\t\t\t\t\n\t\t\t\t\n\t\t\t\t\n\t\t\t\t\n\t\t\t\t\t\t\t\t\n\t\t\t\t\t\t\t\t\n\t\t\t\t\n\t\t\t\t\n\t\t\t\t\t\t\t\t\t<a rel=\"noopener noreferrer nofollow\" href=\"https:\/\/telegram.me\/share\/url?url=https:\/\/alepak.com\/casos-de-exito-en-tecnologias-avanzadas-de-embalaje\/\" target=\"_blank\" class=\" wd-social-icon social-tg\" aria-label=\"Telegram social link\">\n\t\t\t\t\t\t<span class=\"wd-icon\"><\/span>\n\t\t\t\t\t\t\t\t\t\t\t<\/a>\n\t\t\t\t\t\t\t\t\n\t\t\t\t\n\t\t\t<\/div>\n\n\t\t\t\t\t\t\t\t\t<\/div>\n\t\t\t\t\t\t<\/div>\n\t\t\t\t\t\t\t\t\t\t\t\t\n\t\t\t\t\t\t\t\n\t\t\t\t                    <div class=\"entry-content wd-entry-content\">\n\t\t\t\t\t\tIntroducci\u00f3n: la tecnolog\u00eda que transforma resultados\r\nLa innovaci\u00f3n dej\u00f3 de ser una ventaja. Hoy en d\u00eda es una necesida...\n\t\t\t\t\t\t\t\t\t\t\t<\/div><!-- .entry-content -->\n\t\t\t\t\n\t\t\t\t\t\t\t\t\t\t\t\t\t\t<p class=\"read-more-section\">\n\t\t\t\t\t\t<a class=\"btn-read-more more-link\" href=\"https:\/\/alepak.com\/casos-de-exito-en-tecnologias-avanzadas-de-embalaje\/\">Continue reading<\/a>\t\t\t\t\t<\/p>\n\t\t\t\t\t\t\t\t\t\t\t\n\t\t\t\n\t\t\t\t\t<\/div>\n\t<\/div>\n<\/article><!-- #post -->\n\n\n\t\t\t\t\t\t\t\t\t\t\t\n<article id=\"post-8971\" class=\"wd-post blog-design-masonry blog-post-loop blog-style-bg wd-add-shadow wd-col post-8971 post type-post status-publish format-standard has-post-thumbnail hentry category-automatizacion category-blog category-soluciones-industriales-de-embalaje category-tendencias tag-alepak tag-automatizacion-en-embalaje tag-biofill tag-embalaje tag-ergopack tag-innovacion-y-sostenibilidad tag-lock-pop tag-logistica tag-orgapack tag-ranpak tag-wulftec tag-zerust-excor\">\n\t<div class=\"article-inner\">\n\t\t\t\t\t<header class=\"entry-header\">\n\t\t\t\t\t\t\t\t\t<figure id=\"carousel-110\" class=\"entry-thumbnail\">\n\t\t\t\t\t\t\n\t\t\t\t\t\t\t<div class=\"post-img-wrapp\">\n\t\t\t\t\t\t\t\t<a href=\"https:\/\/alepak.com\/automatizacion-en-el-embalaje-tendencias-y-avances\/\">\n\t\t\t\t\t\t\t\t\t<img width=\"800\" height=\"418\" src=\"https:\/\/alepak.com\/wp-content\/uploads\/Automatizacion-en-el-embalaje_-tendencias-y-avances-20x10.jpg\" class=\"attachment-large size-large wd-lazy-load wd-lazy-fade\" alt=\"\" decoding=\"async\" loading=\"lazy\" srcset=\"\" sizes=\"auto, (max-width: 800px) 100vw, 800px\" data-wood-src=\"https:\/\/alepak.com\/wp-content\/uploads\/Automatizacion-en-el-embalaje_-tendencias-y-avances.jpg\" data-srcset=\"https:\/\/alepak.com\/wp-content\/uploads\/Automatizacion-en-el-embalaje_-tendencias-y-avances.jpg 800w, https:\/\/alepak.com\/wp-content\/uploads\/Automatizacion-en-el-embalaje_-tendencias-y-avances-300x157.jpg 300w, https:\/\/alepak.com\/wp-content\/uploads\/Automatizacion-en-el-embalaje_-tendencias-y-avances-768x401.jpg 768w, https:\/\/alepak.com\/wp-content\/uploads\/Automatizacion-en-el-embalaje_-tendencias-y-avances-600x314.jpg 600w, https:\/\/alepak.com\/wp-content\/uploads\/Automatizacion-en-el-embalaje_-tendencias-y-avances-150x78.jpg 150w\" \/>\t\t\t\t\t\t\t\t<\/a>\n\t\t\t\t\t\t\t<\/div>\n\t\t\t\t\t\t\t<div class=\"post-image-mask\">\n\t\t\t\t\t\t\t\t<span><\/span>\n\t\t\t\t\t\t\t<\/div>\n\n\t\t\t\t\t\t\n\t\t\t\t\t<\/figure>\n\t\t\t\t\n\t\t\t\t\t\t\t\t\t\t\t\t<div class=\"post-date wd-post-date wd-style-with-bg\">\n\t\t\t\t<span class=\"post-date-day\">\n\t\t\t\t\t31\t\t\t\t<\/span>\n\t\t\t\t<span class=\"post-date-month\">\n\t\t\t\t\tOct\t\t\t\t<\/span>\n\t\t\t<\/div>\n\t\t\t\t\t\t\n\t\t\t<\/header><!-- .entry-header -->\n\n\t\t<div class=\"article-body-container\">\n\t\t\t\n\t\t\t\t\t\t\t\t\t<div class=\"meta-categories-wrapp\"><div class=\"meta-post-categories wd-post-cat wd-style-with-bg\"><a href=\"https:\/\/alepak.com\/category\/automatizacion\/\" rel=\"category tag\">Automatizaci\u00f3n<\/a>, <a href=\"https:\/\/alepak.com\/category\/blog\/\" rel=\"category tag\">Blog<\/a>, <a href=\"https:\/\/alepak.com\/category\/soluciones-industriales-de-embalaje\/\" rel=\"category tag\">Soluciones industriales de embalaje<\/a>, <a href=\"https:\/\/alepak.com\/category\/tendencias\/\" rel=\"category tag\">Tendencias<\/a><\/div><\/div>\n\t\t\t\t\n\t\t\t\t\t\t\t\t\t<h3 class=\"wd-entities-title title post-title\">\n\t\t\t\t\t\t<a href=\"https:\/\/alepak.com\/automatizacion-en-el-embalaje-tendencias-y-avances\/\" rel=\"bookmark\">Automatizaci\u00f3n en el embalaje: tendencias y avances<\/a>\n\t\t\t\t\t<\/h3>\n\t\t\t\t\n\t\t\t\t\t\t\t\t\t<div class=\"entry-meta wd-entry-meta\">\n\t\t\t\t\t\t\t\t\t<ul class=\"entry-meta-list\">\n\t\t\t\t\t\t\t\t\t<li class=\"modified-date\">\n\t\t\t\t\t\t\t\t<time class=\"updated\" datetime=\"2025-10-31T15:39:00-06:00\">\n\t\t\t31 de octubre de 2025\t\t<\/time>\n\t\t\t\t\t\t\t<\/li>\n\n\t\t\t\t\t\n\t\t\t\t\t\t\t\t\t\t\t<li class=\"meta-author\">\n\t\t\t\t\t\t\t\t\t\t\t\t<span>By<\/span>\n\t\t\n\t\t\t\t\t<img alt='author-avatar' src=\"https:\/\/alepak.com\/wp-content\/themes\/woodmart\/images\/lazy.png\" data-wood-src='https:\/\/secure.gravatar.com\/avatar\/964beb613ce0ab3a5a350f262d6792fa1fbd1553f7a5b96614865583732f8c96?s=32&#038;d=mm&#038;r=g' srcset=\"\" data-srcset='https:\/\/secure.gravatar.com\/avatar\/964beb613ce0ab3a5a350f262d6792fa1fbd1553f7a5b96614865583732f8c96?s=64&#038;d=mm&#038;r=g 2x' class='wd-lazy-load wd-lazy-fade avatar avatar-32 photo' height='32' width='32' loading='lazy' decoding='async'\/>\t\t\n\t\t<a href=\"https:\/\/alepak.com\/author\/alepak-2-2-2-2-2-2-2-2-2-2-2-2-2-2-2-2-2-2-2-2-2-3\/\" rel=\"author\">\n\t\t\t<span class=\"vcard author author_name\">\n\t\t\t\t<span class=\"fn\">Alepak<\/span>\n\t\t\t<\/span>\n\t\t<\/a>\n\t\t\t\t\t\t\t\t<\/li>\n\t\t\t\t\t\n\t\t\t\t\t\n\t\t\t\t\t\t\t\t\t\t\t<li class=\"meta-reply\">\n\t\t\t\t\t\t\t<a href=\"https:\/\/alepak.com\/automatizacion-en-el-embalaje-tendencias-y-avances\/#respond\"><span class=\"replies-count\">0<\/span> <span class=\"replies-count-label\">comments<\/span><\/a>\t\t\t\t\t\t<\/li>\n\t\t\t\t\t\t\t\t\t\t\t\t<\/ul>\n\t\t\t\t\t\t\t<\/div><!-- .entry-meta -->\n\t\t\t\t\t\t\t\t\t\t\t<div class=\"hovered-social-icons wd-tltp wd-tltp-top\">\n\t\t\t\t\t\t\t<div class=\"wd-tooltip-label\">\n\t\t\t\t\t\t\t\t\n\t\t\t<div class=\" wd-social-icons  icons-design-default icons-size-small color-scheme-light social-share social-form-circle text-center\">\n\n\t\t\t\t\n\t\t\t\t\t\t\t\t\t<a rel=\"noopener noreferrer nofollow\" href=\"https:\/\/www.facebook.com\/sharer\/sharer.php?u=https:\/\/alepak.com\/automatizacion-en-el-embalaje-tendencias-y-avances\/\" target=\"_blank\" class=\" wd-social-icon social-facebook\" aria-label=\"Facebook social link\">\n\t\t\t\t\t\t<span class=\"wd-icon\"><\/span>\n\t\t\t\t\t\t\t\t\t\t\t<\/a>\n\t\t\t\t\n\t\t\t\t\t\t\t\t\t<a rel=\"noopener noreferrer nofollow\" href=\"https:\/\/x.com\/share?url=https:\/\/alepak.com\/automatizacion-en-el-embalaje-tendencias-y-avances\/\" target=\"_blank\" class=\" wd-social-icon social-twitter\" aria-label=\"X social link\">\n\t\t\t\t\t\t<span class=\"wd-icon\"><\/span>\n\t\t\t\t\t\t\t\t\t\t\t<\/a>\n\t\t\t\t\n\t\t\t\t\n\t\t\t\t\n\t\t\t\t\n\t\t\t\t\t\t\t\t\t<a rel=\"noopener noreferrer nofollow\" href=\"https:\/\/pinterest.com\/pin\/create\/button\/?url=https:\/\/alepak.com\/automatizacion-en-el-embalaje-tendencias-y-avances\/&media=https:\/\/alepak.com\/wp-content\/uploads\/Automatizacion-en-el-embalaje_-tendencias-y-avances.jpg&description=Automatizaci%C3%B3n+en+el+embalaje%3A+tendencias+y+avances\" target=\"_blank\" class=\" wd-social-icon social-pinterest\" aria-label=\"Pinterest social link\">\n\t\t\t\t\t\t<span class=\"wd-icon\"><\/span>\n\t\t\t\t\t\t\t\t\t\t\t<\/a>\n\t\t\t\t\n\t\t\t\t\n\t\t\t\t\t\t\t\t\t<a rel=\"noopener noreferrer nofollow\" href=\"https:\/\/www.linkedin.com\/shareArticle?mini=true&url=https:\/\/alepak.com\/automatizacion-en-el-embalaje-tendencias-y-avances\/\" target=\"_blank\" class=\" wd-social-icon social-linkedin\" aria-label=\"Linkedin social link\">\n\t\t\t\t\t\t<span class=\"wd-icon\"><\/span>\n\t\t\t\t\t\t\t\t\t\t\t<\/a>\n\t\t\t\t\n\t\t\t\t\n\t\t\t\t\n\t\t\t\t\n\t\t\t\t\n\t\t\t\t\n\t\t\t\t\n\t\t\t\t\n\t\t\t\t\n\t\t\t\t\n\t\t\t\t\t\t\t\t\n\t\t\t\t\t\t\t\t\n\t\t\t\t\n\t\t\t\t\n\t\t\t\t\t\t\t\t\t<a rel=\"noopener noreferrer nofollow\" href=\"https:\/\/telegram.me\/share\/url?url=https:\/\/alepak.com\/automatizacion-en-el-embalaje-tendencias-y-avances\/\" target=\"_blank\" class=\" wd-social-icon social-tg\" aria-label=\"Telegram social link\">\n\t\t\t\t\t\t<span class=\"wd-icon\"><\/span>\n\t\t\t\t\t\t\t\t\t\t\t<\/a>\n\t\t\t\t\t\t\t\t\n\t\t\t\t\n\t\t\t<\/div>\n\n\t\t\t\t\t\t\t\t\t<\/div>\n\t\t\t\t\t\t<\/div>\n\t\t\t\t\t\t\t\t\t\t\t\t\n\t\t\t\t\t\t\t\n\t\t\t\t                    <div class=\"entry-content wd-entry-content\">\n\t\t\t\t\t\tIntroducci\u00f3n: el embalaje que impulsa la productividad\r\nLa automatizaci\u00f3n ya no es una opci\u00f3n, es una necesidad. Hoy en ...\n\t\t\t\t\t\t\t\t\t\t\t<\/div><!-- .entry-content -->\n\t\t\t\t\n\t\t\t\t\t\t\t\t\t\t\t\t\t\t<p class=\"read-more-section\">\n\t\t\t\t\t\t<a class=\"btn-read-more more-link\" href=\"https:\/\/alepak.com\/automatizacion-en-el-embalaje-tendencias-y-avances\/\">Continue reading<\/a>\t\t\t\t\t<\/p>\n\t\t\t\t\t\t\t\t\t\t\t\n\t\t\t\n\t\t\t\t\t<\/div>\n\t<\/div>\n<\/article><!-- #post -->\n\n\n\t\t\t\t\t\t\t\t\t\t\t\n<article id=\"post-8458\" class=\"wd-post blog-design-masonry blog-post-loop blog-style-bg wd-add-shadow wd-col post-8458 post type-post status-publish format-standard has-post-thumbnail hentry category-blog category-embolsado-y-empaquetado category-empaque-protector category-materiales-ecologicos category-relleno-para-caja category-rellenos-ecologicos tag-embalaje tag-embolsado tag-empaquetado tag-rellenos-ecologicos\">\n\t<div class=\"article-inner\">\n\t\t\t\t\t<header class=\"entry-header\">\n\t\t\t\t\t\t\t\t\t<figure id=\"carousel-157\" class=\"entry-thumbnail\">\n\t\t\t\t\t\t\n\t\t\t\t\t\t\t<div class=\"post-img-wrapp\">\n\t\t\t\t\t\t\t\t<a href=\"https:\/\/alepak.com\/tendencias-en-materiales-biodegradables-para-embalaje\/\">\n\t\t\t\t\t\t\t\t\t<img width=\"1024\" height=\"535\" src=\"https:\/\/alepak.com\/wp-content\/uploads\/WhatsApp-Image-2025-01-30-at-4.05.35-PM-20x10.jpeg\" class=\"attachment-large size-large wd-lazy-load wd-lazy-fade\" alt=\"Tendencias en Materiales\" decoding=\"async\" loading=\"lazy\" srcset=\"\" sizes=\"auto, (max-width: 1024px) 100vw, 1024px\" data-wood-src=\"https:\/\/alepak.com\/wp-content\/uploads\/WhatsApp-Image-2025-01-30-at-4.05.35-PM-1024x535.jpeg\" data-srcset=\"https:\/\/alepak.com\/wp-content\/uploads\/WhatsApp-Image-2025-01-30-at-4.05.35-PM-1024x535.jpeg 1024w, https:\/\/alepak.com\/wp-content\/uploads\/WhatsApp-Image-2025-01-30-at-4.05.35-PM-300x157.jpeg 300w, https:\/\/alepak.com\/wp-content\/uploads\/WhatsApp-Image-2025-01-30-at-4.05.35-PM-768x401.jpeg 768w, https:\/\/alepak.com\/wp-content\/uploads\/WhatsApp-Image-2025-01-30-at-4.05.35-PM-1536x803.jpeg 1536w, https:\/\/alepak.com\/wp-content\/uploads\/WhatsApp-Image-2025-01-30-at-4.05.35-PM-600x314.jpeg 600w, https:\/\/alepak.com\/wp-content\/uploads\/WhatsApp-Image-2025-01-30-at-4.05.35-PM-150x78.jpeg 150w, https:\/\/alepak.com\/wp-content\/uploads\/WhatsApp-Image-2025-01-30-at-4.05.35-PM.jpeg 1600w\" \/>\t\t\t\t\t\t\t\t<\/a>\n\t\t\t\t\t\t\t<\/div>\n\t\t\t\t\t\t\t<div class=\"post-image-mask\">\n\t\t\t\t\t\t\t\t<span><\/span>\n\t\t\t\t\t\t\t<\/div>\n\n\t\t\t\t\t\t\n\t\t\t\t\t<\/figure>\n\t\t\t\t\n\t\t\t\t\t\t\t\t\t\t\t\t<div class=\"post-date wd-post-date wd-style-with-bg\">\n\t\t\t\t<span class=\"post-date-day\">\n\t\t\t\t\t30\t\t\t\t<\/span>\n\t\t\t\t<span class=\"post-date-month\">\n\t\t\t\t\tEne\t\t\t\t<\/span>\n\t\t\t<\/div>\n\t\t\t\t\t\t\n\t\t\t<\/header><!-- .entry-header -->\n\n\t\t<div class=\"article-body-container\">\n\t\t\t\n\t\t\t\t\t\t\t\t\t<div class=\"meta-categories-wrapp\"><div class=\"meta-post-categories wd-post-cat wd-style-with-bg\"><a href=\"https:\/\/alepak.com\/category\/blog\/\" rel=\"category tag\">Blog<\/a>, <a href=\"https:\/\/alepak.com\/category\/embolsado-y-empaquetado\/\" rel=\"category tag\">Embolsado y empaquetado<\/a>, <a href=\"https:\/\/alepak.com\/category\/empaque-protector\/\" rel=\"category tag\">Empaque protector<\/a>, <a href=\"https:\/\/alepak.com\/category\/materiales-ecologicos\/\" rel=\"category tag\">Materiales ecol\u00f3gicos<\/a>, <a href=\"https:\/\/alepak.com\/category\/relleno-para-caja\/\" rel=\"category tag\">Relleno para caja<\/a>, <a href=\"https:\/\/alepak.com\/category\/rellenos-ecologicos\/\" rel=\"category tag\">rellenos ecol\u00f3gicos<\/a><\/div><\/div>\n\t\t\t\t\n\t\t\t\t\t\t\t\t\t<h3 class=\"wd-entities-title title post-title\">\n\t\t\t\t\t\t<a href=\"https:\/\/alepak.com\/tendencias-en-materiales-biodegradables-para-embalaje\/\" rel=\"bookmark\">Tendencias en Materiales Biodegradables para Embalaje<\/a>\n\t\t\t\t\t<\/h3>\n\t\t\t\t\n\t\t\t\t\t\t\t\t\t<div class=\"entry-meta wd-entry-meta\">\n\t\t\t\t\t\t\t\t\t<ul class=\"entry-meta-list\">\n\t\t\t\t\t\t\t\t\t<li class=\"modified-date\">\n\t\t\t\t\t\t\t\t<time class=\"updated\" datetime=\"2025-01-30T23:27:28-06:00\">\n\t\t\t30 de enero de 2025\t\t<\/time>\n\t\t\t\t\t\t\t<\/li>\n\n\t\t\t\t\t\n\t\t\t\t\t\t\t\t\t\t\t<li class=\"meta-author\">\n\t\t\t\t\t\t\t\t\t\t\t\t<span>By<\/span>\n\t\t\n\t\t\t\t\t<img alt='author-avatar' src=\"https:\/\/alepak.com\/wp-content\/themes\/woodmart\/images\/lazy.png\" data-wood-src='https:\/\/secure.gravatar.com\/avatar\/964beb613ce0ab3a5a350f262d6792fa1fbd1553f7a5b96614865583732f8c96?s=32&#038;d=mm&#038;r=g' srcset=\"\" data-srcset='https:\/\/secure.gravatar.com\/avatar\/964beb613ce0ab3a5a350f262d6792fa1fbd1553f7a5b96614865583732f8c96?s=64&#038;d=mm&#038;r=g 2x' class='wd-lazy-load wd-lazy-fade avatar avatar-32 photo' height='32' width='32' loading='lazy' decoding='async'\/>\t\t\n\t\t<a href=\"https:\/\/alepak.com\/author\/alepak-2-2-2-2-2-2-2-2-2-2-2-2-2-2-2-2-2-2-2-2-2-3\/\" rel=\"author\">\n\t\t\t<span class=\"vcard author author_name\">\n\t\t\t\t<span class=\"fn\">Alepak<\/span>\n\t\t\t<\/span>\n\t\t<\/a>\n\t\t\t\t\t\t\t\t<\/li>\n\t\t\t\t\t\n\t\t\t\t\t\n\t\t\t\t\t\t\t\t\t\t\t<li class=\"meta-reply\">\n\t\t\t\t\t\t\t<a href=\"https:\/\/alepak.com\/tendencias-en-materiales-biodegradables-para-embalaje\/#respond\"><span class=\"replies-count\">0<\/span> <span class=\"replies-count-label\">comments<\/span><\/a>\t\t\t\t\t\t<\/li>\n\t\t\t\t\t\t\t\t\t\t\t\t<\/ul>\n\t\t\t\t\t\t\t<\/div><!-- .entry-meta -->\n\t\t\t\t\t\t\t\t\t\t\t<div class=\"hovered-social-icons wd-tltp wd-tltp-top\">\n\t\t\t\t\t\t\t<div class=\"wd-tooltip-label\">\n\t\t\t\t\t\t\t\t\n\t\t\t<div class=\" wd-social-icons  icons-design-default icons-size-small color-scheme-light social-share social-form-circle text-center\">\n\n\t\t\t\t\n\t\t\t\t\t\t\t\t\t<a rel=\"noopener noreferrer nofollow\" href=\"https:\/\/www.facebook.com\/sharer\/sharer.php?u=https:\/\/alepak.com\/tendencias-en-materiales-biodegradables-para-embalaje\/\" target=\"_blank\" class=\" wd-social-icon social-facebook\" aria-label=\"Facebook social link\">\n\t\t\t\t\t\t<span class=\"wd-icon\"><\/span>\n\t\t\t\t\t\t\t\t\t\t\t<\/a>\n\t\t\t\t\n\t\t\t\t\t\t\t\t\t<a rel=\"noopener noreferrer nofollow\" href=\"https:\/\/x.com\/share?url=https:\/\/alepak.com\/tendencias-en-materiales-biodegradables-para-embalaje\/\" target=\"_blank\" class=\" wd-social-icon social-twitter\" aria-label=\"X social link\">\n\t\t\t\t\t\t<span class=\"wd-icon\"><\/span>\n\t\t\t\t\t\t\t\t\t\t\t<\/a>\n\t\t\t\t\n\t\t\t\t\n\t\t\t\t\n\t\t\t\t\n\t\t\t\t\t\t\t\t\t<a rel=\"noopener noreferrer nofollow\" href=\"https:\/\/pinterest.com\/pin\/create\/button\/?url=https:\/\/alepak.com\/tendencias-en-materiales-biodegradables-para-embalaje\/&media=https:\/\/alepak.com\/wp-content\/uploads\/WhatsApp-Image-2025-01-30-at-4.05.35-PM.jpeg&description=Tendencias+en+Materiales+Biodegradables+para+Embalaje\" target=\"_blank\" class=\" wd-social-icon social-pinterest\" aria-label=\"Pinterest social link\">\n\t\t\t\t\t\t<span class=\"wd-icon\"><\/span>\n\t\t\t\t\t\t\t\t\t\t\t<\/a>\n\t\t\t\t\n\t\t\t\t\n\t\t\t\t\t\t\t\t\t<a rel=\"noopener noreferrer nofollow\" href=\"https:\/\/www.linkedin.com\/shareArticle?mini=true&url=https:\/\/alepak.com\/tendencias-en-materiales-biodegradables-para-embalaje\/\" target=\"_blank\" class=\" wd-social-icon social-linkedin\" aria-label=\"Linkedin social link\">\n\t\t\t\t\t\t<span class=\"wd-icon\"><\/span>\n\t\t\t\t\t\t\t\t\t\t\t<\/a>\n\t\t\t\t\n\t\t\t\t\n\t\t\t\t\n\t\t\t\t\n\t\t\t\t\n\t\t\t\t\n\t\t\t\t\n\t\t\t\t\n\t\t\t\t\n\t\t\t\t\n\t\t\t\t\t\t\t\t\n\t\t\t\t\t\t\t\t\n\t\t\t\t\n\t\t\t\t\n\t\t\t\t\t\t\t\t\t<a rel=\"noopener noreferrer nofollow\" href=\"https:\/\/telegram.me\/share\/url?url=https:\/\/alepak.com\/tendencias-en-materiales-biodegradables-para-embalaje\/\" target=\"_blank\" class=\" wd-social-icon social-tg\" aria-label=\"Telegram social link\">\n\t\t\t\t\t\t<span class=\"wd-icon\"><\/span>\n\t\t\t\t\t\t\t\t\t\t\t<\/a>\n\t\t\t\t\t\t\t\t\n\t\t\t\t\n\t\t\t<\/div>\n\n\t\t\t\t\t\t\t\t\t<\/div>\n\t\t\t\t\t\t<\/div>\n\t\t\t\t\t\t\t\t\t\t\t\t\n\t\t\t\t\t\t\t\n\t\t\t\t                    <div class=\"entry-content wd-entry-content\">\n\t\t\t\t\t\t\nEl embalaje se ha convertido en un componente crucial en la cadena de suministro moderna. A medida...\n\t\t\t\t\t\t\t\t\t\t\t<\/div><!-- .entry-content -->\n\t\t\t\t\n\t\t\t\t\t\t\t\t\t\t\t\t\t\t<p class=\"read-more-section\">\n\t\t\t\t\t\t<a class=\"btn-read-more more-link\" href=\"https:\/\/alepak.com\/tendencias-en-materiales-biodegradables-para-embalaje\/\">Continue reading<\/a>\t\t\t\t\t<\/p>\n\t\t\t\t\t\t\t\t\t\t\t\n\t\t\t\n\t\t\t\t\t<\/div>\n\t<\/div>\n<\/article><!-- #post -->\n\n\n\t\t\t\t\t\t\t\t\t\t\t\n<article id=\"post-8414\" class=\"wd-post blog-design-masonry blog-post-loop blog-style-bg wd-add-shadow wd-col post-8414 post type-post status-publish format-standard has-post-thumbnail hentry category-blog category-empaque-protector category-materiales-ecologicos category-proteccion-dentro-de-caja category-sin-categoria-es category-sistema-de-marcaje tag-embalaje tag-embolsado tag-empaque-protector\">\n\t<div class=\"article-inner\">\n\t\t\t\t\t<header class=\"entry-header\">\n\t\t\t\t\t\t\t\t\t<figure id=\"carousel-319\" class=\"entry-thumbnail\">\n\t\t\t\t\t\t\n\t\t\t\t\t\t\t<div class=\"post-img-wrapp\">\n\t\t\t\t\t\t\t\t<a href=\"https:\/\/alepak.com\/predicciones_sobre_el_futuro_del_embalaje_para_2025\/\">\n\t\t\t\t\t\t\t\t\t<img width=\"1024\" height=\"535\" src=\"https:\/\/alepak.com\/wp-content\/uploads\/alepak_blog_dic_06-20x10.png\" class=\"attachment-large size-large wd-lazy-load wd-lazy-fade\" alt=\"Embalaje 2025\" decoding=\"async\" loading=\"lazy\" srcset=\"\" sizes=\"auto, (max-width: 1024px) 100vw, 1024px\" data-wood-src=\"https:\/\/alepak.com\/wp-content\/uploads\/alepak_blog_dic_06-1024x535.png\" data-srcset=\"https:\/\/alepak.com\/wp-content\/uploads\/alepak_blog_dic_06-1024x535.png 1024w, https:\/\/alepak.com\/wp-content\/uploads\/alepak_blog_dic_06-300x157.png 300w, https:\/\/alepak.com\/wp-content\/uploads\/alepak_blog_dic_06-768x401.png 768w, https:\/\/alepak.com\/wp-content\/uploads\/alepak_blog_dic_06-1536x802.png 1536w, https:\/\/alepak.com\/wp-content\/uploads\/alepak_blog_dic_06-2048x1070.png 2048w, https:\/\/alepak.com\/wp-content\/uploads\/alepak_blog_dic_06-600x313.png 600w, https:\/\/alepak.com\/wp-content\/uploads\/alepak_blog_dic_06-150x78.png 150w\" \/>\t\t\t\t\t\t\t\t<\/a>\n\t\t\t\t\t\t\t<\/div>\n\t\t\t\t\t\t\t<div class=\"post-image-mask\">\n\t\t\t\t\t\t\t\t<span><\/span>\n\t\t\t\t\t\t\t<\/div>\n\n\t\t\t\t\t\t\n\t\t\t\t\t<\/figure>\n\t\t\t\t\n\t\t\t\t\t\t\t\t\t\t\t\t<div class=\"post-date wd-post-date wd-style-with-bg\">\n\t\t\t\t<span class=\"post-date-day\">\n\t\t\t\t\t05\t\t\t\t<\/span>\n\t\t\t\t<span class=\"post-date-month\">\n\t\t\t\t\tDic\t\t\t\t<\/span>\n\t\t\t<\/div>\n\t\t\t\t\t\t\n\t\t\t<\/header><!-- .entry-header -->\n\n\t\t<div class=\"article-body-container\">\n\t\t\t\n\t\t\t\t\t\t\t\t\t<div class=\"meta-categories-wrapp\"><div class=\"meta-post-categories wd-post-cat wd-style-with-bg\"><a href=\"https:\/\/alepak.com\/category\/blog\/\" rel=\"category tag\">Blog<\/a>, <a href=\"https:\/\/alepak.com\/category\/empaque-protector\/\" rel=\"category tag\">Empaque protector<\/a>, <a href=\"https:\/\/alepak.com\/category\/materiales-ecologicos\/\" rel=\"category tag\">Materiales ecol\u00f3gicos<\/a>, <a href=\"https:\/\/alepak.com\/category\/proteccion-dentro-de-caja\/\" rel=\"category tag\">Protecci\u00f3n dentro de caja<\/a>, <a href=\"https:\/\/alepak.com\/category\/sin-categoria-es\/\" rel=\"category tag\">Sin categor\u00eda<\/a>, <a href=\"https:\/\/alepak.com\/category\/sistema-de-marcaje\/\" rel=\"category tag\">Sistema de marcaje<\/a><\/div><\/div>\n\t\t\t\t\n\t\t\t\t\t\t\t\t\t<h3 class=\"wd-entities-title title post-title\">\n\t\t\t\t\t\t<a href=\"https:\/\/alepak.com\/predicciones_sobre_el_futuro_del_embalaje_para_2025\/\" rel=\"bookmark\">Predicciones sobre el futuro del embalaje para 2025<\/a>\n\t\t\t\t\t<\/h3>\n\t\t\t\t\n\t\t\t\t\t\t\t\t\t<div class=\"entry-meta wd-entry-meta\">\n\t\t\t\t\t\t\t\t\t<ul class=\"entry-meta-list\">\n\t\t\t\t\t\t\t\t\t<li class=\"modified-date\">\n\t\t\t\t\t\t\t\t<time class=\"updated\" datetime=\"2024-12-04T16:48:35-06:00\">\n\t\t\t4 de diciembre de 2024\t\t<\/time>\n\t\t\t\t\t\t\t<\/li>\n\n\t\t\t\t\t\n\t\t\t\t\t\t\t\t\t\t\t<li class=\"meta-author\">\n\t\t\t\t\t\t\t\t\t\t\t\t<span>By<\/span>\n\t\t\n\t\t\t\t\t<img alt='author-avatar' src=\"https:\/\/alepak.com\/wp-content\/themes\/woodmart\/images\/lazy.png\" data-wood-src='https:\/\/secure.gravatar.com\/avatar\/964beb613ce0ab3a5a350f262d6792fa1fbd1553f7a5b96614865583732f8c96?s=32&#038;d=mm&#038;r=g' srcset=\"\" data-srcset='https:\/\/secure.gravatar.com\/avatar\/964beb613ce0ab3a5a350f262d6792fa1fbd1553f7a5b96614865583732f8c96?s=64&#038;d=mm&#038;r=g 2x' class='wd-lazy-load wd-lazy-fade avatar avatar-32 photo' height='32' width='32' loading='lazy' decoding='async'\/>\t\t\n\t\t<a href=\"https:\/\/alepak.com\/author\/alepak-2-2-2-2-2-2-2-2-2-2-2-2-2-2-2-2-2-2-2-2-2-3\/\" rel=\"author\">\n\t\t\t<span class=\"vcard author author_name\">\n\t\t\t\t<span class=\"fn\">Alepak<\/span>\n\t\t\t<\/span>\n\t\t<\/a>\n\t\t\t\t\t\t\t\t<\/li>\n\t\t\t\t\t\n\t\t\t\t\t\n\t\t\t\t\t\t\t\t\t\t\t<li class=\"meta-reply\">\n\t\t\t\t\t\t\t<a href=\"https:\/\/alepak.com\/predicciones_sobre_el_futuro_del_embalaje_para_2025\/#respond\"><span class=\"replies-count\">0<\/span> <span class=\"replies-count-label\">comments<\/span><\/a>\t\t\t\t\t\t<\/li>\n\t\t\t\t\t\t\t\t\t\t\t\t<\/ul>\n\t\t\t\t\t\t\t<\/div><!-- .entry-meta -->\n\t\t\t\t\t\t\t\t\t\t\t<div class=\"hovered-social-icons wd-tltp wd-tltp-top\">\n\t\t\t\t\t\t\t<div class=\"wd-tooltip-label\">\n\t\t\t\t\t\t\t\t\n\t\t\t<div class=\" wd-social-icons  icons-design-default icons-size-small color-scheme-light social-share social-form-circle text-center\">\n\n\t\t\t\t\n\t\t\t\t\t\t\t\t\t<a rel=\"noopener noreferrer nofollow\" href=\"https:\/\/www.facebook.com\/sharer\/sharer.php?u=https:\/\/alepak.com\/predicciones_sobre_el_futuro_del_embalaje_para_2025\/\" target=\"_blank\" class=\" wd-social-icon social-facebook\" aria-label=\"Facebook social link\">\n\t\t\t\t\t\t<span class=\"wd-icon\"><\/span>\n\t\t\t\t\t\t\t\t\t\t\t<\/a>\n\t\t\t\t\n\t\t\t\t\t\t\t\t\t<a rel=\"noopener noreferrer nofollow\" href=\"https:\/\/x.com\/share?url=https:\/\/alepak.com\/predicciones_sobre_el_futuro_del_embalaje_para_2025\/\" target=\"_blank\" class=\" wd-social-icon social-twitter\" aria-label=\"X social link\">\n\t\t\t\t\t\t<span class=\"wd-icon\"><\/span>\n\t\t\t\t\t\t\t\t\t\t\t<\/a>\n\t\t\t\t\n\t\t\t\t\n\t\t\t\t\n\t\t\t\t\n\t\t\t\t\t\t\t\t\t<a rel=\"noopener noreferrer nofollow\" href=\"https:\/\/pinterest.com\/pin\/create\/button\/?url=https:\/\/alepak.com\/predicciones_sobre_el_futuro_del_embalaje_para_2025\/&media=https:\/\/alepak.com\/wp-content\/uploads\/alepak_blog_dic_06.png&description=Predicciones+sobre+el+futuro+del+embalaje+para+2025\" target=\"_blank\" class=\" wd-social-icon social-pinterest\" aria-label=\"Pinterest social link\">\n\t\t\t\t\t\t<span class=\"wd-icon\"><\/span>\n\t\t\t\t\t\t\t\t\t\t\t<\/a>\n\t\t\t\t\n\t\t\t\t\n\t\t\t\t\t\t\t\t\t<a rel=\"noopener noreferrer nofollow\" href=\"https:\/\/www.linkedin.com\/shareArticle?mini=true&url=https:\/\/alepak.com\/predicciones_sobre_el_futuro_del_embalaje_para_2025\/\" target=\"_blank\" class=\" wd-social-icon social-linkedin\" aria-label=\"Linkedin social link\">\n\t\t\t\t\t\t<span class=\"wd-icon\"><\/span>\n\t\t\t\t\t\t\t\t\t\t\t<\/a>\n\t\t\t\t\n\t\t\t\t\n\t\t\t\t\n\t\t\t\t\n\t\t\t\t\n\t\t\t\t\n\t\t\t\t\n\t\t\t\t\n\t\t\t\t\n\t\t\t\t\n\t\t\t\t\t\t\t\t\n\t\t\t\t\t\t\t\t\n\t\t\t\t\n\t\t\t\t\n\t\t\t\t\t\t\t\t\t<a rel=\"noopener noreferrer nofollow\" href=\"https:\/\/telegram.me\/share\/url?url=https:\/\/alepak.com\/predicciones_sobre_el_futuro_del_embalaje_para_2025\/\" target=\"_blank\" class=\" wd-social-icon social-tg\" aria-label=\"Telegram social link\">\n\t\t\t\t\t\t<span class=\"wd-icon\"><\/span>\n\t\t\t\t\t\t\t\t\t\t\t<\/a>\n\t\t\t\t\t\t\t\t\n\t\t\t\t\n\t\t\t<\/div>\n\n\t\t\t\t\t\t\t\t\t<\/div>\n\t\t\t\t\t\t<\/div>\n\t\t\t\t\t\t\t\t\t\t\t\t\n\t\t\t\t\t\t\t\n\t\t\t\t                    <div class=\"entry-content wd-entry-content\">\n\t\t\t\t\t\t\nEl futuro del embalaje est\u00e1 evolucionando r\u00e1pidamente, impulsado por cambios en las demandas del m...\n\t\t\t\t\t\t\t\t\t\t\t<\/div><!-- .entry-content -->\n\t\t\t\t\n\t\t\t\t\t\t\t\t\t\t\t\t\t\t<p class=\"read-more-section\">\n\t\t\t\t\t\t<a class=\"btn-read-more more-link\" href=\"https:\/\/alepak.com\/predicciones_sobre_el_futuro_del_embalaje_para_2025\/\">Continue reading<\/a>\t\t\t\t\t<\/p>\n\t\t\t\t\t\t\t\t\t\t\t\n\t\t\t\n\t\t\t\t\t<\/div>\n\t<\/div>\n<\/article><!-- #post -->\n\n\n\t\t\t\t\t\t\t\t\t\t\t\n<article id=\"post-3360\" class=\"wd-post blog-design-masonry blog-post-loop blog-style-bg wd-add-shadow wd-col post-3360 post type-post status-publish format-standard has-post-thumbnail hentry category-materiales-ecologicos tag-embalaje tag-empaque tag-empaquetado tag-reciclaje tag-rellenos-ecologicos\">\n\t<div class=\"article-inner\">\n\t\t\t\t\t<header class=\"entry-header\">\n\t\t\t\t\t\t\t\t\t<figure id=\"carousel-563\" class=\"entry-thumbnail\">\n\t\t\t\t\t\t\n\t\t\t\t\t\t\t<div class=\"post-img-wrapp\">\n\t\t\t\t\t\t\t\t<a href=\"https:\/\/alepak.com\/como-desechar-los-materiales-de-empaque\/\">\n\t\t\t\t\t\t\t\t\t<img width=\"1024\" height=\"538\" src=\"https:\/\/alepak.com\/wp-content\/uploads\/Como-desechar-los-materiales-de-empaque-20x10.jpg\" class=\"attachment-large size-large wd-lazy-load wd-lazy-fade\" alt=\"\" decoding=\"async\" loading=\"lazy\" srcset=\"\" sizes=\"auto, (max-width: 1024px) 100vw, 1024px\" data-wood-src=\"https:\/\/alepak.com\/wp-content\/uploads\/Como-desechar-los-materiales-de-empaque-1024x538.jpg\" data-srcset=\"https:\/\/alepak.com\/wp-content\/uploads\/Como-desechar-los-materiales-de-empaque-1024x538.jpg 1024w, https:\/\/alepak.com\/wp-content\/uploads\/Como-desechar-los-materiales-de-empaque-300x158.jpg 300w, https:\/\/alepak.com\/wp-content\/uploads\/Como-desechar-los-materiales-de-empaque-768x404.jpg 768w, https:\/\/alepak.com\/wp-content\/uploads\/Como-desechar-los-materiales-de-empaque-600x315.jpg 600w, https:\/\/alepak.com\/wp-content\/uploads\/Como-desechar-los-materiales-de-empaque-150x79.jpg 150w, https:\/\/alepak.com\/wp-content\/uploads\/Como-desechar-los-materiales-de-empaque.jpg 1201w\" \/>\t\t\t\t\t\t\t\t<\/a>\n\t\t\t\t\t\t\t<\/div>\n\t\t\t\t\t\t\t<div class=\"post-image-mask\">\n\t\t\t\t\t\t\t\t<span><\/span>\n\t\t\t\t\t\t\t<\/div>\n\n\t\t\t\t\t\t\n\t\t\t\t\t<\/figure>\n\t\t\t\t\n\t\t\t\t\t\t\t\t\t\t\t\t<div class=\"post-date wd-post-date wd-style-with-bg\">\n\t\t\t\t<span class=\"post-date-day\">\n\t\t\t\t\t05\t\t\t\t<\/span>\n\t\t\t\t<span class=\"post-date-month\">\n\t\t\t\t\tEne\t\t\t\t<\/span>\n\t\t\t<\/div>\n\t\t\t\t\t\t\n\t\t\t<\/header><!-- .entry-header -->\n\n\t\t<div class=\"article-body-container\">\n\t\t\t\n\t\t\t\t\t\t\t\t\t<div class=\"meta-categories-wrapp\"><div class=\"meta-post-categories wd-post-cat wd-style-with-bg\"><a href=\"https:\/\/alepak.com\/category\/materiales-ecologicos\/\" rel=\"category tag\">Materiales ecol\u00f3gicos<\/a><\/div><\/div>\n\t\t\t\t\n\t\t\t\t\t\t\t\t\t<h3 class=\"wd-entities-title title post-title\">\n\t\t\t\t\t\t<a href=\"https:\/\/alepak.com\/como-desechar-los-materiales-de-empaque\/\" rel=\"bookmark\">C\u00f3mo desechar los materiales de empaque<\/a>\n\t\t\t\t\t<\/h3>\n\t\t\t\t\n\t\t\t\t\t\t\t\t\t<div class=\"entry-meta wd-entry-meta\">\n\t\t\t\t\t\t\t\t\t<ul class=\"entry-meta-list\">\n\t\t\t\t\t\t\t\t\t<li class=\"modified-date\">\n\t\t\t\t\t\t\t\t<time class=\"updated\" datetime=\"2020-01-05T15:18:00-06:00\">\n\t\t\t5 de enero de 2020\t\t<\/time>\n\t\t\t\t\t\t\t<\/li>\n\n\t\t\t\t\t\n\t\t\t\t\t\t\t\t\t\t\t<li class=\"meta-author\">\n\t\t\t\t\t\t\t\t\t\t\t\t<span>By<\/span>\n\t\t\n\t\t\t\t\t<img alt='author-avatar' src=\"https:\/\/alepak.com\/wp-content\/themes\/woodmart\/images\/lazy.png\" data-wood-src='https:\/\/secure.gravatar.com\/avatar\/964beb613ce0ab3a5a350f262d6792fa1fbd1553f7a5b96614865583732f8c96?s=32&#038;d=mm&#038;r=g' srcset=\"\" data-srcset='https:\/\/secure.gravatar.com\/avatar\/964beb613ce0ab3a5a350f262d6792fa1fbd1553f7a5b96614865583732f8c96?s=64&#038;d=mm&#038;r=g 2x' class='wd-lazy-load wd-lazy-fade avatar avatar-32 photo' height='32' width='32' loading='lazy' decoding='async'\/>\t\t\n\t\t<a href=\"https:\/\/alepak.com\/author\/alepak-2-2-2-2-2-2-2-2-2-2-2-2-2-2-2-2-2-2-2-2-2-3\/\" rel=\"author\">\n\t\t\t<span class=\"vcard author author_name\">\n\t\t\t\t<span class=\"fn\">Alepak<\/span>\n\t\t\t<\/span>\n\t\t<\/a>\n\t\t\t\t\t\t\t\t<\/li>\n\t\t\t\t\t\n\t\t\t\t\t\n\t\t\t\t\t\t\t\t\t\t\t\t<\/ul>\n\t\t\t\t\t\t\t<\/div><!-- .entry-meta -->\n\t\t\t\t\t\t\t\t\t\t\t<div class=\"hovered-social-icons wd-tltp wd-tltp-top\">\n\t\t\t\t\t\t\t<div class=\"wd-tooltip-label\">\n\t\t\t\t\t\t\t\t\n\t\t\t<div class=\" wd-social-icons  icons-design-default icons-size-small color-scheme-light social-share social-form-circle text-center\">\n\n\t\t\t\t\n\t\t\t\t\t\t\t\t\t<a rel=\"noopener noreferrer nofollow\" href=\"https:\/\/www.facebook.com\/sharer\/sharer.php?u=https:\/\/alepak.com\/como-desechar-los-materiales-de-empaque\/\" target=\"_blank\" class=\" wd-social-icon social-facebook\" aria-label=\"Facebook social link\">\n\t\t\t\t\t\t<span class=\"wd-icon\"><\/span>\n\t\t\t\t\t\t\t\t\t\t\t<\/a>\n\t\t\t\t\n\t\t\t\t\t\t\t\t\t<a rel=\"noopener noreferrer nofollow\" href=\"https:\/\/x.com\/share?url=https:\/\/alepak.com\/como-desechar-los-materiales-de-empaque\/\" target=\"_blank\" class=\" wd-social-icon social-twitter\" aria-label=\"X social link\">\n\t\t\t\t\t\t<span class=\"wd-icon\"><\/span>\n\t\t\t\t\t\t\t\t\t\t\t<\/a>\n\t\t\t\t\n\t\t\t\t\n\t\t\t\t\n\t\t\t\t\n\t\t\t\t\t\t\t\t\t<a rel=\"noopener noreferrer nofollow\" href=\"https:\/\/pinterest.com\/pin\/create\/button\/?url=https:\/\/alepak.com\/como-desechar-los-materiales-de-empaque\/&media=https:\/\/alepak.com\/wp-content\/uploads\/Como-desechar-los-materiales-de-empaque.jpg&description=C%C3%B3mo+desechar+los+materiales+de+empaque\" target=\"_blank\" class=\" wd-social-icon social-pinterest\" aria-label=\"Pinterest social link\">\n\t\t\t\t\t\t<span class=\"wd-icon\"><\/span>\n\t\t\t\t\t\t\t\t\t\t\t<\/a>\n\t\t\t\t\n\t\t\t\t\n\t\t\t\t\t\t\t\t\t<a rel=\"noopener noreferrer nofollow\" href=\"https:\/\/www.linkedin.com\/shareArticle?mini=true&url=https:\/\/alepak.com\/como-desechar-los-materiales-de-empaque\/\" target=\"_blank\" class=\" wd-social-icon social-linkedin\" aria-label=\"Linkedin social link\">\n\t\t\t\t\t\t<span class=\"wd-icon\"><\/span>\n\t\t\t\t\t\t\t\t\t\t\t<\/a>\n\t\t\t\t\n\t\t\t\t\n\t\t\t\t\n\t\t\t\t\n\t\t\t\t\n\t\t\t\t\n\t\t\t\t\n\t\t\t\t\n\t\t\t\t\n\t\t\t\t\n\t\t\t\t\t\t\t\t\n\t\t\t\t\t\t\t\t\n\t\t\t\t\n\t\t\t\t\n\t\t\t\t\t\t\t\t\t<a rel=\"noopener noreferrer nofollow\" href=\"https:\/\/telegram.me\/share\/url?url=https:\/\/alepak.com\/como-desechar-los-materiales-de-empaque\/\" target=\"_blank\" class=\" wd-social-icon social-tg\" aria-label=\"Telegram social link\">\n\t\t\t\t\t\t<span class=\"wd-icon\"><\/span>\n\t\t\t\t\t\t\t\t\t\t\t<\/a>\n\t\t\t\t\t\t\t\t\n\t\t\t\t\n\t\t\t<\/div>\n\n\t\t\t\t\t\t\t\t\t<\/div>\n\t\t\t\t\t\t<\/div>\n\t\t\t\t\t\t\t\t\t\t\t\t\n\t\t\t\t\t\t\t\n\t\t\t\t                    <div class=\"entry-content wd-entry-content\">\n\t\t\t\t\t\tDebido al proceso de embalaje, muchos paquetes que distribuyen grandes empresas como Amazon o Mercado Libre contienen gr...\n\t\t\t\t\t\t\t\t\t\t\t<\/div><!-- .entry-content -->\n\t\t\t\t\n\t\t\t\t\t\t\t\t\t\t\t\t\t\t<p class=\"read-more-section\">\n\t\t\t\t\t\t<a class=\"btn-read-more more-link\" href=\"https:\/\/alepak.com\/como-desechar-los-materiales-de-empaque\/\">Continue reading<\/a>\t\t\t\t\t<\/p>\n\t\t\t\t\t\t\t\t\t\t\t\n\t\t\t\n\t\t\t\t\t<\/div>\n\t<\/div>\n<\/article><!-- #post -->\n\n\n\t\t\t\t\t\n\t\t\t\t\t","status":"no-more-posts","nextPage":"?woo_ajax=1","currentPage":"https:\/\/alepak.com\/tag\/embalaje\/page\/2"}